{"id":24357,"date":"2021-09-25T11:13:42","date_gmt":"2021-09-25T09:13:42","guid":{"rendered":"http:\/\/www.letourismeaparis.fr\/?p=24357"},"modified":"2021-09-25T11:20:08","modified_gmt":"2021-09-25T09:20:08","slug":"au-theatre-du-chatelet-la-pause-dejeuner-en-musique-est-de-retour-les-jeudis","status":"publish","type":"post","link":"http:\/\/www.letourismeaparis.fr\/index.php\/2021\/09\/25\/au-theatre-du-chatelet-la-pause-dejeuner-en-musique-est-de-retour-les-jeudis\/","title":{"rendered":"AU TH\u00c9\u00c2TRE DU CH\u00c2TELET LA PAUSE D\u00c9JEUNER EN MUSIQUE EST DE RETOUR LES JEUDIS"},"content":{"rendered":"\n<div class=\"wp-block-image\"><figure class=\"aligncenter\"><img loading=\"lazy\" decoding=\"async\" width=\"390\" height=\"291\" src=\"http:\/\/www.letourismeaparis.fr\/wp-content\/uploads\/2021\/09\/Capture-d\u2019e\u0301cran-2021-09-25-a\u0300-11.17.06.png\" alt=\"\" class=\"wp-image-24362\" srcset=\"http:\/\/www.letourismeaparis.fr\/wp-content\/uploads\/2021\/09\/Capture-d\u2019e\u0301cran-2021-09-25-a\u0300-11.17.06.png 390w, http:\/\/www.letourismeaparis.fr\/wp-content\/uploads\/2021\/09\/Capture-d\u2019e\u0301cran-2021-09-25-a\u0300-11.17.06-300x224.png 300w\" sizes=\"auto, (max-width: 390px) 100vw, 390px\" \/><\/figure><\/div>\n\n\n\n<p>Ces concerts du midi ont une saveur toute diff\u00e9rente des\ngrandes soir\u00e9es symphoniques. Fruit d&rsquo;une collaboration avec le Th\u00e9\u00e2tre du\nCh\u00e2telet, les d\u00e9jeuners concerts proposent d&rsquo;autres cl\u00e9s d&rsquo;\u00e9coute, d&rsquo;autres\nfa\u00e7ons d&rsquo;appr\u00e9hender la musique et d&rsquo;y prendre plaisir en toute d\u00e9contraction.<\/p>\n\n\n\n<p>Au menu de ces rendez-vous atypiques : deux oeuvres, une\npr\u00e9sentation et une discussion men\u00e9es par un m\u00e9diateur et, \u00e0 la cl\u00e9, la\npossibilit\u00e9 de se familiariser avec la cr\u00e9ation musicale.<\/p>\n\n\n\n<p>Le principe est simple : une oeuvre contemporaine &#8211; souvent\nune cr\u00e9ation &#8211; est jou\u00e9e. Suit un \u00e9change avec le compositeur ou l&rsquo;un des\ninterpr\u00e8tes. Puis l&rsquo;oeuvre est jou\u00e9e \u00e0 nouveau et se r\u00e9v\u00e8le diff\u00e9remment.\n\u00ab\u00a0Souvent on n&rsquo;entend rien, si c&rsquo;est une musique un peu compliqu\u00e9e qu&rsquo;on\n\u00e9coute pour la premi\u00e8re fois. Probablement ce qui fait d\u00e9faut, ce n&rsquo;est pas la\ncompr\u00e9hension, mais la m\u00e9moire.\u00a0\u00bb \u00e9crivait Proust, qui avait quelque peu\nr\u00e9fl\u00e9chi \u00e0 la question.<\/p>\n\n\n\n<p>Rappel aux m\u00e9moires donc, avec une deuxi\u00e8me partie qui\npropose une oeuvre connue du r\u00e9pertoire, en miroir avec la pr\u00e9c\u00e9dente. De quoi\nalimenter les plus vives curiosit\u00e9s, et inscrire un moment de musique au coeur\nde sa journ\u00e9e.<\/p>\n\n\n\n<p>JEUDI 23 SEPTEMBRE &#8211; 12H30<\/p>\n\n\n\n<p>Clara Olivares_2<\/p>\n\n\n\n<p>J-Philippe Rameau\/Clara Olivares<\/p>\n\n\n\n<p>C. OLIVARES : Blue Spine (nouvelle version pour l&rsquo;Orchestre\nde chambre de Paris)<\/p>\n\n\n\n<p>JP. RAMEAU : Suite de Plat\u00e9e<\/p>\n\n\n\n<p>Direction : Lars Vogt<\/p>\n\n\n\n<p>S\u00e9ance r\u00e9serv\u00e9e aux scolaires \u00e0 14h30.<\/p>\n\n\n\n<p>\u00c9coute, \u00e9coute, chacun de ces concerts est \u00e9galement donn\u00e9\nlors d&rsquo;une s\u00e9ance r\u00e9serv\u00e9e aux scolaires dans un but d&rsquo;initiation et d&rsquo;\u00e9veil \u00e0\nl&rsquo;\u00e9coute des formes musicales classiques. Cette s\u00e9rie \u00c9coute, \u00e9coute propose un\nhoraire et une dur\u00e9e de 50 minutes adapt\u00e9s aux classes. Pour les professeurs\ndes \u00e9coles un travail de pr\u00e9paration \u00e0 la venue au concert est facilit\u00e9 par la\nmise \u00e0 disposition d&rsquo;un livret sur l&rsquo;orchestre et de contenus num\u00e9riques\np\u00e9dagogiques.<\/p>\n\n\n\n<p>JEUDI 9 D\u00c9CEMBRE &#8211; 12H30<\/p>\n\n\n\n<p>Bushra El-Turk 3 (c) Ben McDonnell 1000&#215;750<\/p>\n\n\n\n<p>J. Haydn \/Bushra El-Turk<\/p>\n\n\n\n<p>B. EL-TURK : The Incomplete Sky : A concertino for Taegum\n(cr\u00e9ation)<\/p>\n\n\n\n<p>J. HAYDN : Symphonie dite L&rsquo;Ours (1er mouvement)<\/p>\n\n\n\n<p>Direction : Douglas Boyd<\/p>\n\n\n\n<p>Taegum : Hyelim Kim<\/p>\n\n\n\n<p>Prochaines dates<\/p>\n\n\n\n<p>Jeudi 24 mars : Mahler \/ Jamie Man<\/p>\n\n\n\n<p>Jeudi 9 juin : Mozart \/ Aur\u00e9lien Dumont<\/p>\n\n\n\n<p><\/p>\n","protected":false},"excerpt":{"rendered":"<p>Ces concerts du midi ont une saveur toute diff\u00e9rente des grandes soir\u00e9es symphoniques. Fruit d&rsquo;une collaboration avec le Th\u00e9\u00e2tre du Ch\u00e2telet, les d\u00e9jeuners concerts proposent d&rsquo;autres cl\u00e9s d&rsquo;\u00e9coute, d&rsquo;autres fa\u00e7ons d&rsquo;appr\u00e9hender la musique et d&rsquo;y prendre plaisir en toute d\u00e9contraction&#8230;.<\/p>\n","protected":false},"author":2,"featured_media":24362,"comment_status":"open","ping_status":"open","sticky":false,"template":"","format":"standard","meta":{"ngg_post_thumbnail":0,"jetpack_post_was_ever_published":false,"_jetpack_newsletter_access":"","footnotes":""},"categories":[39],"tags":[],"class_list":["post-24357","post","type-post","status-publish","format-standard","has-post-thumbnail","hentry","category-musique"],"jetpack_featured_media_url":"http:\/\/www.letourismeaparis.fr\/wp-content\/uploads\/2021\/09\/Capture-d\u2019e\u0301cran-2021-09-25-a\u0300-11.17.06.png","jetpack-related-posts":[{"id":26013,"url":"http:\/\/www.letourismeaparis.fr\/index.php\/2025\/01\/20\/le-carnaval-des-animaux-au-theatre-du-chatelet-le-24-janvier\/","url_meta":{"origin":24357,"position":0},"title":"LE CARNAVAL DES ANIMAUX au Th\u00e9\u00e2tre du Ch\u00e2telet le 24 janvier.","author":"Fabienne TM","date":"20 janvier 2025","format":false,"excerpt":"ORCHESTRE DE CHAMBRE DE PARIS SATIE Deux pr\u00e9ludes posthumes et une gnossienne Version pour orchestre de chambre de Poulenc ALINE GORISSE Cr\u00e9ation, commande de l\u2019Orchestre de chambre de Paris* POULENC Concerto pour deux pianos en r\u00e9 mineur SAINT-SA\u00cbNS Le Carnaval des animaux - Texte de Francis Blanche PROKOFIEV Symphonie n\u00b0\u2026","rel":"","context":"Dans &quot;Concerts \/ Musique&quot;","block_context":{"text":"Concerts \/ Musique","link":"http:\/\/www.letourismeaparis.fr\/index.php\/category\/culture\/concerts-musique\/"},"img":{"alt_text":"","src":"","width":0,"height":0},"classes":[]},{"id":15624,"url":"http:\/\/www.letourismeaparis.fr\/index.php\/2014\/09\/16\/cine-concerts-au-theatre-du-chatelet-avec-jean-francois-zygel\/","url_meta":{"origin":24357,"position":1},"title":"Cin\u00e9-concerts au th\u00e9atre du Ch\u00e2telet avec Jean-Fran\u00e7ois Zygel","author":"Fabienne TM","date":"16 septembre 2014","format":false,"excerpt":"Vous aimez le cin\u00e9ma ? Vous aimez le fantastique ? Les \u00e9pop\u00e9es l\u00e9gendaires ? Les films de vampires ? Les films d'amour ? venez au Th\u00e9\u00e2tre du Ch\u00e2telet, \u00e0 l'heure du th\u00e9 (17\u00a0heures),\u00a0les dimanches 21 et 28 septembre et le dimanche 19\u00a0octobre ! Faust\u00a0!\u00a0Nosferatu\u00a0!\u00a0L'Aurore\u00a0! Trois titres qui claquent au firmament\u2026","rel":"","context":"Dans &quot;Non class\u00e9&quot;","block_context":{"text":"Non class\u00e9","link":"http:\/\/www.letourismeaparis.fr\/index.php\/category\/non-classe\/"},"img":{"alt_text":"","src":"","width":0,"height":0},"classes":[]},{"id":18683,"url":"http:\/\/www.letourismeaparis.fr\/index.php\/2016\/09\/22\/des-concerts-de-musique-classique-expliquee-aux-enfants-au-college-des-bernardins-le-mercredi\/","url_meta":{"origin":24357,"position":2},"title":"Des concerts de musique classique ,expliqu\u00e9e aux enfants au coll\u00e8ge des Bernardins, le mercredi","author":"Fabienne TM","date":"22 septembre 2016","format":false,"excerpt":"Les \u00ab Concerts du Mercredi \u00bb(\u00e0 partir de 7 ans) de Marianne Vourch sont un rendez-vous incontournable pour la musique, l\u2019histoire des arts, l\u2019histoire des hommes, \u00e0 l\u2019attention du Jeune Public et de leur famille. Chaque \u0153uvre est introduite, replac\u00e9e dans son contexte de cr\u00e9ation artistique et historique. Puis les\u2026","rel":"","context":"Dans &quot;Non class\u00e9&quot;","block_context":{"text":"Non class\u00e9","link":"http:\/\/www.letourismeaparis.fr\/index.php\/category\/non-classe\/"},"img":{"alt_text":"","src":"","width":0,"height":0},"classes":[]},{"id":26577,"url":"http:\/\/www.letourismeaparis.fr\/index.php\/2025\/11\/21\/bach-haydn-et-mozart-au-chatelet\/","url_meta":{"origin":24357,"position":3},"title":"Bach, Haydn et Mozart au Ch\u00e2telet","author":"Fabienne TM","date":"21 novembre 2025","format":false,"excerpt":"Un concert de l'orchestre national de Paris. Lundi 24 novembre \u00e0 20h Ton Koopman place Bach en point de d\u00e9part, avec la Suite n\u00b0 3, dont le magnifique \u00abAir sur la corde de sol\u00bb est l\u2019un des morceaux les plus appr\u00e9ci\u00e9s de l\u2019histoire de la musique. Lui font suite la\u2026","rel":"","context":"Dans &quot;Concerts \/ Musique&quot;","block_context":{"text":"Concerts \/ Musique","link":"http:\/\/www.letourismeaparis.fr\/index.php\/category\/culture\/concerts-musique\/"},"img":{"alt_text":"","src":"","width":0,"height":0},"classes":[]},{"id":9055,"url":"http:\/\/www.letourismeaparis.fr\/index.php\/2010\/11\/19\/concert-tot-concert-tea-au-theatre-du-chatelet-dimanche-a-11h-ou-17-h\/","url_meta":{"origin":24357,"position":4},"title":"Concert T\u00f4t \/ Concert Tea au th\u00e9atre du Ch\u00e2telet  dimanche \u00e0 11h ou 17 h","author":"Fabienne TM","date":"19 novembre 2010","format":false,"excerpt":"Les nouveaux rendez-vous familiaux du dimanche Le Concert T\u00f4t de 11 heures, ou bien le Concert Tea de 17 heures, convie toute la famille \u00e0 se r\u00e9unir autour des \u00e9l\u00e8ves du Conservatoire National Sup\u00e9rieur de Musique et de Danse de Paris, pour d\u00e9couvrir toute la diversit\u00e9 de la sc\u00e8ne du\u2026","rel":"","context":"Dans &quot;Non class\u00e9&quot;","block_context":{"text":"Non class\u00e9","link":"http:\/\/www.letourismeaparis.fr\/index.php\/category\/non-classe\/"},"img":{"alt_text":"","src":"","width":0,"height":0},"classes":[]},{"id":2316,"url":"http:\/\/www.letourismeaparis.fr\/index.php\/2010\/02\/07\/vous-aimez-ravel-venez-ecouter-la-lecon-de-musique-de-jean-francois-zigel\/","url_meta":{"origin":24357,"position":5},"title":"Vous aimez GOUNOD &#8230;.venez \u00e9couter la le\u00e7on de musique de jean Fran\u00e7ois Zigel","author":"Fabienne TM","date":"7 f\u00e9vrier 2010","format":false,"excerpt":"lundi 7 f\u00e9vrier \u00e0 15h et 20 h Jean-Fran\u00e7ois Zygel nous invitera \u00e0 d\u00e9couvrir\"\u00a0 Faust \" au Th\u00e9atre du Ch\u00e2telet lors d'une le\u00e7on de musique.Il est vivement recommand\u00e9 d'arriver en avance pour les personnes n'ayant pas de ticket. Th\u00e9atre du Ch\u00e2telet Place du Ch\u00e2telet Paris -75001 www.chatelet-theatre.com","rel":"","context":"Dans &quot;Non class\u00e9&quot;","block_context":{"text":"Non class\u00e9","link":"http:\/\/www.letourismeaparis.fr\/index.php\/category\/non-classe\/"},"img":{"alt_text":"","src":"","width":0,"height":0},"classes":[]}],"jetpack_sharing_enabled":true,"jetpack_likes_enabled":true,"_links":{"self":[{"href":"http:\/\/www.letourismeaparis.fr\/index.php\/wp-json\/wp\/v2\/posts\/24357","targetHints":{"allow":["GET"]}}],"collection":[{"href":"http:\/\/www.letourismeaparis.fr\/index.php\/wp-json\/wp\/v2\/posts"}],"about":[{"href":"http:\/\/www.letourismeaparis.fr\/index.php\/wp-json\/wp\/v2\/types\/post"}],"author":[{"embeddable":true,"href":"http:\/\/www.letourismeaparis.fr\/index.php\/wp-json\/wp\/v2\/users\/2"}],"replies":[{"embeddable":true,"href":"http:\/\/www.letourismeaparis.fr\/index.php\/wp-json\/wp\/v2\/comments?post=24357"}],"version-history":[{"count":3,"href":"http:\/\/www.letourismeaparis.fr\/index.php\/wp-json\/wp\/v2\/posts\/24357\/revisions"}],"predecessor-version":[{"id":24363,"href":"http:\/\/www.letourismeaparis.fr\/index.php\/wp-json\/wp\/v2\/posts\/24357\/revisions\/24363"}],"wp:featuredmedia":[{"embeddable":true,"href":"http:\/\/www.letourismeaparis.fr\/index.php\/wp-json\/wp\/v2\/media\/24362"}],"wp:attachment":[{"href":"http:\/\/www.letourismeaparis.fr\/index.php\/wp-json\/wp\/v2\/media?parent=24357"}],"wp:term":[{"taxonomy":"category","embeddable":true,"href":"http:\/\/www.letourismeaparis.fr\/index.php\/wp-json\/wp\/v2\/categories?post=24357"},{"taxonomy":"post_tag","embeddable":true,"href":"http:\/\/www.letourismeaparis.fr\/index.php\/wp-json\/wp\/v2\/tags?post=24357"}],"curies":[{"name":"wp","href":"https:\/\/api.w.org\/{rel}","templated":true}]}}