{"id":24407,"date":"2021-10-28T15:37:02","date_gmt":"2021-10-28T13:37:02","guid":{"rendered":"http:\/\/www.letourismeaparis.fr\/?p=24407"},"modified":"2021-10-28T15:38:55","modified_gmt":"2021-10-28T13:38:55","slug":"une-experience-sensorielle-autour-des-fruits-et-legumes-frais","status":"publish","type":"post","link":"http:\/\/www.letourismeaparis.fr\/index.php\/2021\/10\/28\/une-experience-sensorielle-autour-des-fruits-et-legumes-frais\/","title":{"rendered":"Une exp\u00e9rience sensorielle autour des fruits et l\u00e9gumes frais !"},"content":{"rendered":"\n<p><strong>Le Jardin Extraordinaire\nde Frutti et Veggi <\/strong><strong> dans 5 villes de France<\/strong><\/p>\n\n\n\n<p>D\u00e8s l\u2019automne 2021, Interfel, l\u2019Interprofession des fruits et l\u00e9gumes frais, inaugure sa tourn\u00e9e des cinq sens dans le cadre du nouveau programme <strong>\u00ab&nbsp;European Fraich\u2019Force&nbsp;\u00bb<\/strong>, co-financ\u00e9 par l\u2019Union europ\u00e9enne et lanc\u00e9 en mai dernier. <\/p>\n\n\n\n<div class=\"wp-block-image\"><figure class=\"aligncenter\"><img loading=\"lazy\" decoding=\"async\" width=\"285\" height=\"383\" src=\"http:\/\/www.letourismeaparis.fr\/wp-content\/uploads\/2021\/10\/Capture-d\u2019e\u0301cran-2021-10-28-a\u0300-15.13.51.png\" alt=\"\" class=\"wp-image-24409\" srcset=\"http:\/\/www.letourismeaparis.fr\/wp-content\/uploads\/2021\/10\/Capture-d\u2019e\u0301cran-2021-10-28-a\u0300-15.13.51.png 285w, http:\/\/www.letourismeaparis.fr\/wp-content\/uploads\/2021\/10\/Capture-d\u2019e\u0301cran-2021-10-28-a\u0300-15.13.51-223x300.png 223w\" sizes=\"auto, (max-width: 285px) 100vw, 285px\" \/><\/figure><\/div>\n\n\n\n<p>Petits et grands gourmands seront invit\u00e9s \u00e0 s\u2019immerger dans le Jardin Extraordinaire de Frutti et Veggi. Pour cette premi\u00e8re \u00e9dition  les deux c\u00e9l\u00e8bres mascottes poseront leurs valises dans cinq villes fran\u00e7aises et proposeront une exp\u00e9rience immersive et sensorielle aux familles \u00e0 travers diff\u00e9rentes animations, pour d\u00e9couvrir autrement les fruits et l\u00e9gumes frais. <\/p>\n\n\n\n<hr class=\"wp-block-separator\"\/>\n\n\n\n<p><strong>Le Jardin Extraordinaire de Frutti et\nVeggi&nbsp;: lancement de la tourn\u00e9e fran\u00e7aise&nbsp;!<\/strong><\/p>\n\n\n\n\n\n<p>Partir \u00e0 la rencontre des parents et des enfants et leur faire (re)d\u00e9couvrir les fruits et l\u00e9gumes frais de mani\u00e8re plus ludique, tel est l\u2019objectif de cette tourn\u00e9e. <\/p>\n\n\n\n<p>Pour cette premi\u00e8re \u00e9dition, Frutti et Veggi poseront leurs valises pendant 4 jours <strong>de 10h \u00e0 18h<\/strong> dans <strong>cinq villes fran\u00e7aises inexplor\u00e9es<\/strong>, \u00e0 la rencontre de nouvelles familles\u00a0! <a>Ce sont les <strong>fruits et l\u00e9gumes d\u2019automne<\/strong> qui seront en premier mis \u00e0 l\u2019honneur pendant ces cinq semaines\u00a0: <strong>pomme, poire, raisin, figue, poireau, fenouil\u2026<\/strong> Un festival de couleurs et de saveurs pour trouver toutes les bonnes id\u00e9es pour les choisir et les cuisiner\u00a0! <\/a><\/p>\n\n\n\n<p>du 4 au 7 novembre \u00e0 Paris 75001<\/p>\n\n\n\n<p>All\u00e9e Jules Supervielle , en face de l&rsquo;Eglise Saint Eustache<\/p>\n\n\n\n<hr class=\"wp-block-separator\"\/>\n\n\n\n<p><strong>Un parcours sensoriel&nbsp;pour\nexplorer les fruits et l\u00e9gumes frais&nbsp;!<\/strong><\/p>\n\n\n\n<p><strong>Le\njardin Extraordinaire de Frutti et Veggi <\/strong>consiste en un parcours d&rsquo;animations imagin\u00e9es\npour plonger petits et grands au c\u0153ur des fruits et l\u00e9gumes frais, gr\u00e2ce \u00e0 une\nexp\u00e9rience immersive bas\u00e9e sur les cinq sens.Les enfants et leurs parents\npourront rencontrer Frutti et Veggi et participer \u00e0 diff\u00e9rentes animations\nludiques et originales. Le tout dans une ambiance v\u00e9g\u00e9tale et color\u00e9e, peupl\u00e9e\nde fruits et l\u00e9gumes g\u00e9ants&nbsp;! La vue, l\u2019ou\u00efe, le toucher, l\u2019odorat et bien\ns\u00fbr le go\u00fbt seront sollicit\u00e9s pour s\u2019immerger dans l\u2019univers de la\nFraich\u2019Force. <\/p>\n","protected":false},"excerpt":{"rendered":"<p>Le Jardin Extraordinaire de Frutti et Veggi dans 5 villes de France D\u00e8s l\u2019automne 2021, Interfel, l\u2019Interprofession des fruits et l\u00e9gumes frais, inaugure sa tourn\u00e9e des cinq sens dans le cadre du nouveau programme \u00ab&nbsp;European Fraich\u2019Force&nbsp;\u00bb, co-financ\u00e9 par l\u2019Union europ\u00e9enne&#8230;<\/p>\n","protected":false},"author":2,"featured_media":24408,"comment_status":"open","ping_status":"open","sticky":false,"template":"","format":"standard","meta":{"ngg_post_thumbnail":0,"jetpack_post_was_ever_published":false,"_jetpack_newsletter_access":"","footnotes":""},"categories":[28,52],"tags":[],"class_list":["post-24407","post","type-post","status-publish","format-standard","has-post-thumbnail","hentry","category-familles","category-vacances-scolaires"],"jetpack_featured_media_url":"http:\/\/www.letourismeaparis.fr\/wp-content\/uploads\/2021\/10\/Capture-d\u2019e\u0301cran-2021-10-28-a\u0300-15.23.04.png","jetpack-related-posts":[{"id":18144,"url":"http:\/\/www.letourismeaparis.fr\/index.php\/2016\/04\/21\/les-splendides-jardins-dorient-a-lima\/","url_meta":{"origin":24407,"position":0},"title":"Les splendides jardins d&#039;Orient \u00e0 L&#039;IMA","author":"Fabienne TM","date":"21 avril 2016","format":false,"excerpt":"Saviez-vous que la tulipe, bien avant de devenir un embl\u00e8me des Pays-Bas, \u00e9tait celui des sultans ottomans\u00a0? Que le parc public est une innovation r\u00e9cente en Orient\u00a0? Et qu\u2019il est aujourd\u2019hui \u00e0 la pointe des projets de d\u00e9veloppement durable de m\u00e9galopoles du monde arabe\u00a0?\u00a0Saviez-vous que dans une des anciennes langues\u2026","rel":"","context":"Dans &quot;Jardins \/ Plein air&quot;","block_context":{"text":"Jardins \/ Plein air","link":"http:\/\/www.letourismeaparis.fr\/index.php\/category\/jardins\/"},"img":{"alt_text":"","src":"","width":0,"height":0},"classes":[]},{"id":16306,"url":"http:\/\/www.letourismeaparis.fr\/index.php\/2015\/02\/12\/mille-et-une-orchidees-dasie-dans-les-grandes-serres-du-jardin-des-plantes-partir-du-12-fevrier\/","url_meta":{"origin":24407,"position":1},"title":"MILLE ET UNE ORCHID\u00c9ES D\u2019ASIE dans les grandes serres du jardin des plantes \u00e0 partir du 12 f\u00e9vrier","author":"Fabienne TM","date":"12 f\u00e9vrier 2015","format":false,"excerpt":"MILLE ET UNE ORCHID\u00c9ES D\u2019ASIE L\u2019Asie h\u00e9berge, dans ses mangroves, ses for\u00eats de mousson, ses falaises calcaires ou sur les pentes de l\u2019Himalaya, plus de 7\u00a0000 esp\u00e8ces d\u2019orchid\u00e9es. Parmi les 22\u00a0000 esp\u00e8ces de la famille, le Mus\u00e9um en d\u00e9tient 600\u00a0: une collection initi\u00e9e d\u00e8s le XIXe\u00a0si\u00e8cle avec les voyages naturalistes\u2026","rel":"","context":"Dans &quot;Jardins \/ Plein air&quot;","block_context":{"text":"Jardins \/ Plein air","link":"http:\/\/www.letourismeaparis.fr\/index.php\/category\/jardins\/"},"img":{"alt_text":"","src":"https:\/\/i0.wp.com\/www.letourismeaparis.fr\/wp-content\/uploads\/2015\/02\/aff-orchidees-2015-452x-200x300.jpg?resize=350%2C200","width":350,"height":200},"classes":[]},{"id":18348,"url":"http:\/\/www.letourismeaparis.fr\/index.php\/2016\/08\/23\/la-nuit-aux-invalides-placee-sous-le-signe-du-centenaire-du-14-juin-au-24-aout\/","url_meta":{"origin":24407,"position":2},"title":"&quot; La Nuit aux Invalides&quot;  jusqu&#039;au 27 ao\u00fbt.","author":"Fabienne TM","date":"23 ao\u00fbt 2016","format":false,"excerpt":"LA NUIT AUX INVALIDES LE spectacle de l'\u00e9t\u00e9 \u00a0 UNE EXP\u00c9RIENCE SENSORIELLE \u2028\u00c0 COUPER\u2028 LE SOUFFLE De la Gaule au Moyen \u00c2ge, du Grand Si\u00e8cle aux grands r\u00e9sistants, un tourbillon d\u2019images, de musique et d\u2019histoire racont\u00e9e par des voix c\u00e9l\u00e8bres nous immerge dans un pass\u00e9 de gloire et d\u2019ombre, pour\u2026","rel":"","context":"Dans &quot;Familles&quot;","block_context":{"text":"Familles","link":"http:\/\/www.letourismeaparis.fr\/index.php\/category\/familles\/"},"img":{"alt_text":"","src":"","width":0,"height":0},"classes":[]},{"id":23336,"url":"http:\/\/www.letourismeaparis.fr\/index.php\/2019\/06\/12\/fete-des-fruits-et-legumes-frais-du-14-au-23-juin\/","url_meta":{"origin":24407,"position":3},"title":"F\u00eate des fruits et l\u00e9gumes frais du 14 au 23 juin","author":"Fabienne TM","date":"12 juin 2019","format":false,"excerpt":"Top d\u00e9part de la F\u00eate des fruits et l\u00e9gumes frais le mercredi 12 juin au Parc des Buttes-Chaumont ! Du 14 au 23 juin, c\u2019est la F\u00eate des fruits et l\u00e9gumes frais partout en France ! Rendezvous pour le top d\u00e9part de l\u2019\u00e9v\u00e9nement le mercredi 12 juin : Interfel, l\u2019Interprofession\u2026","rel":"","context":"Dans &quot;Non class\u00e9&quot;","block_context":{"text":"Non class\u00e9","link":"http:\/\/www.letourismeaparis.fr\/index.php\/category\/non-classe\/"},"img":{"alt_text":"","src":"","width":0,"height":0},"classes":[]},{"id":25882,"url":"http:\/\/www.letourismeaparis.fr\/index.php\/2024\/11\/07\/la-saga-des-grands-magasins-jusquau-6-avril\/","url_meta":{"origin":24407,"position":4},"title":"La Saga des grands magasins jusqu\u2019au 6 avril","author":"Fabienne TM","date":"7 novembre 2024","format":false,"excerpt":"De 1850 \u00e0 nos jours Une Exposition innovante et immersive. Cette exposition in\u00e9dite vous plonge dans l\u2019ambiance des grands magasins \u00e0 travers une sc\u00e9nographie immersive, recr\u00e9ant l\u2019exp\u00e9rience sensorielle et attractive de ces temples de la consommation. \u00a0Elle pr\u00e9sente un panorama mondial de leurs architectures monumentales, avec des collections encore jamais\u2026","rel":"","context":"Dans &quot;Non class\u00e9&quot;","block_context":{"text":"Non class\u00e9","link":"http:\/\/www.letourismeaparis.fr\/index.php\/category\/non-classe\/"},"img":{"alt_text":"","src":"https:\/\/i0.wp.com\/www.letourismeaparis.fr\/wp-content\/uploads\/2024\/11\/Capture-decran-2024-11-07-a-12.36.59.png?resize=350%2C200","width":350,"height":200,"srcset":"https:\/\/i0.wp.com\/www.letourismeaparis.fr\/wp-content\/uploads\/2024\/11\/Capture-decran-2024-11-07-a-12.36.59.png?resize=350%2C200 1x, https:\/\/i0.wp.com\/www.letourismeaparis.fr\/wp-content\/uploads\/2024\/11\/Capture-decran-2024-11-07-a-12.36.59.png?resize=525%2C300 1.5x"},"classes":[]},{"id":26230,"url":"http:\/\/www.letourismeaparis.fr\/index.php\/2025\/06\/20\/transparence-une-exposition-qui-plaira-aux-enfants-de-2-a-12-ans\/","url_meta":{"origin":24407,"position":5},"title":"Transparence , une exposition qui plaira aux enfants de 2 \u00e0 12 ans","author":"Fabienne TM","date":"20 juin 2025","format":false,"excerpt":"Palais des enfants (Grand Palais) jusqu'au 29 ao\u00fbt 2027 Un parcours ludique et sensoriel \u00e0 vivre en famille, o\u00f9 \u0153uvres artistiques et exp\u00e9riences scientifiques jouent avec la lumi\u00e8re pour \u00e9veiller la curiosit\u00e9 et l\u2019\u00e9merveillement des plus jeunes. Enfants et accompagnants exp\u00e9rimentent les multiples nuances de la transparence; Petits et grands\u2026","rel":"","context":"Dans &quot;Familles&quot;","block_context":{"text":"Familles","link":"http:\/\/www.letourismeaparis.fr\/index.php\/category\/familles\/"},"img":{"alt_text":"","src":"https:\/\/i0.wp.com\/www.letourismeaparis.fr\/wp-content\/uploads\/2025\/06\/Capture-decran-2025-06-20-a-14.21.24.png?resize=350%2C200","width":350,"height":200},"classes":[]}],"jetpack_sharing_enabled":true,"jetpack_likes_enabled":true,"_links":{"self":[{"href":"http:\/\/www.letourismeaparis.fr\/index.php\/wp-json\/wp\/v2\/posts\/24407","targetHints":{"allow":["GET"]}}],"collection":[{"href":"http:\/\/www.letourismeaparis.fr\/index.php\/wp-json\/wp\/v2\/posts"}],"about":[{"href":"http:\/\/www.letourismeaparis.fr\/index.php\/wp-json\/wp\/v2\/types\/post"}],"author":[{"embeddable":true,"href":"http:\/\/www.letourismeaparis.fr\/index.php\/wp-json\/wp\/v2\/users\/2"}],"replies":[{"embeddable":true,"href":"http:\/\/www.letourismeaparis.fr\/index.php\/wp-json\/wp\/v2\/comments?post=24407"}],"version-history":[{"count":3,"href":"http:\/\/www.letourismeaparis.fr\/index.php\/wp-json\/wp\/v2\/posts\/24407\/revisions"}],"predecessor-version":[{"id":24413,"href":"http:\/\/www.letourismeaparis.fr\/index.php\/wp-json\/wp\/v2\/posts\/24407\/revisions\/24413"}],"wp:featuredmedia":[{"embeddable":true,"href":"http:\/\/www.letourismeaparis.fr\/index.php\/wp-json\/wp\/v2\/media\/24408"}],"wp:attachment":[{"href":"http:\/\/www.letourismeaparis.fr\/index.php\/wp-json\/wp\/v2\/media?parent=24407"}],"wp:term":[{"taxonomy":"category","embeddable":true,"href":"http:\/\/www.letourismeaparis.fr\/index.php\/wp-json\/wp\/v2\/categories?post=24407"},{"taxonomy":"post_tag","embeddable":true,"href":"http:\/\/www.letourismeaparis.fr\/index.php\/wp-json\/wp\/v2\/tags?post=24407"}],"curies":[{"name":"wp","href":"https:\/\/api.w.org\/{rel}","templated":true}]}}