{"id":24419,"date":"2021-11-02T17:11:11","date_gmt":"2021-11-02T16:11:11","guid":{"rendered":"http:\/\/www.letourismeaparis.fr\/?p=24419"},"modified":"2021-11-02T17:11:14","modified_gmt":"2021-11-02T16:11:14","slug":"sinsemilia-a-la-cigale","status":"publish","type":"post","link":"http:\/\/www.letourismeaparis.fr\/index.php\/2021\/11\/02\/sinsemilia-a-la-cigale\/","title":{"rendered":"SINSEMILIA \u00e0 la Cigale"},"content":{"rendered":"\n<h2 class=\"wp-block-heading\">ConcertReggae \/ Ragga \/ Dub<\/h2>\n\n\n\n<h1 class=\"wp-block-heading\"><\/h1>\n\n\n\n<p>Vendredi 12 Novembre 2021 &#8211; 19h30La Cigale\u00a075018 PARIS<\/p>\n\n\n\n<p>30 ans de concerts \u00e7a se f\u00eate !<br>Pour Sinsemilia un tel anniversaire ne pouvait se faire que sur sc\u00e8ne !<\/p>\n\n\n\n<div class=\"wp-block-image\"><figure class=\"aligncenter\"><img loading=\"lazy\" decoding=\"async\" width=\"114\" height=\"114\" src=\"http:\/\/www.letourismeaparis.fr\/wp-content\/uploads\/2021\/11\/Capture-d\u2019e\u0301cran-2021-11-02-a\u0300-16.57.11.png\" alt=\"\" class=\"wp-image-24420\"\/><\/figure><\/div>\n\n\n\n<hr class=\"wp-block-separator\"\/>\n\n\n\n<table class=\"wp-block-table\"><tbody><tr><td><\/td><\/tr><\/tbody><\/table>\n\n\n\n<p>En 30 ans de carri\u00e8re, SINS\u00c9MILIA n\u2019aura jamais permis la\nmoindre concession sur sa mani\u00e8re vivre, de travailler, sur sa mani\u00e8re de voir\net de faire la musique. Avec des albums qui sont aujourd\u2019hui des classiques du\nreggae fran\u00e7ais, et un succ\u00e8s ultra populaire comme \u00ab Tout le Bonheur du Monde\n\u00bb (double disque d\u2019or pour l\u2019album et platine pour le single), les grenoblois\nsont arriv\u00e9s l\u00e0 o\u00f9 personne ne l\u2019aurait imagin\u00e9. Pour la premi\u00e8re fois, le\nreggae est relay\u00e9 par des m\u00e9dias g\u00e9n\u00e9ralistes, pour la premi\u00e8re fois, il\nr\u00e9sonne sur les ondes nationales.<\/p>\n\n\n\n<p><br><\/p>\n\n\n\n<p>Depuis 3 d\u00e9cennies SINS\u00c9MILIA s\u2019est forg\u00e9 une r\u00e9putation\nsc\u00e9nique hors pairs conjuguant les couleurs du reggae et leurs cultures\nmusicales personnelles diverses. Le public n\u2019assiste plus \u00e0 un simple concert,\nmais \u00e0 un v\u00e9ritable spectacle o\u00f9 chacun tient son r\u00f4le, au-del\u00e0 de sa\npartition. Apr\u00e8s toutes ces ann\u00e9es \u00e0 jouer ensemble la force musicale du\ncollectif atteint un niveau que les seules aptitudes techniques individuelles\nne peuvent expliquer. \u00ab Le meilleur jeu de sc\u00e8ne qu\u2019on ait vu sur ce plateau \u00bb,\ndisait d\u00e9j\u00e0 \u00e0 leur sujet un animateur de Canal + apr\u00e8s leur passage dans\nl\u2019\u00e9mission culte Nulle Part Ailleurs dans les ann\u00e9es 2000.<\/p>\n\n\n\n<hr class=\"wp-block-separator\"\/>\n\n\n\n<p>SINS\u00c9MILIA c\u2019est avant tout un collectif, une aventure\nhumaine nourrie d\u2019\u00e9changes, de musique et d\u2019engagement. La passion est encore\net toujours au coeur du projet, et c\u2019est certainement la raison pour laquelle,\n30 ans plus tard, le groupe est encore l\u00e0. Un nouvel album retrace ces 30 ans\nde musique, il est disponible sur toutes les plateformes et \u00e0 d\u00e9couvrir en live\nsur les sc\u00e8nes de France.<\/p>\n\n\n\n<p><a href=\"https:\/\/www.youtube.com\/channel\/UCXlfrj24MqDRY47-8mDtE2w\">https:\/\/www.youtube.com\/channel\/UCXlfrj24MqDRY47-8mDtE2w<\/a><\/p>\n\n\n\n<table class=\"wp-block-table\"><tbody><tr><td>\u00a0120 Blvd Marguerite de Rochechouart, 75018 Paris<\/td><\/tr><\/tbody><\/table>\n\n\n\n<table class=\"wp-block-table\"><tbody><tr><td><\/td><\/tr><\/tbody><\/table>\n\n\n\n<table class=\"wp-block-table alignright\"><tbody><tr><td><\/td><\/tr><\/tbody><\/table>\n\n\n\n<hr class=\"wp-block-separator\"\/>\n","protected":false},"excerpt":{"rendered":"<p>ConcertReggae \/ Ragga \/ Dub Vendredi 12 Novembre 2021 &#8211; 19h30La Cigale\u00a075018 PARIS 30 ans de concerts \u00e7a se f\u00eate !Pour Sinsemilia un tel anniversaire ne pouvait se faire que sur sc\u00e8ne ! En 30 ans de carri\u00e8re, SINS\u00c9MILIA n\u2019aura&#8230;<\/p>\n","protected":false},"author":2,"featured_media":24420,"comment_status":"open","ping_status":"open","sticky":false,"template":"","format":"standard","meta":{"ngg_post_thumbnail":0,"jetpack_post_was_ever_published":false,"_jetpack_newsletter_access":"","footnotes":""},"categories":[1],"tags":[],"class_list":["post-24419","post","type-post","status-publish","format-standard","has-post-thumbnail","hentry","category-non-classe"],"jetpack_featured_media_url":"http:\/\/www.letourismeaparis.fr\/wp-content\/uploads\/2021\/11\/Capture-d\u2019e\u0301cran-2021-11-02-a\u0300-16.57.11.png","jetpack-related-posts":[{"id":3202,"url":"http:\/\/www.letourismeaparis.fr\/index.php\/2009\/06\/09\/la-symphonie-des-carpathes-a-la-cigale-invitations-a-gagner\/","url_meta":{"origin":24419,"position":0},"title":"La symphonie des Carpathes \u00e0 LA CIGALE (invitations \u00e0 gagner)","author":"Fabienne TM","date":"9 juin 2009","format":false,"excerpt":"Iurie\u00a0 Bors Orchestra (Moldavie) En concert les 15 et 16 juin 2009 .De la pop \u00e0 la tradition, la symphonie des carpathes..30 Places \u00e0 gagner par soir en envoyant un mail, notamment par iphone 3GS, \u00e0 cette adresse: damien@lollypopcommunication.com Iurie Bors, m\u00e9c\u00e8ne moldave soutient des artistes depuis de longues ann\u00e9es\u2026","rel":"","context":"Dans &quot;Non class\u00e9&quot;","block_context":{"text":"Non class\u00e9","link":"http:\/\/www.letourismeaparis.fr\/index.php\/category\/non-classe\/"},"img":{"alt_text":"","src":"","width":0,"height":0},"classes":[]},{"id":3276,"url":"http:\/\/www.letourismeaparis.fr\/index.php\/2009\/06\/15\/concert-des-carpathes-lundi-15-et-mardi-16-juin-a-la-cigale-invitations\/","url_meta":{"origin":24419,"position":1},"title":"Concert des Carpathes mardi  16 juin \u00e0 la Cigale (invitations \u00e0 demander &#8230;)","author":"Fabienne TM","date":"15 juin 2009","format":false,"excerpt":"Une superbe soir\u00e9e\u00a0 et beaucoup de gait\u00e9 avec un r\u00e9pertoire vari\u00e9 .\u00a0 A\u00a0 VOIR ET ENTENDRE ! Iurie\u00a0 Bors Orchestra (Moldavie): de la pop \u00e0 la tradition, la symphonie des Carpathes.. 30 Places \u00e0 gagner par soir en envoyant un mail, notamment par iphone 3GS, \u00e0 cette adresse: damien@lollypopcommunication.com Iurie\u2026","rel":"","context":"Dans &quot;Non class\u00e9&quot;","block_context":{"text":"Non class\u00e9","link":"http:\/\/www.letourismeaparis.fr\/index.php\/category\/non-classe\/"},"img":{"alt_text":"","src":"","width":0,"height":0},"classes":[]},{"id":4813,"url":"http:\/\/www.letourismeaparis.fr\/index.php\/2009\/10\/28\/la-cigale-et-la-musique-yiddish\/","url_meta":{"origin":24419,"position":2},"title":"La Cigale et la musique Yiddish","author":"Fabienne TM","date":"28 octobre 2009","format":false,"excerpt":"Un superbe spectacle \"du shtetl \u00e0 New york \"vous attend pour quelques jour \u00e0 la cigale avec Sirba Octet et Isabelle Georges .une formidable \u00e9pop\u00e9e du Klezmer \u00e0 l'\u00e2ge d'or de la com\u00e9die musicale. 28,31, octobre et 1er novembre \u00e0 20 h. 120bvd Rochechouart\u00a0 Paris 75018 http:\/\/www.sirbaoctet.com","rel":"","context":"Dans &quot;Non class\u00e9&quot;","block_context":{"text":"Non class\u00e9","link":"http:\/\/www.letourismeaparis.fr\/index.php\/category\/non-classe\/"},"img":{"alt_text":"","src":"https:\/\/i0.wp.com\/www.letourismeaparis.fr\/wp-content\/uploads\/2009\/10\/sap%C3%83%C2%A9e-concert-la-cigale-056-300x225.jpg?resize=350%2C200","width":350,"height":200},"classes":[]},{"id":13862,"url":"http:\/\/www.letourismeaparis.fr\/index.php\/2013\/09\/11\/le-misanthrope-de-moliere-a-la-cigale-un-grand-classique-des-textes-immuables\/","url_meta":{"origin":24419,"position":3},"title":"Le Misanthrope de Moli\u00e8re \u00e0 La cigale : un grand classique , des textes  immuables&#8230;.de bons com\u00e9diens &#8230;.","author":"Fabienne TM","date":"11 septembre 2013","format":false,"excerpt":"Alceste et C\u00e9lim\u00e8ne. L\u2019Homme face \u00e0 l\u2019Eternel f\u00e9minin.Elle n\u2019est que l\u00e9g\u00e8ret\u00e9, il n\u2019est qu\u2019exigence. Elle se veut libre, il est jaloux.Dans une pi\u00e8ce \u00e0 la construction aussi parfaite qu\u2019un jardin \u00e0 la \u00a0\u00a0fran\u00e7aise, Moli\u00e8re confronte deux vues oppos\u00e9es sur l\u2019amour, qui conduiront Alceste \u00e0 repousser C\u00e9lim\u00e8ne. Deviendra-t\u2019elle La Misanthrope\u00a0? 120,\u2026","rel":"","context":"Dans &quot;Th\u00e9atre&quot;","block_context":{"text":"Th\u00e9atre","link":"http:\/\/www.letourismeaparis.fr\/index.php\/category\/spectacle\/theatre\/"},"img":{"alt_text":"Affiche-Misanthrope-623x300","src":"https:\/\/i0.wp.com\/www.letourismeaparis.fr\/wp-content\/uploads\/2013\/09\/Affiche-Misanthrope-623x300.jpg?resize=350%2C200","width":350,"height":200,"srcset":"https:\/\/i0.wp.com\/www.letourismeaparis.fr\/wp-content\/uploads\/2013\/09\/Affiche-Misanthrope-623x300.jpg?resize=350%2C200 1x, https:\/\/i0.wp.com\/www.letourismeaparis.fr\/wp-content\/uploads\/2013\/09\/Affiche-Misanthrope-623x300.jpg?resize=525%2C300 1.5x"},"classes":[]},{"id":15795,"url":"http:\/\/www.letourismeaparis.fr\/index.php\/2014\/10\/08\/pole-dance-la-cigale-le-24-octobre\/","url_meta":{"origin":24419,"position":4},"title":"Pole Dance ,\u00e0&quot; la Cigale&quot;, le 24 octobre","author":"Fabienne TM","date":"8 octobre 2014","format":false,"excerpt":"\u00a0 La Pole Dance est une discipline gymnique : un m\u00e9lange de danse et d\u2019acrobatie sur et autour d\u2019une\u00a0barre m\u00e9tallique verticale,c\u2019est une activit\u00e9 extr\u00eamement physique, qui exige\u00a0une force et une souplesse son caract\u00e8re a\u00e9rien la rend tr\u00e8s spectaculaire ;\u00a0des \u00e9coles et des comp\u00e9titions voient le jour un peu\u00a0partout dans le\u2026","rel":"","context":"Dans &quot;Danse&quot;","block_context":{"text":"Danse","link":"http:\/\/www.letourismeaparis.fr\/index.php\/category\/spectacle\/danse\/"},"img":{"alt_text":"","src":"https:\/\/i0.wp.com\/www.letourismeaparis.fr\/wp-content\/uploads\/2014\/10\/pole-dance-paris-200x300.jpg?resize=350%2C200","width":350,"height":200},"classes":[]},{"id":5281,"url":"http:\/\/www.letourismeaparis.fr\/index.php\/2009\/11\/18\/fete-de-la-science-les-animaux-musiciens-17-au-22-novembre-2009-au-musee-des-arts-et-metiers\/","url_meta":{"origin":24419,"position":5},"title":"F\u00eate de la science, les animaux musiciens, jusqu&#039;au 22 novembre 2009 au mus\u00e9e des Arts et M\u00e9tiers","author":"Fabienne TM","date":"18 novembre 2009","format":false,"excerpt":"Au-del\u00e0 de l\u2019interpellation par des sons d\u2019animaux dans l\u2019\u00e9glise du Mus\u00e9e des arts et m\u00e9tiers, neuf stations d \u00e9coutes diffuseront des bandes sonores animales (singes, cigales, hy\u00e8nes, morses\u2026) d\u00e9crypt\u00e9es par des scientifiques Autour du pendule de Foucault, des automates , constituent autant de sayn\u00e8tes illustrant le langage animal. des scientifiques\u2026","rel":"","context":"Dans &quot;Non class\u00e9&quot;","block_context":{"text":"Non class\u00e9","link":"http:\/\/www.letourismeaparis.fr\/index.php\/category\/non-classe\/"},"img":{"alt_text":"","src":"","width":0,"height":0},"classes":[]}],"jetpack_sharing_enabled":true,"jetpack_likes_enabled":true,"_links":{"self":[{"href":"http:\/\/www.letourismeaparis.fr\/index.php\/wp-json\/wp\/v2\/posts\/24419","targetHints":{"allow":["GET"]}}],"collection":[{"href":"http:\/\/www.letourismeaparis.fr\/index.php\/wp-json\/wp\/v2\/posts"}],"about":[{"href":"http:\/\/www.letourismeaparis.fr\/index.php\/wp-json\/wp\/v2\/types\/post"}],"author":[{"embeddable":true,"href":"http:\/\/www.letourismeaparis.fr\/index.php\/wp-json\/wp\/v2\/users\/2"}],"replies":[{"embeddable":true,"href":"http:\/\/www.letourismeaparis.fr\/index.php\/wp-json\/wp\/v2\/comments?post=24419"}],"version-history":[{"count":1,"href":"http:\/\/www.letourismeaparis.fr\/index.php\/wp-json\/wp\/v2\/posts\/24419\/revisions"}],"predecessor-version":[{"id":24421,"href":"http:\/\/www.letourismeaparis.fr\/index.php\/wp-json\/wp\/v2\/posts\/24419\/revisions\/24421"}],"wp:featuredmedia":[{"embeddable":true,"href":"http:\/\/www.letourismeaparis.fr\/index.php\/wp-json\/wp\/v2\/media\/24420"}],"wp:attachment":[{"href":"http:\/\/www.letourismeaparis.fr\/index.php\/wp-json\/wp\/v2\/media?parent=24419"}],"wp:term":[{"taxonomy":"category","embeddable":true,"href":"http:\/\/www.letourismeaparis.fr\/index.php\/wp-json\/wp\/v2\/categories?post=24419"},{"taxonomy":"post_tag","embeddable":true,"href":"http:\/\/www.letourismeaparis.fr\/index.php\/wp-json\/wp\/v2\/tags?post=24419"}],"curies":[{"name":"wp","href":"https:\/\/api.w.org\/{rel}","templated":true}]}}