{"id":24455,"date":"2021-11-25T20:12:45","date_gmt":"2021-11-25T19:12:45","guid":{"rendered":"http:\/\/www.letourismeaparis.fr\/?p=24455"},"modified":"2021-11-25T20:59:15","modified_gmt":"2021-11-25T19:59:15","slug":"la-biennale-au-grand-palais-ephemere","status":"publish","type":"post","link":"http:\/\/www.letourismeaparis.fr\/index.php\/2021\/11\/25\/la-biennale-au-grand-palais-ephemere\/","title":{"rendered":"LA BIENNALE au Grand Palais \u00e9ph\u00e9m\u00e8re"},"content":{"rendered":"\n<p>sign\u00e9 par Jean- Michel Wilmotte<\/p>\n\n\n\n<p>La Biennale est l&rsquo;un des plus prestigieux \u00e9v\u00e9nements\nartistiques au monde, rassemblant les plus grands marchands d\u2019art, d\u2019antiquit\u00e9\net de design, joailliers, horlogers et collectionneurs internationaux dans la\nnef du Grand Palais \u00c9ph\u00e9m\u00e8re.<\/p>\n\n\n\n<p>On notera tout particuli\u00e8rement la galerie Claude Bernard \u00a0exposant Goudji .(cf le voeu du faisan)<\/p>\n\n\n\n\n\n<p>Cette exposition annuelle, organis\u00e9e par d&rsquo;\u00e9minents\nmarchands d&rsquo;art et d&rsquo;antiquit\u00e9s, dans ce qui est la capitale incontest\u00e9e de la\nprofession, La Biennale pr\u00e9sente des \u0153uvres de qualit\u00e9 mus\u00e9ale couvrant 6 000\nans d&rsquo;art de tous les continents et de toutes les disciplines, notamment\nl&rsquo;arch\u00e9ologie, la peinture, le textile, la sculpture, la c\u00e9ramique,&nbsp; les arts d\u00e9coratifs et horlogers<\/p>\n\n\n\n<div class=\"wp-block-image\"><figure class=\"aligncenter is-resized\"><img loading=\"lazy\" decoding=\"async\" src=\"http:\/\/www.letourismeaparis.fr\/wp-content\/uploads\/2021\/11\/Capture-d\u2019e\u0301cran-2021-11-25-a\u0300-19.36.58-2.png\" alt=\"\" class=\"wp-image-24457\" width=\"188\" height=\"186\" srcset=\"http:\/\/www.letourismeaparis.fr\/wp-content\/uploads\/2021\/11\/Capture-d\u2019e\u0301cran-2021-11-25-a\u0300-19.36.58-2.png 523w, http:\/\/www.letourismeaparis.fr\/wp-content\/uploads\/2021\/11\/Capture-d\u2019e\u0301cran-2021-11-25-a\u0300-19.36.58-2-300x297.png 300w\" sizes=\"auto, (max-width: 188px) 100vw, 188px\" \/><figcaption>l&rsquo;arche de Goudji<\/figcaption><\/figure><\/div>\n\n\n\n<p>Du 26 novembre 2021 au 5 d\u00e9cembre 2021<\/p>\n\n\n\n<p>Grand Palais \u00e9ph\u00e9m\u00e8re<\/p>\n\n\n\n<p>2 All\u00e9e Adrienne Lecouvreur<\/p>\n\n\n\n<p>75007 Paris 7<\/p>\n\n\n\n<p>www.labiennaleparis.com<\/p>\n","protected":false},"excerpt":{"rendered":"<p>sign\u00e9 par Jean- Michel Wilmotte La Biennale est l&rsquo;un des plus prestigieux \u00e9v\u00e9nements artistiques au monde, rassemblant les plus grands marchands d\u2019art, d\u2019antiquit\u00e9 et de design, joailliers, horlogers et collectionneurs internationaux dans la nef du Grand Palais \u00c9ph\u00e9m\u00e8re. On notera&#8230;<\/p>\n","protected":false},"author":2,"featured_media":24456,"comment_status":"open","ping_status":"open","sticky":false,"template":"","format":"standard","meta":{"ngg_post_thumbnail":0,"jetpack_post_was_ever_published":false,"_jetpack_newsletter_access":"","footnotes":""},"categories":[4,9,363,368,36,27],"tags":[],"class_list":["post-24455","post","type-post","status-publish","format-standard","has-post-thumbnail","hentry","category-art-contemporain","category-beaux-arts","category-culture","category-joaillerie","category-luxe","category-musees-expositions"],"jetpack_featured_media_url":"http:\/\/www.letourismeaparis.fr\/wp-content\/uploads\/2021\/11\/Capture-d\u2019e\u0301cran-2021-11-25-a\u0300-19.32.22-2.png","jetpack-related-posts":[{"id":332,"url":"http:\/\/www.letourismeaparis.fr\/index.php\/2008\/09\/11\/la-biennale-des-antiquaires-au-grand-palais-a-paris\/","url_meta":{"origin":24455,"position":0},"title":"La Biennale des Antiquaires au Grand Palais \u00e0 Paris.","author":"Fabienne TM","date":"11 septembre 2008","format":false,"excerpt":"\"Rendez-vous incontournable du march\u00e9 de l\u2019art, la Biennale propose une large palette de sp\u00e9cialit\u00e9s pr\u00e9sent\u00e9es par des professionnels de renomm\u00e9e internationale dans le domaine des Antiquit\u00e9s, des Beaux-arts et de la Joaillerie. Ces derniers, tous membres du SNA, ont \u00e9t\u00e9 choisis parmi les meilleurs antiquaires et marchands d\u2019art au monde.\u2026","rel":"","context":"Dans &quot;Non class\u00e9&quot;","block_context":{"text":"Non class\u00e9","link":"http:\/\/www.letourismeaparis.fr\/index.php\/category\/non-classe\/"},"img":{"alt_text":"","src":"","width":0,"height":0},"classes":[]},{"id":25382,"url":"http:\/\/www.letourismeaparis.fr\/index.php\/2023\/11\/19\/fab-paris\/","url_meta":{"origin":24455,"position":1},"title":"FAB  PARIS","author":"Fabienne TM","date":"19 novembre 2023","format":false,"excerpt":"FAB Paris est un salon issu de l\u2019alliance de Fine Arts Paris et de La Biennale des Antiquaires, (Grand Palais Eph\u00e9m\u00e8re du 22 au 26 novembre 2023.) Vous y d\u00e9couvrirez plus de 110 galeries, venant de 12 pays diff\u00e9rents, rassemblant ainsi sous un m\u00eame toit, toutes les disciplines et toutes\u2026","rel":"","context":"Dans &quot;Art-Contemporain&quot;","block_context":{"text":"Art-Contemporain","link":"http:\/\/www.letourismeaparis.fr\/index.php\/category\/culture\/musees-expositions\/art-contemporain\/"},"img":{"alt_text":"","src":"https:\/\/i0.wp.com\/www.letourismeaparis.fr\/wp-content\/uploads\/2023\/11\/Capture-decran-2023-11-19-a-14.28.32.png?resize=350%2C200","width":350,"height":200},"classes":[]},{"id":25164,"url":"http:\/\/www.letourismeaparis.fr\/index.php\/2023\/05\/26\/revelations-au-grand-palais-ephemere\/","url_meta":{"origin":24455,"position":2},"title":"R\u00e9v\u00e9lations au Grand Palais \u00e9ph\u00e9m\u00e8re","author":"Fabienne TM","date":"26 mai 2023","format":false,"excerpt":"Excellence, avant-gardisme, \u00e9clectisme sont les valeurs port\u00e9es par la biennale R\u00e9v\u00e9lations. Cr\u00e9\u00e9e et organis\u00e9e depuis 2013 par Ateliers d\u2019Art de France, R\u00e9v\u00e9lations affirme l\u2019identit\u00e9 et la place du cr\u00e9ateur dans la soci\u00e9t\u00e9 et l\u2019\u00e9conomie mondiale de la cr\u00e9ation. Gr\u00e2ce \u00e0 la sc\u00e9nographie singuli\u00e8re d\u2019Adrien Gard\u00e8re, 3000 pi\u00e8ces sont d\u00e9voil\u00e9es au\u2026","rel":"","context":"Dans &quot;Artisanat&quot;","block_context":{"text":"Artisanat","link":"http:\/\/www.letourismeaparis.fr\/index.php\/category\/culture\/musees-expositions\/artisanat\/"},"img":{"alt_text":"","src":"","width":0,"height":0},"classes":[]},{"id":24746,"url":"http:\/\/www.letourismeaparis.fr\/index.php\/2022\/06\/11\/revelations-biennale-internationale-metiers-dart-et-creation-jusquau-12-juin\/","url_meta":{"origin":24455,"position":3},"title":"R\u00e9v\u00e9lations , Biennale Internationale M\u00e9tiers d\u2019Art et Cr\u00e9ation jusqu\u2019au 12 juin","author":"Fabienne TM","date":"11 juin 2022","format":false,"excerpt":"Tous les deux ans, R\u00e9v\u00e9lations est le rendez-vous incontournable qui c\u00e9l\u00e8bre la cr\u00e9ation fran\u00e7aise et internationale. Pens\u00e9e et cr\u00e9\u00e9e par Ateliers d'Art de France, syndicat professionnel repr\u00e9sentant les 281 m\u00e9tiers d'art fran\u00e7ais, la biennale est le rendez-vous \u00e9conomique majeur du secteur. Nous avons remarqu\u00e9 tout particuli\u00e8rement les stands suivants pour\u2026","rel":"","context":"Dans &quot;Artisanat&quot;","block_context":{"text":"Artisanat","link":"http:\/\/www.letourismeaparis.fr\/index.php\/category\/culture\/musees-expositions\/artisanat\/"},"img":{"alt_text":"","src":"https:\/\/i0.wp.com\/www.letourismeaparis.fr\/wp-content\/uploads\/2022\/06\/Capture-d%E2%80%99e%CC%81cran-2022-06-11-a%CC%80-19.17.16.png?resize=350%2C200","width":350,"height":200,"srcset":"https:\/\/i0.wp.com\/www.letourismeaparis.fr\/wp-content\/uploads\/2022\/06\/Capture-d%E2%80%99e%CC%81cran-2022-06-11-a%CC%80-19.17.16.png?resize=350%2C200 1x, https:\/\/i0.wp.com\/www.letourismeaparis.fr\/wp-content\/uploads\/2022\/06\/Capture-d%E2%80%99e%CC%81cran-2022-06-11-a%CC%80-19.17.16.png?resize=525%2C300 1.5x, https:\/\/i0.wp.com\/www.letourismeaparis.fr\/wp-content\/uploads\/2022\/06\/Capture-d%E2%80%99e%CC%81cran-2022-06-11-a%CC%80-19.17.16.png?resize=700%2C400 2x"},"classes":[]},{"id":23093,"url":"http:\/\/www.letourismeaparis.fr\/index.php\/2019\/05\/09\/revelations-au-grand-palais\/","url_meta":{"origin":24455,"position":4},"title":"R\u00e9v\u00e9lations au Grand Palais","author":"Fabienne TM","date":"9 mai 2019","format":false,"excerpt":"l'art africain \u00e0 l'honneur \u00e0 l'occasion de la Biennale internationale m\u00e9tiers d\u2019Arts et Cr\u00e9ation 23 au 26 MAI 2019 \u2013 Paris, Le Grand Palais OUEMBE GILBERT la Biennale internationale m\u00e9tiers d\u2019Arts et Cr\u00e9ation, rassemble plus 12 000 professionnels du secteur (artistes, collectionneurs, architectes, d\u00e9corateurs, galeristes,fabricants de produits de luxe, m\u00e9dias.\u2026","rel":"","context":"Dans &quot;Non class\u00e9&quot;","block_context":{"text":"Non class\u00e9","link":"http:\/\/www.letourismeaparis.fr\/index.php\/category\/non-classe\/"},"img":{"alt_text":"","src":"","width":0,"height":0},"classes":[]},{"id":26213,"url":"http:\/\/www.letourismeaparis.fr\/index.php\/2025\/05\/20\/revelations-au-grand-palais-du-21-au-25-mai\/","url_meta":{"origin":24455,"position":5},"title":"\u00ab\u00a0R\u00e9v\u00e9lations\u00a0\u00bb au Grand Palais du 21 au 25 mai","author":"Fabienne TM","date":"20 mai 2025","format":false,"excerpt":"Biennale internationale des m\u00e9tiers d'art et de la cr\u00e9ation. Organis\u00e9 par Ateliers d'Art de France, R\u00e9v\u00e9lations est un v\u00e9ritable carrefour d'\u00e9changes, o\u00f9 cr\u00e9ateurs et visiteurs dialoguent, s'enrichissent mutuellement et puisent leurs inspirations. Cr\u00e9ateurs et professionnels - architectes, d\u00e9corateurs, directeurs artistiques, galeristes, conservateurs - c\u00f4toient collectionneurs et passionn\u00e9s. La biennale propose\u2026","rel":"","context":"Dans &quot;Artisanat&quot;","block_context":{"text":"Artisanat","link":"http:\/\/www.letourismeaparis.fr\/index.php\/category\/culture\/musees-expositions\/artisanat\/"},"img":{"alt_text":"","src":"https:\/\/i0.wp.com\/www.letourismeaparis.fr\/wp-content\/uploads\/2025\/05\/Capture-decran-2025-05-20-a-15.49.28.png?resize=350%2C200","width":350,"height":200},"classes":[]}],"jetpack_sharing_enabled":true,"jetpack_likes_enabled":true,"_links":{"self":[{"href":"http:\/\/www.letourismeaparis.fr\/index.php\/wp-json\/wp\/v2\/posts\/24455","targetHints":{"allow":["GET"]}}],"collection":[{"href":"http:\/\/www.letourismeaparis.fr\/index.php\/wp-json\/wp\/v2\/posts"}],"about":[{"href":"http:\/\/www.letourismeaparis.fr\/index.php\/wp-json\/wp\/v2\/types\/post"}],"author":[{"embeddable":true,"href":"http:\/\/www.letourismeaparis.fr\/index.php\/wp-json\/wp\/v2\/users\/2"}],"replies":[{"embeddable":true,"href":"http:\/\/www.letourismeaparis.fr\/index.php\/wp-json\/wp\/v2\/comments?post=24455"}],"version-history":[{"count":4,"href":"http:\/\/www.letourismeaparis.fr\/index.php\/wp-json\/wp\/v2\/posts\/24455\/revisions"}],"predecessor-version":[{"id":24461,"href":"http:\/\/www.letourismeaparis.fr\/index.php\/wp-json\/wp\/v2\/posts\/24455\/revisions\/24461"}],"wp:featuredmedia":[{"embeddable":true,"href":"http:\/\/www.letourismeaparis.fr\/index.php\/wp-json\/wp\/v2\/media\/24456"}],"wp:attachment":[{"href":"http:\/\/www.letourismeaparis.fr\/index.php\/wp-json\/wp\/v2\/media?parent=24455"}],"wp:term":[{"taxonomy":"category","embeddable":true,"href":"http:\/\/www.letourismeaparis.fr\/index.php\/wp-json\/wp\/v2\/categories?post=24455"},{"taxonomy":"post_tag","embeddable":true,"href":"http:\/\/www.letourismeaparis.fr\/index.php\/wp-json\/wp\/v2\/tags?post=24455"}],"curies":[{"name":"wp","href":"https:\/\/api.w.org\/{rel}","templated":true}]}}