{"id":24569,"date":"2022-01-29T18:32:57","date_gmt":"2022-01-29T17:32:57","guid":{"rendered":"http:\/\/www.letourismeaparis.fr\/?p=24569"},"modified":"2022-01-29T19:42:46","modified_gmt":"2022-01-29T18:42:46","slug":"les-grandes-voix-les-14-et-16-fevrier-a-paris","status":"publish","type":"post","link":"http:\/\/www.letourismeaparis.fr\/index.php\/2022\/01\/29\/les-grandes-voix-les-14-et-16-fevrier-a-paris\/","title":{"rendered":"LES GRANDES VOIX  les 14 et 16 f\u00e9vrier \u00e0 Paris"},"content":{"rendered":"\n<p>LES GRANDES VOIX \u00e0 Paris<\/p>\n\n\n\n<p>deux belles soir\u00e9es en  perspective<\/p>\n\n\n\n<p>Unis par une belle complicit\u00e9, Roberto Alagna et Aleksandra\nKurzak pr\u00e9sentent \u00e0 la Philharmonie de Paris de grands airs et duos de l\u2019op\u00e9ra\nitalien, de Bellini \u00e0 Mascagni en passant par Puccini et Verdi, mais \u00e9galement\nle beau duo final de Tha\u00efs. <\/p>\n\n\n\n<p><\/p>\n\n\n\n<p>Et qui dit 14 f\u00e9vrier dit Saint-Valentin ! Quoi de mieux que\nce savoureux programme romantique, propos\u00e9 par un couple \u00e0 la sc\u00e8ne comme \u00e0 la\nville, pour c\u00e9l\u00e9brer l&rsquo;amour ?<\/p>\n\n\n\n<p>221 avenue Jean Jaur\u00e8s Paris 75019<\/p>\n\n\n\n<p>Philharmonie de Paris<\/p>\n\n\n\n<hr class=\"wp-block-separator\"\/>\n\n\n\n<p><\/p>\n\n\n\n<hr class=\"wp-block-separator\"\/>\n\n\n\n<p>Elsa Dreisig propose des airs extraits de Le nozze di\nFigaro, Don Giovanni, Cosi fan tutte, Idomeneo, Lucio Silla et La clemenza di\nTito \u2013 certains r\u00f4les qu&rsquo;elle a d\u00e9j\u00e0 chant\u00e9s \u00e0 de nombreuses reprises, certains\nqu&rsquo;elle explore avec plaisir pour la premi\u00e8re fois, mais tous du m\u00eame\ncompositeur, qui a jou\u00e9 l&rsquo;un des r\u00f4les les plus importants dans la vie de la\nsoprano et dans son parcours musical : Mozart. Elle lui consacre son nouveau\ndisque fin janvier et ce nouveau programme au Th\u00e9\u00e2tre des Champs-Elys\u00e9es le 16\nf\u00e9vrier<\/p>\n\n\n\n<p>TCE 15 , avenue &nbsp;Montaigne Paris 75008<\/p>\n","protected":false},"excerpt":{"rendered":"<p>LES GRANDES VOIX \u00e0 Paris deux belles soir\u00e9es en perspective Unis par une belle complicit\u00e9, Roberto Alagna et Aleksandra Kurzak pr\u00e9sentent \u00e0 la Philharmonie de Paris de grands airs et duos de l\u2019op\u00e9ra italien, de Bellini \u00e0 Mascagni en passant&#8230;<\/p>\n","protected":false},"author":2,"featured_media":24580,"comment_status":"open","ping_status":"open","sticky":false,"template":"","format":"standard","meta":{"ngg_post_thumbnail":0,"jetpack_post_was_ever_published":false,"_jetpack_newsletter_access":"","footnotes":""},"categories":[16,365],"tags":[],"class_list":["post-24569","post","type-post","status-publish","format-standard","has-post-thumbnail","hentry","category-concert","category-opera"],"jetpack_featured_media_url":"http:\/\/www.letourismeaparis.fr\/wp-content\/uploads\/2022\/01\/Capture-d\u2019e\u0301cran-2022-01-29-a\u0300-19.41.49.png","jetpack-related-posts":[{"id":21689,"url":"http:\/\/www.letourismeaparis.fr\/index.php\/2018\/11\/29\/gala-bel-canto-a-la-philharmonie-le-11-decembre-airs-doperas-de-bellini-donizetti-rossini-et-bizet-2\/","url_meta":{"origin":24569,"position":0},"title":"Gala&quot; Bel Canto&quot; \u00e0 la philharmonie le 11 d\u00e9cembre  : Airs d\u2019op\u00e9ras de BELLINI, DONIZETTI, ROSSINI et BIZET","author":"Fabienne TM","date":"29 novembre 2018","format":false,"excerpt":"Les grandes l\u00e9gendes du bel canto fascinent le public depuis deux si\u00e8cles. Elles ont fait \u00e9cole, et la nouvelle g\u00e9n\u00e9ration d'artistes montre un talent extraordinaire. Du c\u00f4t\u00e9 des chanteurs fran\u00e7ais, la soprano Ang\u00e9lique Boudeville, membre de l'Acad\u00e9mie de l'Op\u00e9ra national de Paris, commence une belle carri\u00e8re. R\u00e9put\u00e9 dans les r\u00f4les\u2026","rel":"","context":"Dans &quot;Musique&quot;","block_context":{"text":"Musique","link":"http:\/\/www.letourismeaparis.fr\/index.php\/category\/culture\/concerts-musique\/musique\/"},"img":{"alt_text":"","src":"","width":0,"height":0},"classes":[]},{"id":19675,"url":"http:\/\/www.letourismeaparis.fr\/index.php\/2017\/04\/14\/sonya-yonchevaa-la-philharmonie-le-18-avril-a-20h30\/","url_meta":{"origin":24569,"position":1},"title":"Sonya Yoncheva,\u00e0 la Philharmonie le 18 avril \u00e0 20h30","author":"Fabienne TM","date":"14 avril 2017","format":false,"excerpt":"\u00a0 Philharmonie 1 \/ Grande Salle Pour accompagner ce d\u00e9but de printemps, Les Grandes Voix\/Les Grands Solistes vous proposent une immersion baroque\u00a0; le 18 avril, Sonya Yoncheva sera \u00e0 la Philharmonie pour pr\u00e9senter le programme de son nouvel album consacr\u00e9 \u00e0 Haendel, o\u00f9 la somptuosit\u00e9 de son teint et l'\u00e9l\u00e9gance\u2026","rel":"","context":"Dans &quot;Concert&quot;","block_context":{"text":"Concert","link":"http:\/\/www.letourismeaparis.fr\/index.php\/category\/culture\/concerts-musique\/concert\/"},"img":{"alt_text":"","src":"https:\/\/i0.wp.com\/www.letourismeaparis.fr\/wp-content\/uploads\/2017\/04\/Capture-d%C3%A2%C2%80%C2%99e%C3%8C%C2%81cran-2017-04-08-a%C3%8C%C2%80-12.15.23-270x300.png?resize=350%2C200","width":350,"height":200},"classes":[]},{"id":23694,"url":"http:\/\/www.letourismeaparis.fr\/index.php\/2019\/10\/18\/les-grandes-voixles-grands-solistes-a-la-philharmonie-et-a-la-salle-gaveau-en-octobre-et-novembre\/","url_meta":{"origin":24569,"position":2},"title":"\u00ab\u00a0Les grandes voix\u00a0\u00bb,\u00a0\u00bbles grands solistes\u00a0\u00bb \u00e0 la Philharmonie et \u00e0 la salle Gaveau  en  octobre et novembre","author":"Fabienne TM","date":"18 octobre 2019","format":false,"excerpt":"El\u012bna Garan\u010da . Lundi 14 octobre \/ 20hTh\u00e9\u00e2tre des Champs-\u00c9lys\u00e9es MEZZO DE VELOURS El\u012bna Garan\u010da, mezzo-sopranoet\u00a0Karel Mark Chichon,\u00a0direction Deutsche Staatsphilharmonie\u00a0Rheinland-Pfalz Airs d'op\u00e9rasGIUSEPPE VERDI\u00a0Don CarloFRANCESCO CILEA\u00a0Adriana LecouvreurM\u00e9lodies et airs de zarzuelasEDVARD GRIEGSTANISLAO GASTALDONROSENDO MATO \/ CASTELAOCARLOS GARDELPABLO SOROZ\u00c1BAL Juan Diego Fl\u00f3rez . Lundi 18 novembre \/ 20h30 Philharmonie de Paris .\u2026","rel":"","context":"Dans &quot;Concert&quot;","block_context":{"text":"Concert","link":"http:\/\/www.letourismeaparis.fr\/index.php\/category\/culture\/concerts-musique\/concert\/"},"img":{"alt_text":"","src":"","width":0,"height":0},"classes":[]},{"id":24468,"url":"http:\/\/www.letourismeaparis.fr\/index.php\/2021\/11\/30\/les-grandes-voix-a-la-philharmonie-juan-diego-florez-vincenzo-scalera\/","url_meta":{"origin":24569,"position":3},"title":"\u00ab\u00a0LES GRANDES  VOIX\u00a0\u00bb  \u00c0 LA PHILHARMONIE Juan Diego Fl\u00f3rez &#038; Vincenzo Scalera.","author":"Fabienne TM","date":"30 novembre 2021","format":false,"excerpt":"Vendredi 3 d\u00e9cembre 2021 \/ 20h30 Philharmonie de Paris \/ Grande salle Pierre Boulez T\u00e9nor acclam\u00e9 dans le monde entier pour son immense talent de bel-cantiste allant de pair avec un charisme ravageur, Juan Diego Fl\u00f3rez pr\u00e9sente cette ann\u00e9e aux c\u00f4t\u00e9s de son fid\u00e8le compagnon Vincenzo Scalera un r\u00e9cital au\u2026","rel":"","context":"Dans &quot;Concerts \/ Musique&quot;","block_context":{"text":"Concerts \/ Musique","link":"http:\/\/www.letourismeaparis.fr\/index.php\/category\/culture\/concerts-musique\/"},"img":{"alt_text":"","src":"","width":0,"height":0},"classes":[]},{"id":26418,"url":"http:\/\/www.letourismeaparis.fr\/index.php\/2026\/02\/06\/vassily-kandinsky-a-la-philharmonie\/","url_meta":{"origin":24569,"position":4},"title":"Vassily Kandinsky \u00e0 la  Philharmonie","author":"Fabienne TM","date":"6 f\u00e9vrier 2026","format":false,"excerpt":"La Philharmonie d\u00e9voile la place fondamentale de la musique dans son quotidien, dans sa vocation d\u2019artiste et dans l\u2019\u00e9volution de sa pratique vers l\u2019abstraction. Kandinsky grandit \u00e0 Moscou et Odessa dans une famille cultiv\u00e9e ; en amateur, il pratique le violoncelle et l\u2019harmonium, et s\u2019enthousiasme bient\u00f4t pour Wagner. La musique\u2026","rel":"","context":"Dans &quot;Beaux arts&quot;","block_context":{"text":"Beaux arts","link":"http:\/\/www.letourismeaparis.fr\/index.php\/category\/culture\/musees-expositions\/beaux-arts\/"},"img":{"alt_text":"","src":"https:\/\/i0.wp.com\/www.letourismeaparis.fr\/wp-content\/uploads\/2025\/09\/Capture-decran-2025-09-26-a-17.12.37.png?resize=350%2C200","width":350,"height":200},"classes":[]},{"id":21827,"url":"http:\/\/www.letourismeaparis.fr\/index.php\/2019\/01\/05\/derniers-jours-pour-certaines-expositions\/","url_meta":{"origin":24569,"position":5},"title":"Derniers jours pour certaines expositions","author":"Fabienne TM","date":"5 janvier 2019","format":false,"excerpt":"Caravage \u00e0 Rome, amis & ennemis jusqu'au 28 janvier 2019 Mus\u00e9e Jacquemart-Andr\u00e9 - 158 boulevard Haussmann, Paris Com\u00e9dies Musicales. La joie de vivre du cin\u00e9ma Jusqu\u2019au 27 janvier 2019 Philharmonie de Paris - 221 avenue Jean Jaur\u00e8s, Paris Alberto Giacometti\u00a0 Jusqu\u2019au 03 f\u00e9vrier 2019 Mus\u00e9e Maillol - 61 rue de\u2026","rel":"","context":"Dans &quot;Non class\u00e9&quot;","block_context":{"text":"Non class\u00e9","link":"http:\/\/www.letourismeaparis.fr\/index.php\/category\/non-classe\/"},"img":{"alt_text":"","src":"","width":0,"height":0},"classes":[]}],"jetpack_sharing_enabled":true,"jetpack_likes_enabled":true,"_links":{"self":[{"href":"http:\/\/www.letourismeaparis.fr\/index.php\/wp-json\/wp\/v2\/posts\/24569","targetHints":{"allow":["GET"]}}],"collection":[{"href":"http:\/\/www.letourismeaparis.fr\/index.php\/wp-json\/wp\/v2\/posts"}],"about":[{"href":"http:\/\/www.letourismeaparis.fr\/index.php\/wp-json\/wp\/v2\/types\/post"}],"author":[{"embeddable":true,"href":"http:\/\/www.letourismeaparis.fr\/index.php\/wp-json\/wp\/v2\/users\/2"}],"replies":[{"embeddable":true,"href":"http:\/\/www.letourismeaparis.fr\/index.php\/wp-json\/wp\/v2\/comments?post=24569"}],"version-history":[{"count":3,"href":"http:\/\/www.letourismeaparis.fr\/index.php\/wp-json\/wp\/v2\/posts\/24569\/revisions"}],"predecessor-version":[{"id":24583,"href":"http:\/\/www.letourismeaparis.fr\/index.php\/wp-json\/wp\/v2\/posts\/24569\/revisions\/24583"}],"wp:featuredmedia":[{"embeddable":true,"href":"http:\/\/www.letourismeaparis.fr\/index.php\/wp-json\/wp\/v2\/media\/24580"}],"wp:attachment":[{"href":"http:\/\/www.letourismeaparis.fr\/index.php\/wp-json\/wp\/v2\/media?parent=24569"}],"wp:term":[{"taxonomy":"category","embeddable":true,"href":"http:\/\/www.letourismeaparis.fr\/index.php\/wp-json\/wp\/v2\/categories?post=24569"},{"taxonomy":"post_tag","embeddable":true,"href":"http:\/\/www.letourismeaparis.fr\/index.php\/wp-json\/wp\/v2\/tags?post=24569"}],"curies":[{"name":"wp","href":"https:\/\/api.w.org\/{rel}","templated":true}]}}