{"id":24711,"date":"2022-05-12T20:10:10","date_gmt":"2022-05-12T18:10:10","guid":{"rendered":"http:\/\/www.letourismeaparis.fr\/?p=24711"},"modified":"2022-05-14T20:19:47","modified_gmt":"2022-05-14T18:19:47","slug":"les-grandes-voix-au-tce-michael-spyres-19-mai","status":"publish","type":"post","link":"http:\/\/www.letourismeaparis.fr\/index.php\/2022\/05\/12\/les-grandes-voix-au-tce-michael-spyres-19-mai\/","title":{"rendered":"Les grandes voix au TCE Michael Spyres 19 mai"},"content":{"rendered":"\n<p>Jeudi 19 mai 2022 \/ 20h00. Th\u00e9\u00e2tre des Champs-\u00c9lys\u00e9es<\/p>\n\n\n\n<p>Michael Spyres est un chanteur \u00e0 la voix hors du commun: le t\u00e9nor am\u00e9ricain est l\u2019un des seuls artistes lyriques \u00e0 pouvoir chanter des r\u00f4les de natures aussi vari\u00e9es. Il appartient en effet \u00e0 la cat\u00e9gorie des \u00ab baritenore \u00bb (comme Manuel Garcia ou Andrea Nozzari l\u2019ont \u00e9t\u00e9 avant lui), ayant \u00ab une voix de baryton \u00e0 l\u2019aigu d\u00e9velopp\u00e9 \u00bb <\/p>\n\n\n\n<hr class=\"wp-block-separator\"\/>\n\n\n\n<p>Wolfgang\nAmadeus Mozart<\/p>\n\n\n\n<p>Idomeneo, K. 366, Ouverture<\/p>\n\n\n\n<p>Idomeneo, K. 366, \u00ab Fuor del mar \u00bb<\/p>\n\n\n\n<p>Gaspare Spontini<\/p>\n\n\n\n<p>La Vestale, \u00ab Qu\u2019ai-je vu ! quels appr\u00eats ! \u00bb<\/p>\n\n\n\n<p>Gioachino\nRossini<\/p>\n\n\n\n<p>Otello, \u00ab\nAh! s\u00ec, per voi gi\u00e0 sento \u00bb<\/p>\n\n\n\n<p>Giovanni\nSimone Mayr<\/p>\n\n\n\n<p>L\u2019amor conjugale, Ouverture<\/p>\n\n\n\n<p>Gaetano Donizetti<\/p>\n\n\n\n<p>La Fille du R\u00e9giment, \u00ab Ah ! mes amis\u2026 Pour mon \u00e2me \u00bb<\/p>\n\n\n\n<p>Gioachino Rossini<\/p>\n\n\n\n<p>Il barbiere di Siviglia, \u00ab Largo al factotum \u00bb<\/p>\n\n\n\n<p>Il barbiere di Siviglia, Ouverture<\/p>\n\n\n\n<p>Wolfgang Amadeus Mozart<\/p>\n\n\n\n<p>Le nozze di Figaro, K. 492, \u00ab Hai gia vinto la causa\u2026 \u00bb<\/p>\n\n\n\n<p>Le nozze di Figaro, K. 492, Ouverture<\/p>\n\n\n\n<p>Giuseppe Verdi<\/p>\n\n\n\n<p>Il Trovatore, \u00ab Tutto \u00e8 deserto\u2026 Il balen \u00bb<\/p>\n\n\n\n<p>Franz Leh\u00e1r<\/p>\n\n\n\n<p>Die lustige Witwe, \u00ab O Vaterland\u2026 Da geh ich zu Maxim \u00bb<\/p>\n\n\n\n<p>Jacques Offenbach<\/p>\n\n\n\n<p>Les Contes d\u2019Hoffmann, \u00ab Va pour Kleinzach \u00bb<\/p>\n\n\n\n<hr class=\"wp-block-separator\"\/>\n\n\n\n<p>Opera Fuoco<\/p>\n\n\n\n<p>David\nStern, direction<\/p>\n\n\n\n<p>Th\u00e9atre des Champs Elys\u00e9es <\/p>\n\n\n\n<p>15 avenue des Champs Elys\u00e9es Paris 75008<\/p>\n","protected":false},"excerpt":{"rendered":"<p>Jeudi 19 mai 2022 \/ 20h00. Th\u00e9\u00e2tre des Champs-\u00c9lys\u00e9es Michael Spyres est un chanteur \u00e0 la voix hors du commun: le t\u00e9nor am\u00e9ricain est l\u2019un des seuls artistes lyriques \u00e0 pouvoir chanter des r\u00f4les de natures aussi vari\u00e9es. Il appartient&#8230;<\/p>\n","protected":false},"author":2,"featured_media":24714,"comment_status":"open","ping_status":"open","sticky":false,"template":"","format":"standard","meta":{"ngg_post_thumbnail":0,"jetpack_post_was_ever_published":false,"_jetpack_newsletter_access":"","footnotes":""},"categories":[362],"tags":[],"class_list":["post-24711","post","type-post","status-publish","format-standard","has-post-thumbnail","hentry","category-concerts-musique"],"jetpack_featured_media_url":"http:\/\/www.letourismeaparis.fr\/wp-content\/uploads\/2022\/05\/Capture-d\u2019e\u0301cran-2022-05-12-a\u0300-20.09.21.png","jetpack-related-posts":[{"id":24569,"url":"http:\/\/www.letourismeaparis.fr\/index.php\/2022\/01\/29\/les-grandes-voix-les-14-et-16-fevrier-a-paris\/","url_meta":{"origin":24711,"position":0},"title":"LES GRANDES VOIX  les 14 et 16 f\u00e9vrier \u00e0 Paris","author":"Fabienne TM","date":"29 janvier 2022","format":false,"excerpt":"LES GRANDES VOIX \u00e0 Paris deux belles soir\u00e9es en perspective Unis par une belle complicit\u00e9, Roberto Alagna et Aleksandra Kurzak pr\u00e9sentent \u00e0 la Philharmonie de Paris de grands airs et duos de l\u2019op\u00e9ra italien, de Bellini \u00e0 Mascagni en passant par Puccini et Verdi, mais \u00e9galement le beau duo final\u2026","rel":"","context":"Dans &quot;Concert&quot;","block_context":{"text":"Concert","link":"http:\/\/www.letourismeaparis.fr\/index.php\/category\/culture\/concerts-musique\/concert\/"},"img":{"alt_text":"","src":"","width":0,"height":0},"classes":[]},{"id":20506,"url":"http:\/\/www.letourismeaparis.fr\/index.php\/2017\/11\/09\/juan-diego-florez-au-tce-dimanche-12-novembre\/","url_meta":{"origin":24711,"position":1},"title":"Juan Diego Fl\u00f3rez au TCE , dimanche 12 novembre","author":"Fabienne TM","date":"9 novembre 2017","format":false,"excerpt":"Le t\u00e9nor p\u00e9ruvien\u00a0 interpr\u00e9tera : \u00a0Mozart, Rossini, Massenet, Offenbach, Mascagni, Pucci, Verdi ...., un magnifique programme. Tous saluent son \u00e9l\u00e9gance, la virtuosit\u00e9 de sa technique, la beaut\u00e9 de ses aigus\u2026 Le t\u00e9nor p\u00e9ruvien Juan Diego Fl\u00f3rez fit ses d\u00e9buts \u00e0 l\u2019\u00e2ge de vingt-trois ans au Festival Rossini de Pesaro,( photographie\u2026","rel":"","context":"Dans &quot;Non class\u00e9&quot;","block_context":{"text":"Non class\u00e9","link":"http:\/\/www.letourismeaparis.fr\/index.php\/category\/non-classe\/"},"img":{"alt_text":"","src":"https:\/\/i0.wp.com\/www.letourismeaparis.fr\/wp-content\/uploads\/2017\/11\/Capture-d%C3%A2%C2%80%C2%99e%C3%8C%C2%81cran-2017-11-09-a%C3%8C%C2%80-22.25.19-300x206.png?resize=350%2C200","width":350,"height":200},"classes":[]},{"id":18949,"url":"http:\/\/www.letourismeaparis.fr\/index.php\/2016\/11\/19\/les-grandes-voix-les-grands-solistes-a-la-salle-gaveau-avec-marianne-crebassa\/","url_meta":{"origin":24711,"position":2},"title":"&quot;Les Grandes voix, les grands solistes&quot; \u00e0 la salle Gaveau AVEC MARIANNE CREBASSA","author":"Fabienne TM","date":"19 novembre 2016","format":false,"excerpt":"Lundi \u00a021 novembre 2016 20h30 Salle Gaveau, un superbe programme vous attend avec \u00a0Marianne Crebassa, mezzo-soprano,Les Ambassadeurs,Alexis Kossenko, direction WOLFGANG AMADEUS MOZART Les Noces de Figaro Ouverture \u00ab Non so pi\u00f9, cosa son, cosa faccio \u00bb (Cherubino) \u00ab Voi che sapete \u00bb (Cherubino) La Cl\u00e9mence de Titus \u00ab Parto, parto\u2026","rel":"","context":"Dans &quot;Concert&quot;","block_context":{"text":"Concert","link":"http:\/\/www.letourismeaparis.fr\/index.php\/category\/culture\/concerts-musique\/concert\/"},"img":{"alt_text":"","src":"","width":0,"height":0},"classes":[]},{"id":21274,"url":"http:\/\/www.letourismeaparis.fr\/index.php\/2018\/09\/20\/concert-des-laureats-du-concours-voix-nouvelles-2018-au-tce-le-24-septembre-a-20-h\/","url_meta":{"origin":24711,"position":3},"title":"Concert des laur\u00e9ats du Concours Voix Nouvelles 2018 au TCE le 24 septembre \u00e0 20 h","author":"Fabienne TM","date":"20 septembre 2018","format":false,"excerpt":"\u00a0 \u00a0 \u00a0 \u00a0 \u00a0 \u00a0 \u00a0Orchestre Colonne\u00a0\u00a0 Jean-Yves Ossonce \u00a0\u00a0direction \u00a0 \u00a0 \u00a0 \u00a0 \u00a0 \u00a0 \u00a0V\u00e9ritable d\u00e9nicheur de talents lyriques, le Concours Voix Nouvelles propose un concert regroupant ses r\u00e9cents laur\u00e9ats. \u00a0 \u00a0 \u00a0 \u00a0 \u00a0 \u00a0 PROGRAMME \u00a0 \u00a0 \u00a0 \u00a0 \u00a0 \u00a0 Rossini \u00a0\u00abLargo al factotum\u2026","rel":"","context":"Dans &quot;Concert&quot;","block_context":{"text":"Concert","link":"http:\/\/www.letourismeaparis.fr\/index.php\/category\/culture\/concerts-musique\/concert\/"},"img":{"alt_text":"","src":"","width":0,"height":0},"classes":[]},{"id":21439,"url":"http:\/\/www.letourismeaparis.fr\/index.php\/2018\/10\/27\/lorchestre-de-chambre-de-paris-fete-ses-40-ans-stephanie-doustrac-chante-mozart-le-8-novembre-a-20h-au-tce\/","url_meta":{"origin":24711,"position":4},"title":"L&#039;orchestre de chambre de Paris f\u00eate ses 40 ans  : St\u00e9phanie d\u2019Oustrac chante Mozart le 8 novembre \u00e0 20h au TCE","author":"Fabienne TM","date":"27 octobre 2018","format":false,"excerpt":"MOZART Musique de ballet pour Idomeneo \u00ab Voi che sapete \u00bb, extrait des Nozze di Figaro \u00ab Non ho colpa \u00bb, extrait d\u2019Idomeneo \u00ab Parto, parto \u00bb, extrait de La clemenza di Tito Symphonie n\u00b0 27 en sol majeur Interludes extraits de Thamos, roi d\u2019\u00c9gypte \u00ab Batti, batti, o bel\u2026","rel":"","context":"Dans &quot;Concert&quot;","block_context":{"text":"Concert","link":"http:\/\/www.letourismeaparis.fr\/index.php\/category\/culture\/concerts-musique\/concert\/"},"img":{"alt_text":"","src":"","width":0,"height":0},"classes":[]},{"id":2867,"url":"http:\/\/www.letourismeaparis.fr\/index.php\/2009\/05\/13\/la-nuit-des-musees-samedi-16-mai-entree-libre\/","url_meta":{"origin":24711,"position":5},"title":"La  &quot;nuit des mus\u00e9es &quot;samedi 16 mai (entr\u00e9e libre)","author":"Fabienne TM","date":"13 mai 2009","format":false,"excerpt":"Concerts, explications diverses,danse,animations historiques,ateliers pour enfants, projections de films... Mus\u00e9e Carnavalet, 23 rue de S\u00e9vign\u00e9 Paris 75004 Piano & cordes de 20h30 \u00e0 22h.Cr\u00e9ation chor\u00e9graphique \"Ce que j\u2019ai \u00e0 vous dire ne se voit pas, ne s\u2019entend pas\" de 20h \u00e0 20h30.Messe \u00e0 trois voix de 19h30 \u00e0 20h... Exposition\u2026","rel":"","context":"Dans &quot;Non class\u00e9&quot;","block_context":{"text":"Non class\u00e9","link":"http:\/\/www.letourismeaparis.fr\/index.php\/category\/non-classe\/"},"img":{"alt_text":"","src":"","width":0,"height":0},"classes":[]}],"jetpack_sharing_enabled":true,"jetpack_likes_enabled":true,"_links":{"self":[{"href":"http:\/\/www.letourismeaparis.fr\/index.php\/wp-json\/wp\/v2\/posts\/24711","targetHints":{"allow":["GET"]}}],"collection":[{"href":"http:\/\/www.letourismeaparis.fr\/index.php\/wp-json\/wp\/v2\/posts"}],"about":[{"href":"http:\/\/www.letourismeaparis.fr\/index.php\/wp-json\/wp\/v2\/types\/post"}],"author":[{"embeddable":true,"href":"http:\/\/www.letourismeaparis.fr\/index.php\/wp-json\/wp\/v2\/users\/2"}],"replies":[{"embeddable":true,"href":"http:\/\/www.letourismeaparis.fr\/index.php\/wp-json\/wp\/v2\/comments?post=24711"}],"version-history":[{"count":3,"href":"http:\/\/www.letourismeaparis.fr\/index.php\/wp-json\/wp\/v2\/posts\/24711\/revisions"}],"predecessor-version":[{"id":24716,"href":"http:\/\/www.letourismeaparis.fr\/index.php\/wp-json\/wp\/v2\/posts\/24711\/revisions\/24716"}],"wp:featuredmedia":[{"embeddable":true,"href":"http:\/\/www.letourismeaparis.fr\/index.php\/wp-json\/wp\/v2\/media\/24714"}],"wp:attachment":[{"href":"http:\/\/www.letourismeaparis.fr\/index.php\/wp-json\/wp\/v2\/media?parent=24711"}],"wp:term":[{"taxonomy":"category","embeddable":true,"href":"http:\/\/www.letourismeaparis.fr\/index.php\/wp-json\/wp\/v2\/categories?post=24711"},{"taxonomy":"post_tag","embeddable":true,"href":"http:\/\/www.letourismeaparis.fr\/index.php\/wp-json\/wp\/v2\/tags?post=24711"}],"curies":[{"name":"wp","href":"https:\/\/api.w.org\/{rel}","templated":true}]}}