{"id":24787,"date":"2022-09-02T16:40:01","date_gmt":"2022-09-02T14:40:01","guid":{"rendered":"http:\/\/www.letourismeaparis.fr\/?p=24787"},"modified":"2022-09-02T16:40:05","modified_gmt":"2022-09-02T14:40:05","slug":"la-photo-animaliere-et-nature-de-montier-en-der-a-la-fondation-goodplanet","status":"publish","type":"post","link":"http:\/\/www.letourismeaparis.fr\/index.php\/2022\/09\/02\/la-photo-animaliere-et-nature-de-montier-en-der-a-la-fondation-goodplanet\/","title":{"rendered":"La photo animali\u00e8re et nature de Montier-en-Der  \u00e0 la Fondation GoodPlanet"},"content":{"rendered":"\n<p>FESTIVAL PHOTO DE MONTIER-EN-DER<\/p>\n\n\n\n<p>En amont de sa 25\u00e8me \u00e9dition, le Festival International de\nla photo animali\u00e8re et nature de Montier-en-Der s&rsquo;installe \u00e0 la Fondation\nGoodPlanet le temps d&rsquo;un week-end !<\/p>\n\n\n\n<p>&nbsp;Vous d\u00e9couvrirez les\ndiff\u00e9rentes animations et profitezre de nombreuses rencontres, notamment avec\nVincent Munier, Pascal Kobeh, Yann Arthus-Bertrand et bien d&rsquo;autres !<\/p>\n\n\n\n<p>\u00c0 travers le travail des photographes, posez un nouveau\nregard sur les milieux naturels et esp\u00e9rons ensemble d&rsquo;une am\u00e9lioration de\nl\u2019\u00e9tat de la biodiversit\u00e9 sur notre plan\u00e8te.<\/p>\n\n\n\n<p>Vous retrouverez tout le week-end l&rsquo;exposition digitale du\nconcours photo AFPAN 2022, celui du concours de photos animali\u00e8res et de nature\n\u00e9dition 2021, la projection de \u00ab\u00a0Vivant &#8211; un inventaire amoureux de la\nbiodiversit\u00e9\u00a0\u00bb et l&rsquo;exposition photo \u201cRamsar &#8211; les \u00e9tangs de la Champagne\nhumide\u201d !<\/p>\n\n\n\n<p>\u00b7 ANIMATION : SOS ANIMAUX \u00b7<\/p>\n\n\n\n<p>Mettez-vous dans la peau d&rsquo;un secouriste animalier !\nD\u00e9couvrez comment apporter des soins aux animaux et repartez avec votre dipl\u00f4me\nd\u00e9cern\u00e9 par un centre de soin de la faune sauvage.<\/p>\n\n\n\n<p>Samedi 3 septembre de 14h30 \u00e0 16h30, \u00e0 partir de 6 ans<\/p>\n\n\n\n<p>__________<\/p>\n\n\n\n<p>\u00b7 RENCONTRE AVEC VINCENT MUNIER \u00b7<\/p>\n\n\n\n<p>Photo-rencontre avec Vincent Munier \u00e0 la d\u00e9couverte des\nsecrets de la vie des animaux sauvages.<\/p>\n\n\n\n<p>Du Tibet \u00e0 l\u2019Amazonie, en passant par l\u2019Arctique ou encore\nles Vosges sa r\u00e9gion natale, les nombreux voyages de ce photographe lui donnent\nl\u2019opportunit\u00e9 de d\u00e9velopper son rapport \u00e0 la nature, tentant toujours de\ncapturer l\u2019essence la plus intime de la faune, de la flore ou des paysages\nqu\u2019il rencontre. Ses clich\u00e9s respirent les grands espaces et t\u00e9moigne d&rsquo;une\nsensibilit\u00e9 sauvage.<\/p>\n\n\n\n<p>Samedi 3 septembre \u00e0 16h30<\/p>\n\n\n\n<p>__________<\/p>\n\n\n\n<p>\u00b7 FACE AUX REQUINS \u00b7<\/p>\n\n\n\n<p>\u00ab Les yeux dans les yeux \u00bb, c\u2019est le premier pas n\u00e9cessaire\n\u00e0 la compr\u00e9hension des requins, symboles de l\u2019alt\u00e9rit\u00e9 dont on a peur parce\nqu\u2019on la m\u00e9conna\u00eet. Un regard crois\u00e9, m\u00eame bref, en dit souvent bien plus que\ntous les chiffres et les savoirs acad\u00e9miques.<\/p>\n\n\n\n<p>Assistez \u00e0 la rencontre-photo de Pascal Kobeh, photographe\ndu monde sous-marin qui vous invite dans une plong\u00e9e intime chez nos cousins\nsauvages de l\u2019oc\u00e9an.<\/p>\n\n\n\n<p>Dimanche 4 septembre \u00e0 16h30<\/p>\n\n\n\n<p>__________<\/p>\n\n\n\n<p>\u00b7 RENCONTRE AVEC YANN ARTHUS-BERTRAND \u00b7<\/p>\n\n\n\n<p>De photographe animalier dans la r\u00e9serve nationale de\nMasa\u00ef\u2013Mara au Kenya \u00e0 fondateur de la Fondation GoodPlanet, Yann\nArthus-Bertrand partage avec vous son parcours et les raisons de son engagement\nau service de l\u2019Homme et de la biodiversit\u00e9.<\/p>\n\n\n\n<p>Fondation GoodPlanet<\/p>\n\n\n\n<p>1, carrefour de Longchamp &#8211; 75116 Paris<\/p>\n","protected":false},"excerpt":{"rendered":"<p>FESTIVAL PHOTO DE MONTIER-EN-DER En amont de sa 25\u00e8me \u00e9dition, le Festival International de la photo animali\u00e8re et nature de Montier-en-Der s&rsquo;installe \u00e0 la Fondation GoodPlanet le temps d&rsquo;un week-end ! &nbsp;Vous d\u00e9couvrirez les diff\u00e9rentes animations et profitezre de nombreuses&#8230;<\/p>\n","protected":false},"author":2,"featured_media":24788,"comment_status":"open","ping_status":"open","sticky":false,"template":"","format":"standard","meta":{"ngg_post_thumbnail":0,"jetpack_post_was_ever_published":false,"_jetpack_newsletter_access":"","footnotes":""},"categories":[28,41],"tags":[],"class_list":["post-24787","post","type-post","status-publish","format-standard","has-post-thumbnail","hentry","category-familles","category-photos"],"jetpack_featured_media_url":"http:\/\/www.letourismeaparis.fr\/wp-content\/uploads\/2022\/09\/Capture-d\u2019e\u0301cran-2022-09-02-a\u0300-16.34.06.png","jetpack-related-posts":[{"id":18351,"url":"http:\/\/www.letourismeaparis.fr\/index.php\/2016\/06\/08\/20eme-festival-international-de-la-photo-animaliere-et-de-nature\/","url_meta":{"origin":24787,"position":0},"title":"20\u00c8ME FESTIVAL INTERNATIONAL DE LA PHOTO ANIMALIERE ET DE NATURE","author":"Fabienne TM","date":"8 juin 2016","format":false,"excerpt":"Le Festival Photo Montier, \u00e9v\u00e8nement unique en Europe, est LE rendez-vous incontournable des passionn\u00e9s, amateurs et professionnels de la photo et de la nature. Il s'agit d'un lieu d'exposition, \u00e9tang de la Horre de rencontres et d'\u00e9changes. des photographes prestigieux dont Vincent Munier, des agences, des magazines, des associations, des\u2026","rel":"","context":"Dans &quot;Familles&quot;","block_context":{"text":"Familles","link":"http:\/\/www.letourismeaparis.fr\/index.php\/category\/familles\/"},"img":{"alt_text":"","src":"","width":0,"height":0},"classes":[]},{"id":23734,"url":"http:\/\/www.letourismeaparis.fr\/index.php\/2019\/10\/19\/fondation-goodplanet-ouvert-a-tous-entree-gratuite-2-nov-24-nov-tous-les-week-ends-de-11h-a-19h\/","url_meta":{"origin":24787,"position":1},"title":"Fondation GOODPLANET ouvert \u00e0 tous entr\u00e9e gratuite 2 NOV  24 NOV tous les week-ends de 11h \u00e0 19h","author":"Fabienne TM","date":"19 octobre 2019","format":false,"excerpt":"Fondation GOODPLANET ouvert \u00e0 tous entr\u00e9e gratuite 2 NOV > 24 NOV tous les week-ends de 11h \u00e0 19h PLATEAU VERT Le Festival de th\u00e9\u00e2tre \u00e9cologique ! MATCH D\u2019IMPRO - SPECTACLES POUR ENFANT- STAND UP - TH\u00c9\u00c0TRE CONTEMPORAIN - CONF\u00c9RENCE G\u00c9STICUL\u00c9E Durant 4 week-ends, du 2 au 24 novembre, la\u2026","rel":"","context":"Dans &quot;Non class\u00e9&quot;","block_context":{"text":"Non class\u00e9","link":"http:\/\/www.letourismeaparis.fr\/index.php\/category\/non-classe\/"},"img":{"alt_text":"","src":"","width":0,"height":0},"classes":[]},{"id":25621,"url":"http:\/\/www.letourismeaparis.fr\/index.php\/2024\/05\/14\/la-fete-de-la-nature-les-26-et-27-mai\/","url_meta":{"origin":24787,"position":2},"title":"La F\u00eate de la nature les 26 et 27 mai","author":"Fabienne TM","date":"14 mai 2024","format":false,"excerpt":"Quelques id\u00e9es :15EME ARRONDISSEMENT Organis\u00e9 par l\u2019association \u00ab Les amis du jardin de la F\u00e9licit\u00e9 \u00bb15h \uf07d F\u00eate de la Nature au jardin de la F\u00e9licit\u00e9 Venez f\u00eater la nature avec les jardiniers de la F\u00e9licit\u00e9 : go\u00fbter, atelier boissons aromatiques, quiz\u202620 rue Sainte F\u00e9licit\u00e9 http:\/\/jardin-de-la-felicite.fr\/association.htm 16E ARRONDISSEMENT Fondation GoodPlanet\u2026","rel":"","context":"Dans &quot;Jardins \/ Plein air&quot;","block_context":{"text":"Jardins \/ Plein air","link":"http:\/\/www.letourismeaparis.fr\/index.php\/category\/jardins\/"},"img":{"alt_text":"","src":"https:\/\/i0.wp.com\/www.letourismeaparis.fr\/wp-content\/uploads\/2024\/05\/Capture-decran-2024-05-14-a-11.01.13-1.png?resize=350%2C200","width":350,"height":200,"srcset":"https:\/\/i0.wp.com\/www.letourismeaparis.fr\/wp-content\/uploads\/2024\/05\/Capture-decran-2024-05-14-a-11.01.13-1.png?resize=350%2C200 1x, https:\/\/i0.wp.com\/www.letourismeaparis.fr\/wp-content\/uploads\/2024\/05\/Capture-decran-2024-05-14-a-11.01.13-1.png?resize=525%2C300 1.5x"},"classes":[]},{"id":23271,"url":"http:\/\/www.letourismeaparis.fr\/index.php\/2019\/05\/24\/anniversaire-de-la-fondation-good-planet\/","url_meta":{"origin":24787,"position":3},"title":"Anniversaire de la Fondation Good planet","author":"Fabienne TM","date":"24 mai 2019","format":false,"excerpt":"Yann Arthus-Bertrand vous invite au 10\u00e8me Anniversaire de son film HOME et de la Fondation GoodPlanet Cin\u00e9ma en plein air Pour c\u00e9l\u00e9brer les 10 ans de Home, film documentaire r\u00e9alis\u00e9 par Yann Arthus-Bertrand et produit par Luc Besson, la Fondation GoodPlanet vous propose de (re) d\u00e9couvrir les c\u00e9l\u00e8bres images de\u2026","rel":"","context":"Dans &quot;Non class\u00e9&quot;","block_context":{"text":"Non class\u00e9","link":"http:\/\/www.letourismeaparis.fr\/index.php\/category\/non-classe\/"},"img":{"alt_text":"","src":"https:\/\/i0.wp.com\/www.letourismeaparis.fr\/wp-content\/uploads\/2019\/05\/Capture-d%C3%A2%C2%80%C2%99e%C3%8C%C2%81cran-2019-05-24-a%C3%8C%C2%80-19.37.23.png?resize=350%2C200","width":350,"height":200},"classes":[]},{"id":25139,"url":"http:\/\/www.letourismeaparis.fr\/index.php\/2023\/05\/05\/bal-de-tango-a-la-fondation-good-planet-dimanche-7-mai\/","url_meta":{"origin":24787,"position":4},"title":"Bal de Tango \u00e0 la Fondation Good Planet dimanche 7 mai","author":"Fabienne TM","date":"5 mai 2023","format":false,"excerpt":"\u00ab A LA D\u00c9COUVERTE DE LA BIODIVERSIT\u00c9 \u00bb Dimanche de 11h \u00e0 18h Participez au jeu de piste et partez \u00e0 la d\u00e9couverte de la biodiversit\u00e9 ! Dimanche, vous aurez l'occasion de vous accorder une pause Cin\u00e9 Kids avec deux \u00e9pisodes de Partie de campagne, le nouveau programme Okoo de\u2026","rel":"","context":"Dans &quot;ateliers&quot;","block_context":{"text":"ateliers","link":"http:\/\/www.letourismeaparis.fr\/index.php\/category\/ateliers\/"},"img":{"alt_text":"","src":"https:\/\/i0.wp.com\/www.letourismeaparis.fr\/wp-content\/uploads\/2023\/05\/Capture-decran-2023-05-05-a-17.56.11.png?resize=350%2C200","width":350,"height":200},"classes":[]},{"id":21003,"url":"http:\/\/www.letourismeaparis.fr\/index.php\/2018\/05\/24\/la-fondation-google-planet-vous-attend-les-26-et-27-mai-acces-libre-et-gratuit\/","url_meta":{"origin":24787,"position":5},"title":"La Fondation Google Planet vous attend les 26 et 27 mai : acc\u00e8s libre et gratuit","author":"Fabienne TM","date":"24 mai 2018","format":false,"excerpt":"Du samedi 26 mai 2018\u00a0 \u00a0 \u00a0\u00a011:00 Au dimanche 27 mai 2018\u00a0\u00a019:00 La Fondation GoodPlanet et la\u00a0F\u00e9d\u00e9ration Connaitre et Prot\u00e9ger la Nature\u00a0vous invitent \u00e0 f\u00eater la nature au Domaine ! Au programme : des rencontres, des ateliers \u00ab nature \u00bb pour petits et grands, des expositions et des rencontres avec\u2026","rel":"","context":"Dans &quot;Ecologie&quot;","block_context":{"text":"Ecologie","link":"http:\/\/www.letourismeaparis.fr\/index.php\/category\/ecologie\/"},"img":{"alt_text":"","src":"","width":0,"height":0},"classes":[]}],"jetpack_sharing_enabled":true,"jetpack_likes_enabled":true,"_links":{"self":[{"href":"http:\/\/www.letourismeaparis.fr\/index.php\/wp-json\/wp\/v2\/posts\/24787","targetHints":{"allow":["GET"]}}],"collection":[{"href":"http:\/\/www.letourismeaparis.fr\/index.php\/wp-json\/wp\/v2\/posts"}],"about":[{"href":"http:\/\/www.letourismeaparis.fr\/index.php\/wp-json\/wp\/v2\/types\/post"}],"author":[{"embeddable":true,"href":"http:\/\/www.letourismeaparis.fr\/index.php\/wp-json\/wp\/v2\/users\/2"}],"replies":[{"embeddable":true,"href":"http:\/\/www.letourismeaparis.fr\/index.php\/wp-json\/wp\/v2\/comments?post=24787"}],"version-history":[{"count":1,"href":"http:\/\/www.letourismeaparis.fr\/index.php\/wp-json\/wp\/v2\/posts\/24787\/revisions"}],"predecessor-version":[{"id":24789,"href":"http:\/\/www.letourismeaparis.fr\/index.php\/wp-json\/wp\/v2\/posts\/24787\/revisions\/24789"}],"wp:featuredmedia":[{"embeddable":true,"href":"http:\/\/www.letourismeaparis.fr\/index.php\/wp-json\/wp\/v2\/media\/24788"}],"wp:attachment":[{"href":"http:\/\/www.letourismeaparis.fr\/index.php\/wp-json\/wp\/v2\/media?parent=24787"}],"wp:term":[{"taxonomy":"category","embeddable":true,"href":"http:\/\/www.letourismeaparis.fr\/index.php\/wp-json\/wp\/v2\/categories?post=24787"},{"taxonomy":"post_tag","embeddable":true,"href":"http:\/\/www.letourismeaparis.fr\/index.php\/wp-json\/wp\/v2\/tags?post=24787"}],"curies":[{"name":"wp","href":"https:\/\/api.w.org\/{rel}","templated":true}]}}