{"id":24805,"date":"2022-09-23T15:22:04","date_gmt":"2022-09-23T13:22:04","guid":{"rendered":"http:\/\/www.letourismeaparis.fr\/?p=24805"},"modified":"2022-09-23T15:34:42","modified_gmt":"2022-09-23T13:34:42","slug":"venise-revelee-au-grand-palais-immersif-magnifique","status":"publish","type":"post","link":"http:\/\/www.letourismeaparis.fr\/index.php\/2022\/09\/23\/venise-revelee-au-grand-palais-immersif-magnifique\/","title":{"rendered":"Venise r\u00e9v\u00e9l\u00e9e au Grand Palais Immersif : magnifique !"},"content":{"rendered":"\n<p>Venise tombe le masque \u00e0 Paris ! <\/p>\n\n\n\n<p>L\u2019invention de Venise tient du miracle.<\/p>\n\n\n\n<p>Miracle d\u2019ing\u00e9nierie, d\u2019architecture et miracle artistique,\ncette ville incomparable, construite de toutes pi\u00e8ces sur une lagune, lutte\ndepuis plusieurs si\u00e8cles contre la mer qui fait aussi sa richesse. Percer ses\nmyst\u00e8res, d\u00e9couvrir ses tr\u00e9sors, mesurer l\u2019\u00e9tendue de sa splendeur: c\u2019est ce\nque permet Venise R\u00e9v\u00e9l\u00e9e, au moyen d\u2019images in\u00e9dites et surprenantes, de\nprojections g\u00e9antes et immersives et de dispositifs interactifs ludiques et\ninnovants. <\/p>\n\n\n\n<figure class=\"wp-block-image\"><img loading=\"lazy\" decoding=\"async\" width=\"705\" height=\"180\" src=\"http:\/\/www.letourismeaparis.fr\/wp-content\/uploads\/2022\/09\/Capture-d\u2019e\u0301cran-2022-09-23-a\u0300-15.14.41.png\" alt=\"\" class=\"wp-image-24807\" srcset=\"http:\/\/www.letourismeaparis.fr\/wp-content\/uploads\/2022\/09\/Capture-d\u2019e\u0301cran-2022-09-23-a\u0300-15.14.41.png 705w, http:\/\/www.letourismeaparis.fr\/wp-content\/uploads\/2022\/09\/Capture-d\u2019e\u0301cran-2022-09-23-a\u0300-15.14.41-300x77.png 300w\" sizes=\"auto, (max-width: 705px) 100vw, 705px\" \/><\/figure>\n\n\n\n<p><strong>Venise r\u00e9v\u00e9l\u00e9e<\/strong><\/p>\n\n\n\n<p>Du 21 septembre 2022 au 19 f\u00e9vrier 2023<\/p>\n\n\n\n<div class=\"wp-block-image\"><figure class=\"aligncenter\"><img loading=\"lazy\" decoding=\"async\" width=\"360\" height=\"277\" src=\"http:\/\/www.letourismeaparis.fr\/wp-content\/uploads\/2022\/09\/Capture-d\u2019e\u0301cran-2022-09-23-a\u0300-15.14.04.png\" alt=\"\" class=\"wp-image-24811\" srcset=\"http:\/\/www.letourismeaparis.fr\/wp-content\/uploads\/2022\/09\/Capture-d\u2019e\u0301cran-2022-09-23-a\u0300-15.14.04.png 360w, http:\/\/www.letourismeaparis.fr\/wp-content\/uploads\/2022\/09\/Capture-d\u2019e\u0301cran-2022-09-23-a\u0300-15.14.04-300x231.png 300w\" sizes=\"auto, (max-width: 360px) 100vw, 360px\" \/><\/figure><\/div>\n\n\n\n<p><strong>GRAND PALAIS\nIMMERSIF &#8211; 110 RUE DE LYON, PARIS 12E<\/strong><\/p>\n\n\n\n<figure class=\"wp-block-image\"><img loading=\"lazy\" decoding=\"async\" width=\"710\" height=\"35\" src=\"http:\/\/www.letourismeaparis.fr\/wp-content\/uploads\/2022\/09\/Capture-d\u2019e\u0301cran-2022-09-23-a\u0300-15.14.20-1.png\" alt=\"\" class=\"wp-image-24810\" srcset=\"http:\/\/www.letourismeaparis.fr\/wp-content\/uploads\/2022\/09\/Capture-d\u2019e\u0301cran-2022-09-23-a\u0300-15.14.20-1.png 710w, http:\/\/www.letourismeaparis.fr\/wp-content\/uploads\/2022\/09\/Capture-d\u2019e\u0301cran-2022-09-23-a\u0300-15.14.20-1-300x15.png 300w\" sizes=\"auto, (max-width: 710px) 100vw, 710px\" \/><\/figure>\n\n\n\n<figure class=\"wp-block-embed-youtube wp-block-embed is-type-video is-provider-youtube wp-embed-aspect-16-9 wp-has-aspect-ratio\"><div class=\"wp-block-embed__wrapper\">\n<iframe loading=\"lazy\" title=\"Venise r\u00e9v\u00e9l\u00e9e : la bande annonce de l\u2019exposition immersive\" width=\"640\" height=\"360\" src=\"https:\/\/www.youtube.com\/embed\/0wc0ZSsig3g?feature=oembed\" frameborder=\"0\" allow=\"accelerometer; autoplay; clipboard-write; encrypted-media; gyroscope; picture-in-picture; web-share\" referrerpolicy=\"strict-origin-when-cross-origin\" allowfullscreen><\/iframe>\n<\/div><\/figure>\n\n\n\n<figure class=\"wp-block-image\"><img loading=\"lazy\" decoding=\"async\" width=\"710\" height=\"35\" src=\"http:\/\/www.letourismeaparis.fr\/wp-content\/uploads\/2022\/09\/Capture-d\u2019e\u0301cran-2022-09-23-a\u0300-15.14.20.png\" alt=\"\" class=\"wp-image-24808\" srcset=\"http:\/\/www.letourismeaparis.fr\/wp-content\/uploads\/2022\/09\/Capture-d\u2019e\u0301cran-2022-09-23-a\u0300-15.14.20.png 710w, http:\/\/www.letourismeaparis.fr\/wp-content\/uploads\/2022\/09\/Capture-d\u2019e\u0301cran-2022-09-23-a\u0300-15.14.20-300x15.png 300w\" sizes=\"auto, (max-width: 710px) 100vw, 710px\" \/><\/figure>\n\n\n\n<p><strong>Venise tombe le masque \u00e0 Paris !\nD\u00e9couvrez l&rsquo;exposition Venise r\u00e9v\u00e9l\u00e9e au Grand Palais Immersif (M\u00e9tro Bastille,\nParis 12) du 21 septembre 2022 au 19 f\u00e9vrier 2023.<\/strong><\/p>\n","protected":false},"excerpt":{"rendered":"<p>Venise tombe le masque \u00e0 Paris ! L\u2019invention de Venise tient du miracle. Miracle d\u2019ing\u00e9nierie, d\u2019architecture et miracle artistique, cette ville incomparable, construite de toutes pi\u00e8ces sur une lagune, lutte depuis plusieurs si\u00e8cles contre la mer qui fait aussi sa&#8230;<\/p>\n","protected":false},"author":2,"featured_media":24806,"comment_status":"open","ping_status":"open","sticky":false,"template":"","format":"standard","meta":{"ngg_post_thumbnail":0,"jetpack_post_was_ever_published":false,"_jetpack_newsletter_access":"","footnotes":""},"categories":[27],"tags":[],"class_list":["post-24805","post","type-post","status-publish","format-standard","has-post-thumbnail","hentry","category-musees-expositions"],"jetpack_featured_media_url":"http:\/\/www.letourismeaparis.fr\/wp-content\/uploads\/2022\/09\/Capture-d\u2019e\u0301cran-2022-09-23-a\u0300-15.15.29.png","jetpack-related-posts":[{"id":4369,"url":"http:\/\/www.letourismeaparis.fr\/index.php\/2009\/09\/28\/titien-tintoret-venise-rivalites-a-venise-des-conferences-a-lauditorium-du-louvre\/","url_meta":{"origin":24805,"position":0},"title":"Titien , Tintoret, Venise , rivalit\u00e9s \u00e0 Venise: des conf\u00e9rences \u00e0 l&#039;auditorium du Louvre","author":"Fabienne TM","date":"28 septembre 2009","format":false,"excerpt":"\"Peindre \u00e0 Venise au XVI\u00e8me si\u00e8cle \"Tous les lundi du 28 septembre au 26 octobre des conf\u00e9rences\u00a0 auront lieu, \u00e0 l'auditorium du Louvre .L'exposition aura lieu jusqu'au 4 janvier 2010 lundi 28 septembre : styles et techniques,lundi 5 octobre : voir les miracles lundi 12 octobre feu et couleur \u00e0\u2026","rel":"","context":"Dans &quot;Non class\u00e9&quot;","block_context":{"text":"Non class\u00e9","link":"http:\/\/www.letourismeaparis.fr\/index.php\/category\/non-classe\/"},"img":{"alt_text":"","src":"","width":0,"height":0},"classes":[]},{"id":12701,"url":"http:\/\/www.letourismeaparis.fr\/index.php\/2013\/01\/28\/voir-ou-revoir-venise-a-travers-loeuvre-de-canaletto-jusquau-10-fevrier-2013-au-musee-maillol-derniers-jours\/","url_meta":{"origin":24805,"position":1},"title":"Voir ou revoir Venise \u00e0 travers l\u2019\u0153uvre de Canaletto jusqu&#039;au 10 f\u00e9vrier 2013 au mus\u00e9e Maillol : derniers jours !","author":"Fabienne TM","date":"28 janvier 2013","format":false,"excerpt":"Deux nocturnes exceptionnelles sont pr\u00e9vues le jeudi 31 janvier et le lundi 4 f\u00e9vrier 2013 ! En choisissant comme sc\u00e8ne la S\u00e9r\u00e9nissime, sa ville natale, Antonio Canal, le plus grands des v\u00e9dutistes de son temps, a imprim\u00e9 pour toujours l\u2019image de lieux que chacun porte dans son imaginaire. Pour la\u2026","rel":"","context":"Dans &quot;Non class\u00e9&quot;","block_context":{"text":"Non class\u00e9","link":"http:\/\/www.letourismeaparis.fr\/index.php\/category\/non-classe\/"},"img":{"alt_text":"","src":"","width":0,"height":0},"classes":[]},{"id":1608,"url":"http:\/\/www.letourismeaparis.fr\/index.php\/2009\/01\/26\/mozart-mascarade-le-31-janvier-a-16-h\/","url_meta":{"origin":24805,"position":2},"title":"MOZART,mascarade le 31\/01 \u00e0 16 h","author":"Fabienne TM","date":"26 janvier 2009","format":false,"excerpt":"MOZART, mascarade le 31 janvier 2009 \u00e0 16h, Spectacle de Jean Gaudon \"Venise, aujourd\u2019hui, apr\u00e8s l\u2019incendie du th\u00e9\u00e2tre la F\u00e9nice, guid\u00e9 par la vie, un bonimenteur heureux a mis la main sur quelques masques : les personnages des op\u00e9ras de Mozart. Sans doute a-t-il d\u00fb, pendant qu\u2019il les r\u00e9parait, avoir\u2026","rel":"","context":"Dans &quot;Non class\u00e9&quot;","block_context":{"text":"Non class\u00e9","link":"http:\/\/www.letourismeaparis.fr\/index.php\/category\/non-classe\/"},"img":{"alt_text":"","src":"","width":0,"height":0},"classes":[]},{"id":11489,"url":"http:\/\/www.letourismeaparis.fr\/index.php\/2012\/02\/18\/casanova-la-passion-de-la-liberte-a-la-bnf-grande-galerie-site-francois-mitterand-jusquau-19-fevrier\/","url_meta":{"origin":24805,"position":3},"title":"Casanova, la passion de la libert\u00e9 \u00e0 la BNF (grande Galerie, Site Fran\u00e7ois Mitterand) jusqu&#039;au 19 f\u00e9vrier","author":"Fabienne TM","date":"18 f\u00e9vrier 2012","format":false,"excerpt":"Casanova, la passion de la libert\u00e9 \u00e0 la BNF (grande Galerie, Site Fran\u00e7ois Mitterand)La BnF a acquis en f\u00e9vrier 2010 le splendide manuscrit, \u00e9crit en fran\u00e7ais, de l\u2019Histoire de ma vie de Giacomo Casanova (n\u00e9 \u00e0 Venise en 1725, mort \u00e0 Dux, en Boh\u00eame en 1798).Le nom de Casanova a\u2026","rel":"","context":"Dans &quot;Non class\u00e9&quot;","block_context":{"text":"Non class\u00e9","link":"http:\/\/www.letourismeaparis.fr\/index.php\/category\/non-classe\/"},"img":{"alt_text":"","src":"","width":0,"height":0},"classes":[]},{"id":7342,"url":"http:\/\/www.letourismeaparis.fr\/index.php\/2010\/04\/10\/le-carnaval-venitien-de-paris-un-reve-les-yeux-ouverts-dimanche-11-avril-2010-de-14h30-a-18h\/","url_meta":{"origin":24805,"position":4},"title":"Le Carnaval V\u00e9nitien de Paris \u00ab un r\u00eave les yeux ouverts \u00bb dimanche 11 avril 2010 de 14h30 \u00e0 18h","author":"Fabienne TM","date":"10 avril 2010","format":false,"excerpt":"Il rassemblera au port de l\u2019Arsenal Paris-Bastille, des passionn\u00e9s du Carnaval de Venise. Avec la participation des plaisanciers du port, seront install\u00e9s entre les bateaux d\u00e9cor\u00e9s, les \u00ab ducs d\u2019albe \u00bb Une gondole v\u00e9nitienne \u00ab voguaturera \u00bb entre les 2 rives du port pour le plaisir du public. Des \u00ab\u2026","rel":"","context":"Dans &quot;Non class\u00e9&quot;","block_context":{"text":"Non class\u00e9","link":"http:\/\/www.letourismeaparis.fr\/index.php\/category\/non-classe\/"},"img":{"alt_text":"","src":"https:\/\/i0.wp.com\/www.letourismeaparis.fr\/wp-content\/uploads\/2010\/04\/carnaval-venitien.jpg?resize=350%2C200","width":350,"height":200},"classes":[]},{"id":23975,"url":"http:\/\/www.letourismeaparis.fr\/index.php\/2020\/02\/19\/ophelie-gaillard-aux-invalides-le-19-mars-viva-venezia\/","url_meta":{"origin":24805,"position":5},"title":"OPH\u00c9LIE GAILLARD  aux Invalides le 19 mars \u00ab\u00a0Viva Venezia\u00a0\u00bb","author":"Fabienne TM","date":"19 f\u00e9vrier 2020","format":false,"excerpt":"ANTONIO VIVALDI . \u00a0I COLORI DELL\u2019OMBRA . OPH\u00c9LIE GAILLARD - violoncelle et direction . PULCINELLA ORCHESTRA Oph\u00e9lie Gaillard et le Pulcinella Orchestra nous entra\u00eenent \u00e0 la d\u00e9couverte de l\u2019incroyable palette sonore de Vivaldi, le plus g\u00e9nial des compositeurs v\u00e9nitiens. 19 Mars 2020 - 20h00 Cath\u00e9drale Saint-Louis Jamais \u00e0 court d\u2019id\u00e9es,\u2026","rel":"","context":"Dans &quot;Concert&quot;","block_context":{"text":"Concert","link":"http:\/\/www.letourismeaparis.fr\/index.php\/category\/culture\/concerts-musique\/concert\/"},"img":{"alt_text":"","src":"https:\/\/i0.wp.com\/www.letourismeaparis.fr\/wp-content\/uploads\/2020\/02\/Capture-d%E2%80%99e%CC%81cran-2020-02-19-a%CC%80-18.38.23.png?resize=350%2C200","width":350,"height":200,"srcset":"https:\/\/i0.wp.com\/www.letourismeaparis.fr\/wp-content\/uploads\/2020\/02\/Capture-d%E2%80%99e%CC%81cran-2020-02-19-a%CC%80-18.38.23.png?resize=350%2C200 1x, https:\/\/i0.wp.com\/www.letourismeaparis.fr\/wp-content\/uploads\/2020\/02\/Capture-d%E2%80%99e%CC%81cran-2020-02-19-a%CC%80-18.38.23.png?resize=525%2C300 1.5x"},"classes":[]}],"jetpack_sharing_enabled":true,"jetpack_likes_enabled":true,"_links":{"self":[{"href":"http:\/\/www.letourismeaparis.fr\/index.php\/wp-json\/wp\/v2\/posts\/24805","targetHints":{"allow":["GET"]}}],"collection":[{"href":"http:\/\/www.letourismeaparis.fr\/index.php\/wp-json\/wp\/v2\/posts"}],"about":[{"href":"http:\/\/www.letourismeaparis.fr\/index.php\/wp-json\/wp\/v2\/types\/post"}],"author":[{"embeddable":true,"href":"http:\/\/www.letourismeaparis.fr\/index.php\/wp-json\/wp\/v2\/users\/2"}],"replies":[{"embeddable":true,"href":"http:\/\/www.letourismeaparis.fr\/index.php\/wp-json\/wp\/v2\/comments?post=24805"}],"version-history":[{"count":3,"href":"http:\/\/www.letourismeaparis.fr\/index.php\/wp-json\/wp\/v2\/posts\/24805\/revisions"}],"predecessor-version":[{"id":24816,"href":"http:\/\/www.letourismeaparis.fr\/index.php\/wp-json\/wp\/v2\/posts\/24805\/revisions\/24816"}],"wp:featuredmedia":[{"embeddable":true,"href":"http:\/\/www.letourismeaparis.fr\/index.php\/wp-json\/wp\/v2\/media\/24806"}],"wp:attachment":[{"href":"http:\/\/www.letourismeaparis.fr\/index.php\/wp-json\/wp\/v2\/media?parent=24805"}],"wp:term":[{"taxonomy":"category","embeddable":true,"href":"http:\/\/www.letourismeaparis.fr\/index.php\/wp-json\/wp\/v2\/categories?post=24805"},{"taxonomy":"post_tag","embeddable":true,"href":"http:\/\/www.letourismeaparis.fr\/index.php\/wp-json\/wp\/v2\/tags?post=24805"}],"curies":[{"name":"wp","href":"https:\/\/api.w.org\/{rel}","templated":true}]}}