{"id":24818,"date":"2022-09-29T18:38:33","date_gmt":"2022-09-29T16:38:33","guid":{"rendered":"http:\/\/www.letourismeaparis.fr\/?p=24818"},"modified":"2022-09-29T18:41:40","modified_gmt":"2022-09-29T16:41:40","slug":"edvard-munchau-musee-dorsay","status":"publish","type":"post","link":"http:\/\/www.letourismeaparis.fr\/index.php\/2022\/09\/29\/edvard-munchau-musee-dorsay\/","title":{"rendered":"Edvard Munch,au Mus\u00e9e d\u2019Orsay"},"content":{"rendered":"\n<p>L&rsquo;\u0153uvre de Munch (1863-1944) &nbsp;&nbsp;&nbsp;plonge ses racines dans le XIXe si\u00e8cle pour\ns\u2019inscrire pleinement dans le suivant.<\/p>\n\n\n\n<hr class=\"wp-block-separator\"\/>\n\n\n\n<p>Edvard Munch :Soir\u00e9e sur l\u2019avenue Karl Johan, 1892 Dag Fosse \/ KODE<\/p>\n\n\n\n<p>&nbsp;<\/p>\n\n\n\n<p>Son \u0153uvre tout enti\u00e8re est innerv\u00e9e par une vision du monde singuli\u00e8re lui conf\u00e9rant une puissante dimension symboliste .<\/p>\n\n\n\n<hr class=\"wp-block-separator\"\/>\n\n\n\n<p>D\u00e9passant le symbolisme fin-de-si\u00e8cle, Munch transcende ce\nmouvement au-del\u00e0 de son apog\u00e9e pour en faire l\u2019\u00e9pine dorsale de son \u0153uvre, lui\nconf\u00e9rant ainsi sa grande coh\u00e9rence.<\/p>\n\n\n\n<p><\/p>\n\n\n\n<figure class=\"wp-block-embed-youtube wp-block-embed is-type-video is-provider-youtube wp-embed-aspect-16-9 wp-has-aspect-ratio\"><div class=\"wp-block-embed__wrapper\">\n<iframe loading=\"lazy\" title=\"MUNCH - Bande annonce - FR\/EN | Mus\u00e9e d\u2019Orsay\" width=\"640\" height=\"360\" src=\"https:\/\/www.youtube.com\/embed\/t08F8l8THb4?feature=oembed\" frameborder=\"0\" allow=\"accelerometer; autoplay; clipboard-write; encrypted-media; gyroscope; picture-in-picture; web-share\" referrerpolicy=\"strict-origin-when-cross-origin\" allowfullscreen><\/iframe>\n<\/div><\/figure>\n\n\n\n<p>Le processus cr\u00e9atif singulier de Munch le conduit \u00e0\nr\u00e9aliser de nombreuses d\u00e9clinaisons d\u2019un m\u00eame motif, mais aussi plusieurs\nversions d\u2019un m\u00eame sujet.<\/p>\n\n\n\n<p>&nbsp;\u00c9minemment\nsymboliste, la notion de cycle a ainsi jou\u00e9 un r\u00f4le cl\u00e9 dans la pens\u00e9e et l\u2019art\nde Munch.<\/p>\n\n\n\n<p>&nbsp;Elle intervient \u00e0\nplusieurs niveaux dans son \u0153uvre jusqu\u2019\u00e0 entrer en jeu dans la construction\nm\u00eame de ses toiles, o\u00f9 certains motifs reviennent de fa\u00e7on r\u00e9guli\u00e8re.<\/p>\n\n\n\n<p>&nbsp;Pour Munch,\nl&rsquo;humanit\u00e9 et la nature sont unies dans le cycle de la vie, de la mort et de la\nrenaissance. <\/p>\n\n\n\n<p>Soir\u00e9e sur\nl\u2019avenue Karl Johan, Edvard Munch<\/p>\n\n\n\n<p>Edvard\nMunch<\/p>\n\n\n\n<p>Soir\u00e9e sur l\u2019avenue Karl Johan, 1892<\/p>\n\n\n\n<p>Du 20 septembre 2022 au 22 janvier 2023<\/p>\n\n\n\n<p>Edvard Munch, Soir\u00e9e sur l\u2019avenue Karl Johan, 1892<\/p>\n\n\n\n<p>Edvard Munch<\/p>\n\n\n\n<p>Soir\u00e9e sur l\u2019avenue Karl Johan, 1892<\/p>\n\n\n\n<p>Dag Fosse \/ Dag Fosse \/ KODE<\/p>\n\n\n\n<p>En collaboration avec le mus\u00e9e Munch d\u2019Oslo, le mus\u00e9e\nd\u2019Orsay consacre une exposition au c\u00e9l\u00e8bre peintre norv\u00e9gien Edvard Munch\n(1863-1944) dont l\u2019\u0153uvre dans son ampleur \u2013 soixante ans de cr\u00e9ation &#8211; et sa\ncomplexit\u00e9 demeure pourtant en partie m\u00e9connu.<\/p>\n\n\n\n<hr class=\"wp-block-separator\"\/>\n\n\n\n<p>Mus\u00e9e d&rsquo;Orsay<\/p>\n\n\n\n<p>Esplanade Val\u00e9ry\nGiscard d&rsquo;Estaing 75007 Paris<\/p>\n\n\n\n<p>Lundi Ferm\u00e9<\/p>\n\n\n\n<p>Mardi9h30 &#8211; 18h00<\/p>\n\n\n\n<p>Mercredi9h30 &#8211; 18h00<\/p>\n\n\n\n<p>Jeudi9h30 &#8211; 21h45<\/p>\n\n\n\n<p>Vendredi9h30 &#8211; 18h00<\/p>\n\n\n\n<p>Samedi9h30 &#8211; 18h00<\/p>\n","protected":false},"excerpt":{"rendered":"<p>L&rsquo;\u0153uvre de Munch (1863-1944) &nbsp;&nbsp;&nbsp;plonge ses racines dans le XIXe si\u00e8cle pour s\u2019inscrire pleinement dans le suivant. Edvard Munch :Soir\u00e9e sur l\u2019avenue Karl Johan, 1892 Dag Fosse \/ KODE &nbsp; Son \u0153uvre tout enti\u00e8re est innerv\u00e9e par une vision du&#8230;<\/p>\n","protected":false},"author":2,"featured_media":24819,"comment_status":"open","ping_status":"open","sticky":false,"template":"","format":"standard","meta":{"ngg_post_thumbnail":0,"jetpack_post_was_ever_published":false,"_jetpack_newsletter_access":"","footnotes":""},"categories":[27,1],"tags":[],"class_list":["post-24818","post","type-post","status-publish","format-standard","has-post-thumbnail","hentry","category-musees-expositions","category-non-classe"],"jetpack_featured_media_url":"http:\/\/www.letourismeaparis.fr\/wp-content\/uploads\/2022\/09\/Capture-d\u2019e\u0301cran-2022-09-29-a\u0300-18.26.13.png","jetpack-related-posts":[{"id":11418,"url":"http:\/\/www.letourismeaparis.fr\/index.php\/2012\/01\/06\/edvard-munch-loeil-moderne-1900-1944-au-centre-pompidou-derniers-jours-jusqu-au-9-janvier-2012\/","url_meta":{"origin":24818,"position":0},"title":"Edvard Munch l\u2019oeil moderne 1900 &#8211; 1944   au Centre Pompidou  :derniers jours jusqu&#039;  au 9 janvier 2012","author":"Fabienne TM","date":"6 janvier 2012","format":false,"excerpt":"Le Centre Pompidou propose \u00e0 travers cette importante exposition de montrer que Edvard Munch \u00e9tait pleinement \u00ab moderne et avant-garde \u00bb. Un dialogue entre l\u2019oeuvre picturale de l\u2019artiste au XXe si\u00e8cle et son int\u00e9r\u00eat pour les formes de repr\u00e9sentation les plus modernes de son \u00e9poque d\u00e9voileront le peintre norv\u00e9gien sous\u2026","rel":"","context":"Dans &quot;Non class\u00e9&quot;","block_context":{"text":"Non class\u00e9","link":"http:\/\/www.letourismeaparis.fr\/index.php\/category\/non-classe\/"},"img":{"alt_text":"","src":"","width":0,"height":0},"classes":[]},{"id":6612,"url":"http:\/\/www.letourismeaparis.fr\/index.php\/2010\/04\/12\/edvard-munch-ou-lanti-cri-a-la-pinacotheque\/","url_meta":{"origin":24818,"position":1},"title":"Edvard Munch ou l&#039;&quot;anti-cri&quot; \u00e0 la Pinacoth\u00e8que","author":"Fabienne TM","date":"12 avril 2010","format":false,"excerpt":"Munch est consid\u00e9r\u00e9 en Norv\u00e8ge comme le peintre le plus important de tous les temps. Edvard Munch (1863-1944) est connu exclusivement pour une seule \u0153uvre : \"le Cri\".\u00a0 La notori\u00e9t\u00e9\u00a0 de ce tableau a eu pour cons\u00e9quence d\u2019occulter la r\u00e9elle dimension et le vrai message de l\u2019artiste.Des ateliers pour les\u2026","rel":"","context":"Dans &quot;Non class\u00e9&quot;","block_context":{"text":"Non class\u00e9","link":"http:\/\/www.letourismeaparis.fr\/index.php\/category\/non-classe\/"},"img":{"alt_text":"","src":"","width":0,"height":0},"classes":[]},{"id":24825,"url":"http:\/\/www.letourismeaparis.fr\/index.php\/2022\/10\/02\/face-au-solleil-un-astre-dans-les-arts\/","url_meta":{"origin":24818,"position":2},"title":"Face au solleil, un astre dans les arts","author":"Fabienne TM","date":"2 octobre 2022","format":false,"excerpt":"Le mus\u00e9e Marmottan Monet, en collaboration avec le Museum Barberini, c\u00e9l\u00e8brent les 150 ans, Impression, soleil levant et lui rendent hommage \u00e0 travers l\u2019exposition \u00ab Face au Soleil, un astre dans les arts \u00bb. Albrecht D\u00fcrer, Luca Giordano, Pierre-Paul Rubens, Claude Gell\u00e9e dit \u00ab Le Lorrain \u00bb, Joseph Vernet, Mallord\u2026","rel":"","context":"Dans &quot;Mus\u00e9es \/ Expositions&quot;","block_context":{"text":"Mus\u00e9es \/ Expositions","link":"http:\/\/www.letourismeaparis.fr\/index.php\/category\/culture\/musees-expositions\/"},"img":{"alt_text":"","src":"https:\/\/i0.wp.com\/www.letourismeaparis.fr\/wp-content\/uploads\/2022\/09\/Capture-d%E2%80%99e%CC%81cran-2022-09-30-a%CC%80-17.55.20.png?resize=350%2C200","width":350,"height":200,"srcset":"https:\/\/i0.wp.com\/www.letourismeaparis.fr\/wp-content\/uploads\/2022\/09\/Capture-d%E2%80%99e%CC%81cran-2022-09-30-a%CC%80-17.55.20.png?resize=350%2C200 1x, https:\/\/i0.wp.com\/www.letourismeaparis.fr\/wp-content\/uploads\/2022\/09\/Capture-d%E2%80%99e%CC%81cran-2022-09-30-a%CC%80-17.55.20.png?resize=525%2C300 1.5x, https:\/\/i0.wp.com\/www.letourismeaparis.fr\/wp-content\/uploads\/2022\/09\/Capture-d%E2%80%99e%CC%81cran-2022-09-30-a%CC%80-17.55.20.png?resize=700%2C400 2x"},"classes":[]},{"id":16574,"url":"http:\/\/www.letourismeaparis.fr\/index.php\/2015\/04\/17\/expositions-au-cinema-vous-presentent-les-plus-grandes-expositions-dart\/","url_meta":{"origin":24818,"position":3},"title":"Expositions Au Cin\u00e9ma vous pr\u00e9sentent les plus grandes expositions d\u2019art","author":"Fabienne TM","date":"17 avril 2015","format":false,"excerpt":"Expositions Au Cin\u00e9ma vous pr\u00e9sentent les plus grandes expositions d\u2019art dans les cin\u00e9mas du monde entier. Produit par le r\u00e9alisateur Phil Grabsky, la nouvelle saison des Expositions Au Cin\u00e9ma suit le mod\u00e8le des expositions \u00e0 succ\u00e8s L\u00e9onardo DeVinci en direct de la National Gallery de Londres, Manet de l\u2019Acad\u00e9mie Royal\u2026","rel":"","context":"Dans &quot;Cin\u00e9ma&quot;","block_context":{"text":"Cin\u00e9ma","link":"http:\/\/www.letourismeaparis.fr\/index.php\/category\/spectacle\/cinema\/"},"img":{"alt_text":"","src":"","width":0,"height":0},"classes":[]},{"id":18519,"url":"http:\/\/www.letourismeaparis.fr\/index.php\/2016\/07\/29\/les-expositions-de-la-rentree-a-paris\/","url_meta":{"origin":24818,"position":4},"title":"Les expositions de la rentr\u00e9e \u00e0 Paris","author":"Fabienne TM","date":"29 juillet 2016","format":false,"excerpt":"Bernard Buffet au mus\u00e9e d'art moderne Jade au mus\u00e9e Guimet Holder, Munch, Monet \u00e0 Marmottan Rembrandt \u00e0 Jacquemart Andr\u00e9 Magritte au Centre Pompidou, Le second empire \u00a0au mus\u00e9e d'Orsay Bazille au Mus\u00e9e d'Orsay Herg\u00e9 au Grand Palis, Tous \u00e0 la plage \u00e0 la cit\u00e9 de l'architecture Beethoven \u00e0 la Philharmonie\u2026","rel":"","context":"Dans &quot;Non class\u00e9&quot;","block_context":{"text":"Non class\u00e9","link":"http:\/\/www.letourismeaparis.fr\/index.php\/category\/non-classe\/"},"img":{"alt_text":"","src":"","width":0,"height":0},"classes":[]},{"id":18732,"url":"http:\/\/www.letourismeaparis.fr\/index.php\/2016\/09\/29\/des-visites-culturelles-a-paris-inscrivez-vous-vite\/","url_meta":{"origin":24818,"position":5},"title":"Des visites culturelles \u00e0 Paris : Inscrivez vous  vite !","author":"Fabienne TM","date":"29 septembre 2016","format":false,"excerpt":"Le Tourisme \u00e0 Paris organise des sorties culturelles \u00e0 Paris, notamment les grandes expositions . Un \u00a0tr\u00e8s bon programme cette ann\u00e9e.\u00a0Une inscription est n\u00e9cessaire pour participer . Notamment \u00a0 \u00a0 Holder, Monet, Munch Magritte Jade\u00a0\u00a0\u00a0\u00a0\u00a0\u00a0 au mus\u00e9ee Guimet Exposition de Sindbab \u00e0 Marco Polo Exposition Bernard Buffet Spectaculaire Second Empire\u2026","rel":"","context":"Dans &quot;Non class\u00e9&quot;","block_context":{"text":"Non class\u00e9","link":"http:\/\/www.letourismeaparis.fr\/index.php\/category\/non-classe\/"},"img":{"alt_text":"","src":"","width":0,"height":0},"classes":[]}],"jetpack_sharing_enabled":true,"jetpack_likes_enabled":true,"_links":{"self":[{"href":"http:\/\/www.letourismeaparis.fr\/index.php\/wp-json\/wp\/v2\/posts\/24818","targetHints":{"allow":["GET"]}}],"collection":[{"href":"http:\/\/www.letourismeaparis.fr\/index.php\/wp-json\/wp\/v2\/posts"}],"about":[{"href":"http:\/\/www.letourismeaparis.fr\/index.php\/wp-json\/wp\/v2\/types\/post"}],"author":[{"embeddable":true,"href":"http:\/\/www.letourismeaparis.fr\/index.php\/wp-json\/wp\/v2\/users\/2"}],"replies":[{"embeddable":true,"href":"http:\/\/www.letourismeaparis.fr\/index.php\/wp-json\/wp\/v2\/comments?post=24818"}],"version-history":[{"count":4,"href":"http:\/\/www.letourismeaparis.fr\/index.php\/wp-json\/wp\/v2\/posts\/24818\/revisions"}],"predecessor-version":[{"id":24824,"href":"http:\/\/www.letourismeaparis.fr\/index.php\/wp-json\/wp\/v2\/posts\/24818\/revisions\/24824"}],"wp:featuredmedia":[{"embeddable":true,"href":"http:\/\/www.letourismeaparis.fr\/index.php\/wp-json\/wp\/v2\/media\/24819"}],"wp:attachment":[{"href":"http:\/\/www.letourismeaparis.fr\/index.php\/wp-json\/wp\/v2\/media?parent=24818"}],"wp:term":[{"taxonomy":"category","embeddable":true,"href":"http:\/\/www.letourismeaparis.fr\/index.php\/wp-json\/wp\/v2\/categories?post=24818"},{"taxonomy":"post_tag","embeddable":true,"href":"http:\/\/www.letourismeaparis.fr\/index.php\/wp-json\/wp\/v2\/tags?post=24818"}],"curies":[{"name":"wp","href":"https:\/\/api.w.org\/{rel}","templated":true}]}}