{"id":24905,"date":"2022-10-09T12:15:42","date_gmt":"2022-10-09T10:15:42","guid":{"rendered":"http:\/\/www.letourismeaparis.fr\/?p=24905"},"modified":"2022-10-09T12:32:14","modified_gmt":"2022-10-09T10:32:14","slug":"la-fete-de-la-science-2022-au-jardin-des-plantes","status":"publish","type":"post","link":"http:\/\/www.letourismeaparis.fr\/index.php\/2022\/10\/09\/la-fete-de-la-science-2022-au-jardin-des-plantes\/","title":{"rendered":"La f\u00eate de la Science 2022 au Jardin des Plantes"},"content":{"rendered":"\n<p>Les chercheurs du Mus\u00e9um vont \u00e0 la rencontre du public. Ateliers, visites, d\u00e9monstrations, conf\u00e9rences, films, la science se met \u00e0 la port\u00e9e de tous !<\/p>\n\n\n\n<p>Les chercheurs du Mus\u00e9um national d\u2019Histoire naturelle ouvrent les portes de leur laboratoire pour la F\u00eate de la Science !<\/p>\n\n\n\n<p>C\u2019est une occasion unique dans l\u2019ann\u00e9e de partir \u00e0 leur rencontre. Tout au long du weekend, les scientifiques n\u2019auront de cesse de vous faire d\u00e9couvrir leurs m\u00e9tiers et leurs travaux de recherche. Ils en profiteront \u00e9galement pour vous d\u00e9voiler les tr\u00e9sors cach\u00e9s des collections et des laboratoires du Mus\u00e9um national d\u2019Histoire naturelle.<\/p>\n\n\n\n<hr class=\"wp-block-separator has-alpha-channel-opacity\"\/>\n\n\n\n<p>Les enfants pourront se passionner pour la g\u00e9ologie ou la chimie, ou bien encore explorer la biodiversit\u00e9 et le patrimoine du Mus\u00e9um. Le choix est vaste : spectacle, ateliers, visites comment\u00e9es, d\u00e9monstrations, conf\u00e9rences, films&#8230; de quoi captiver les petits mais \u00e9galement les grands.<\/p>\n\n\n\n<p><a href=\"https:\/\/www.fetedelascience.fr\/la-fete-de-la-science-2022-au-jardin-des-plantes\">https:\/\/www.fetedelascience.fr\/la-fete-de-la-science-2022-au-jardin-des-plantes<\/a><\/p>\n\n\n\n<p>F\u00eate de la Science au Mus\u00e9um<\/p>\n\n\n\n<p>Mus\u00e9um national d&rsquo;histoire naturelle de Paris<\/p>\n\n\n\n<p>57 Rue Cuvier 75005 Paris<\/p>\n\n\n\n<p>Dimanche: 13:00 &gt; 18:00<\/p>\n\n\n\n<p>Contact et r\u00e9servation<\/p>\n\n\n\n<p>formens@mnhn.fr<\/p>\n\n\n\n<p>Inscription<\/p>\n\n\n\n<p>Mus\u00e9um national d&rsquo;Histoire naturelle<\/p>\n\n\n\n<p><a href=\"https:\/\/www.mnhn.fr\">https:\/\/www.mnhn.fr<\/a><\/p>\n","protected":false},"excerpt":{"rendered":"<p>Les chercheurs du Mus\u00e9um vont \u00e0 la rencontre du public. Ateliers, visites, d\u00e9monstrations, conf\u00e9rences, films, la science se met \u00e0 la port\u00e9e de tous ! Les chercheurs du Mus\u00e9um national d\u2019Histoire naturelle ouvrent les portes de leur laboratoire pour la&#8230;<\/p>\n","protected":false},"author":2,"featured_media":24920,"comment_status":"open","ping_status":"open","sticky":false,"template":"","format":"standard","meta":{"ngg_post_thumbnail":0,"jetpack_post_was_ever_published":false,"_jetpack_newsletter_access":"","footnotes":""},"categories":[28,1,46],"tags":[],"class_list":["post-24905","post","type-post","status-publish","format-standard","has-post-thumbnail","hentry","category-familles","category-non-classe","category-sciences"],"jetpack_featured_media_url":"http:\/\/www.letourismeaparis.fr\/wp-content\/uploads\/2022\/10\/Capture-de\u0301cran-2022-10-09-a\u0300-12.19.42.png","jetpack-related-posts":[{"id":5289,"url":"http:\/\/www.letourismeaparis.fr\/index.php\/2009\/11\/20\/le-museum-fete-la-science-les-21-et-22-novembre\/","url_meta":{"origin":24905,"position":0},"title":"Le Museum f\u00eate la Science les 21 et 22 novembre","author":"Fabienne TM","date":"20 novembre 2009","format":false,"excerpt":"\u00c0 l'occasion de la F\u00eate de la science, petits et grands ont rendez-vous dans les laboratoires, habituellement inaccessibles au grand public, o\u00f9 les attendent d\u00e9monstrations, manipulations, ateliers pour les enfants et expositions de collections de recherche. AU JARDIN DES PLANTES Le Mus\u00e9um vous convie \u00e0 des ateliers, animations, conf\u00e9rences... autour\u2026","rel":"","context":"Dans &quot;Non class\u00e9&quot;","block_context":{"text":"Non class\u00e9","link":"http:\/\/www.letourismeaparis.fr\/index.php\/category\/non-classe\/"},"img":{"alt_text":"","src":"","width":0,"height":0},"classes":[]},{"id":8815,"url":"http:\/\/www.letourismeaparis.fr\/index.php\/2010\/10\/10\/parissciences-festival-international-du-film-scientifique-jusquau-12-octobre-au-museum-dans-le-jardin-des-plantes\/","url_meta":{"origin":24905,"position":1},"title":"Parissciences, festival international du film scientifique jusqu&#039;au 12 octobre au Museum dans le jardin des Plantes","author":"Fabienne TM","date":"10 octobre 2010","format":false,"excerpt":"\u00bb Toutes les projections sont suivies d'un d\u00e9bat avec les chercheurs et r\u00e9alisateurs ou producteurs des films. \u00bb Les s\u00e9ances scolaires seront ouvertes au grand public dans la limite des places disponibles. \u00bb Les projections sont gratuites et la r\u00e9servation se fait en ligne,\u00a0 nous vous invitons n\u00e9anmoins \u00e0 vous\u2026","rel":"","context":"Dans &quot;Non class\u00e9&quot;","block_context":{"text":"Non class\u00e9","link":"http:\/\/www.letourismeaparis.fr\/index.php\/category\/non-classe\/"},"img":{"alt_text":"","src":"","width":0,"height":0},"classes":[]},{"id":17253,"url":"http:\/\/www.letourismeaparis.fr\/index.php\/2015\/12\/02\/sur-la-piste-des-grands-singes-au-museum-national-dhistoire-naturelle\/","url_meta":{"origin":24905,"position":2},"title":"Sur la piste des Grands Singes,  au Mus\u00e9um national d\u2019Histoire naturelle,","author":"Fabienne TM","date":"2 d\u00e9cembre 2015","format":false,"excerpt":"L\u2019exposition\u00a0\u00a0propose au public de mieux les conna\u00eetre et de partir \u00e0 leur rencontre dans leur environnement. Guid\u00e9s par les scientifiques, qui partagent leur travail sur le terrain, les visiteurs d\u00e9couvrent la vie des grands singes au sein de la for\u00eat tropicale mais aussi les graves menaces qui p\u00e8sent aujourd\u2019hui sur\u2026","rel":"","context":"Dans &quot;Familles&quot;","block_context":{"text":"Familles","link":"http:\/\/www.letourismeaparis.fr\/index.php\/category\/familles\/"},"img":{"alt_text":"","src":"","width":0,"height":0},"classes":[]},{"id":8763,"url":"http:\/\/www.letourismeaparis.fr\/index.php\/2010\/10\/10\/la-galerie-des-enfants-au-museum-national-dhistoire-naturelle\/","url_meta":{"origin":24905,"position":3},"title":"La galerie des enfants au mus\u00e9um national d&#039;histoire naturelle","author":"Fabienne TM","date":"10 octobre 2010","format":false,"excerpt":"le 6 octobre, la galerie des enfants du Museum National d'Histoire Naturelle ouvrira ses portes au Grand public. Cette exposition permanente ( 6 \u00e0 12 ans) se visite en famille.\u00a0 Elle est ax\u00e9e sur la biodiversit\u00e9 et l'environnement.36, rue Geoffroy Saint Hilaire Paris 75005 www.galeriedesenfants.fr","rel":"","context":"Dans &quot;Non class\u00e9&quot;","block_context":{"text":"Non class\u00e9","link":"http:\/\/www.letourismeaparis.fr\/index.php\/category\/non-classe\/"},"img":{"alt_text":"","src":"","width":0,"height":0},"classes":[]},{"id":448,"url":"http:\/\/www.letourismeaparis.fr\/index.php\/2008\/11\/18\/la-fete-de-la-science-a-paris-jusquau-2311\/","url_meta":{"origin":24905,"position":4},"title":"La f\u00eate de la science \u00e0 Paris jusqu&#039;au 23\/11","author":"Fabienne TM","date":"18 novembre 2008","format":false,"excerpt":"D\u00e9couvrez , notamment, lors des journ\u00e9es de la f\u00eate de la science, la\u00a0 technique de la vannerie en atelier au mus\u00e9e de l'Homme.\u00a0 Tout public. Vous apprendrez \u00e0 employer les v\u00e9g\u00e9taux pour tresser des paniers Mus\u00e9e \/ museum Mus\u00e9e de l'Homme 17, Place du Trocad\u00e9ro\u00a0 75016 - PARIS Samedi 22\u2026","rel":"","context":"Dans &quot;Non class\u00e9&quot;","block_context":{"text":"Non class\u00e9","link":"http:\/\/www.letourismeaparis.fr\/index.php\/category\/non-classe\/"},"img":{"alt_text":"","src":"","width":0,"height":0},"classes":[]},{"id":24717,"url":"http:\/\/www.letourismeaparis.fr\/index.php\/2022\/05\/14\/la-fete-de-la-nature-au-jardin-des-plantes-21-et-22-05\/","url_meta":{"origin":24905,"position":5},"title":"La F\u00eate de la nature au Jardin des plantes 21 et 22\/05","author":"Fabienne TM","date":"14 mai 2022","format":false,"excerpt":"https:\/\/youtu.be\/d5YiKeTWjaQ VILLAGE DE LA NATURE > SAMEDI ET DIMANCHE : 10 H 30 \u00c0 19 H L\u2019ensemble du village de la nature est en acc\u00e8s libre. Attention certaines activit\u00e9s sont sur r\u00e9servation \u00e0 la tente Accueil, le jour m\u00eame \u00e0 partir de 10 h. Sous les tentes du Village de\u2026","rel":"","context":"Dans &quot;Familles&quot;","block_context":{"text":"Familles","link":"http:\/\/www.letourismeaparis.fr\/index.php\/category\/familles\/"},"img":{"alt_text":"","src":"https:\/\/i0.wp.com\/www.letourismeaparis.fr\/wp-content\/uploads\/2022\/05\/Capture-d%E2%80%99e%CC%81cran-2022-05-14-a%CC%80-20.09.19.png?resize=350%2C200","width":350,"height":200},"classes":[]}],"jetpack_sharing_enabled":true,"jetpack_likes_enabled":true,"_links":{"self":[{"href":"http:\/\/www.letourismeaparis.fr\/index.php\/wp-json\/wp\/v2\/posts\/24905","targetHints":{"allow":["GET"]}}],"collection":[{"href":"http:\/\/www.letourismeaparis.fr\/index.php\/wp-json\/wp\/v2\/posts"}],"about":[{"href":"http:\/\/www.letourismeaparis.fr\/index.php\/wp-json\/wp\/v2\/types\/post"}],"author":[{"embeddable":true,"href":"http:\/\/www.letourismeaparis.fr\/index.php\/wp-json\/wp\/v2\/users\/2"}],"replies":[{"embeddable":true,"href":"http:\/\/www.letourismeaparis.fr\/index.php\/wp-json\/wp\/v2\/comments?post=24905"}],"version-history":[{"count":10,"href":"http:\/\/www.letourismeaparis.fr\/index.php\/wp-json\/wp\/v2\/posts\/24905\/revisions"}],"predecessor-version":[{"id":24935,"href":"http:\/\/www.letourismeaparis.fr\/index.php\/wp-json\/wp\/v2\/posts\/24905\/revisions\/24935"}],"wp:featuredmedia":[{"embeddable":true,"href":"http:\/\/www.letourismeaparis.fr\/index.php\/wp-json\/wp\/v2\/media\/24920"}],"wp:attachment":[{"href":"http:\/\/www.letourismeaparis.fr\/index.php\/wp-json\/wp\/v2\/media?parent=24905"}],"wp:term":[{"taxonomy":"category","embeddable":true,"href":"http:\/\/www.letourismeaparis.fr\/index.php\/wp-json\/wp\/v2\/categories?post=24905"},{"taxonomy":"post_tag","embeddable":true,"href":"http:\/\/www.letourismeaparis.fr\/index.php\/wp-json\/wp\/v2\/tags?post=24905"}],"curies":[{"name":"wp","href":"https:\/\/api.w.org\/{rel}","templated":true}]}}