{"id":24938,"date":"2022-10-19T17:53:39","date_gmt":"2022-10-19T15:53:39","guid":{"rendered":"http:\/\/www.letourismeaparis.fr\/?p=24938"},"modified":"2022-10-19T17:54:18","modified_gmt":"2022-10-19T15:54:18","slug":"marche-de-noel-alsacien-a-paris-2","status":"publish","type":"post","link":"http:\/\/www.letourismeaparis.fr\/index.php\/2022\/10\/19\/marche-de-noel-alsacien-a-paris-2\/","title":{"rendered":"March\u00e9 de No\u00ebl alsacien \u00e0 Paris"},"content":{"rendered":"\n<p>Le plus ancien March\u00e9 de No\u00ebl alsacien hors de la r\u00e9gion renouvelle sa pr\u00e9sence sur le parvis de la Gare de Paris Est \u00e0 l\u2019occasion de sa 40\u00e8me \u00e9dition.<\/p>\n\n\n\n<p>Du mercredi 30 novembre au vendredi 16 d\u00e9cembre, c\u2019est une tranche enti\u00e8re et gourmande de l\u2019Alsace qui se d\u00e9localise avec la participation d\u2019une douzaine d\u2019artisans pr\u00eats \u00e0 partager le meilleur du terroir alsacien \u00e0 Paris.<\/p>\n\n\n\n<hr class=\"wp-block-separator has-alpha-channel-opacity\"\/>\n\n\n\n<p>Inspir\u00e9 des traditions gourmandes des No\u00ebls alsaciens, ce march\u00e9 de No\u00ebl met \u00e0 l\u2019honneur une diversit\u00e9 de produits locaux, confectionn\u00e9s artisanalement, dans le respect des savoir-faire transmis de g\u00e9n\u00e9ration en g\u00e9n\u00e9ration :<\/p>\n\n\n\n<hr class=\"wp-block-separator has-alpha-channel-opacity\"\/>\n\n\n\n<p><\/p>\n\n\n\n<p>Vins, liqueurs, eaux de vie Domaine Jean Becker<\/p>\n\n\n\n<p>Vins, Cr\u00e9mant, eaux de vie Domaine Stentz Buecher<\/p>\n\n\n\n<p>Vins, Cr\u00e9mant, eaux de vie Domaine Materne Haegelin et filles<\/p>\n\n\n\n<p>Charcuteries, fromages, confitures, miel, confiserie, pains d\u2019\u00e9pices Christlesgut<\/p>\n\n\n\n<p>Foie gras d\u2019oie et de canard Muller-Weber<\/p>\n\n\n\n<p>Pains d\u2019\u00e9pices, biscuits Fortwenger<\/p>\n\n\n\n<p>Charcuterie, foie gras, produits en cro\u00fbte, plats cuisin\u00e9s, terrines Jardins d\u2019Alsace<\/p>\n\n\n\n<p>P\u00e2tes fra\u00eeches alsaciennes, sp\u00e4tzles Tante Germaine<\/p>\n\n\n\n<p>Charcuteries alsaciennes, choucroute, tourtes, p\u00e2t\u00e9s en cro\u00fbte Maison Geismar<\/p>\n\n\n\n<p>Eaux de vie, whisky d\u2019Alsace Distillerie Meyer<\/p>\n\n\n\n<p>D\u00e9corations de No\u00ebl Compagnie Alsacienne de Promotion<\/p>\n\n\n\n<p>P\u00e2tisseries, confiseries, chocolats P\u00e2tisserie Oster<\/p>\n\n\n\n<p>Bredele de No\u00ebl, kougelhopfs Geismar Dischinger<\/p>\n\n\n\n<p><\/p>\n\n\n\n<p>Sans oublier les traditionnels \u00ab Bredele \u00bb, ces fameux petits g\u00e2teaux typiquement alsaciens confectionn\u00e9s \u00e0 la p\u00e9riode de No\u00ebl dont il existerait plus de 100 recettes diff\u00e9rentes !<\/p>\n\n\n\n<p>Infos pratiques&nbsp;<\/p>\n\n\n\n<p>Du mercredi 30 novembre au vendredi 16 d\u00e9cembre<\/p>\n\n\n\n<p>De 9h \u00e0 19h30 sauf les dimanches de 10h \u00e0 19h (fermeture \u00e0 Image18h le 16 d\u00e9cembre)<\/p>\n\n\n\n<p>Parvis de la Gare de Paris Est \u2013 c\u00f4t\u00e9 rue d\u2019Alsace<\/p>\n","protected":false},"excerpt":{"rendered":"<p>Le plus ancien March\u00e9 de No\u00ebl alsacien hors de la r\u00e9gion renouvelle sa pr\u00e9sence sur le parvis de la Gare de Paris Est \u00e0 l\u2019occasion de sa 40\u00e8me \u00e9dition. Du mercredi 30 novembre au vendredi 16 d\u00e9cembre, c\u2019est une tranche&#8230;<\/p>\n","protected":false},"author":2,"featured_media":24939,"comment_status":"open","ping_status":"open","sticky":false,"template":"","format":"standard","meta":{"ngg_post_thumbnail":0,"jetpack_post_was_ever_published":false,"_jetpack_newsletter_access":"","footnotes":""},"categories":[30],"tags":[],"class_list":["post-24938","post","type-post","status-publish","format-standard","has-post-thumbnail","hentry","category-gastronomie"],"jetpack_featured_media_url":"http:\/\/www.letourismeaparis.fr\/wp-content\/uploads\/2022\/10\/unnamed.png","jetpack-related-posts":[{"id":18926,"url":"http:\/\/www.letourismeaparis.fr\/index.php\/2016\/11\/30\/du-1er-au-16-decembre-2016-le-marche-de-noel-alsacien-de-la-gare-de-le\/","url_meta":{"origin":24938,"position":0},"title":"Du 1er au 16 d\u00e9cembre 2016, le March\u00e9 de No\u00ebl alsacien de la Gare de l\u2019Est","author":"Fabienne TM","date":"30 novembre 2016","format":false,"excerpt":"Un petit morceau d\u2019Alsace sur le parvis de la gare\u00a0! Pour cette nouvelle \u00e9dition, les artisans du march\u00e9 invitent \u00e0 la d\u00e9couverte des\u00a0traditions gourmandes des No\u00ebls alsaciens\u2026 \u00a0 Pendant toute la dur\u00e9e du March\u00e9 de No\u00ebl de la Gare de l\u2019Est, une quinzaine d\u2019artisans proposeront aux gourmets de\u00a0d\u00e9guster chaque jour\u2026","rel":"","context":"Dans &quot;Gastronomie&quot;","block_context":{"text":"Gastronomie","link":"http:\/\/www.letourismeaparis.fr\/index.php\/category\/gastronomie\/"},"img":{"alt_text":"","src":"","width":0,"height":0},"classes":[]},{"id":12185,"url":"http:\/\/www.letourismeaparis.fr\/index.php\/2012\/11\/21\/marche-de-noel-alsacien-a-la-gare-de-lest\/","url_meta":{"origin":24938,"position":1},"title":"March\u00e9 de No\u00ebl Alsacien \u00e0 la Gare de l\u2019Est","author":"Fabienne TM","date":"21 novembre 2012","format":false,"excerpt":"Du 30 novembre au 15 d\u00e9cembre 2012, le March\u00e9 de No\u00ebl alsacien de la Gare de l\u2019Est investit le pav\u00e9 ! Cette ann\u00e9e, il met \u00e0 l\u2019honneur l\u2019Arbre de No\u00ebl, celui qui prend place dans nos int\u00e9rieurs et se pare de mille feux \u00e0 l\u2019approche des f\u00eates de fin d\u2019ann\u00e9es\u2026","rel":"","context":"Dans &quot;Non class\u00e9&quot;","block_context":{"text":"Non class\u00e9","link":"http:\/\/www.letourismeaparis.fr\/index.php\/category\/non-classe\/"},"img":{"alt_text":"","src":"","width":0,"height":0},"classes":[]},{"id":21433,"url":"http:\/\/www.letourismeaparis.fr\/index.php\/2018\/10\/19\/lalsace-fetera-noel-gare-de-lest-au-marche-de-noel-alsacien-de-paris-du-5-au-8-decembre\/","url_meta":{"origin":24938,"position":2},"title":"L\u2019Alsace f\u00eatera No\u00ebl   Gare de l\u2019Est  au March\u00e9 de No\u00ebl alsacien de Paris du 5 au 8 d\u00e9cembre","author":"Fabienne TM","date":"19 octobre 2018","format":false,"excerpt":"Produits d\u2019artisans et d\u00e9gustations\u00a0 \u00a0 sur le parvis de la Gare de l\u2019Est \u00e0 Paris\u00a0\u00a0 Du 5 au 21 d\u00e9cembre, ce sera une nouvelle fois l\u2019occasion de venir d\u00e9couvrir la magie des No\u00ebls alsaciens tous les jours de 9h \u00e0 20h (10h \u00e0 19h le dimanche, 18h le vendredi21 d\u00e9cembre),\u2026","rel":"","context":"Dans &quot;Gastronomie&quot;","block_context":{"text":"Gastronomie","link":"http:\/\/www.letourismeaparis.fr\/index.php\/category\/gastronomie\/"},"img":{"alt_text":"","src":"","width":0,"height":0},"classes":[]},{"id":23892,"url":"http:\/\/www.letourismeaparis.fr\/index.php\/2019\/12\/11\/marche-de-noel-alsacien-a-paris\/","url_meta":{"origin":24938,"position":3},"title":"March\u00e9 de No\u00ebl Alsacien \u00e0 Paris","author":"Fabienne TM","date":"11 d\u00e9cembre 2019","format":false,"excerpt":"Du 4 au 20 d\u00e9cembre 2019, le March\u00e9 de No\u00ebl alsacien de la Gare de l\u2019Est installe un petit morceau d\u2019Alsace sur le parvis de la gare ! Odeurs de cannelle, d\u2019anis \u00e9toil\u00e9 et de miel, ar\u00f4mes de No\u00ebl et St Nicolas g\u00e9ant en pain d\u2019\u00e9pices\u2026 Sur le parvis de\u2026","rel":"","context":"Dans &quot;Non class\u00e9&quot;","block_context":{"text":"Non class\u00e9","link":"http:\/\/www.letourismeaparis.fr\/index.php\/category\/non-classe\/"},"img":{"alt_text":"","src":"https:\/\/i0.wp.com\/www.letourismeaparis.fr\/wp-content\/uploads\/2019\/12\/Capture-d%E2%80%99e%CC%81cran-2019-12-11-a%CC%80-11.38.44.png?resize=350%2C200","width":350,"height":200},"classes":[]},{"id":23861,"url":"http:\/\/www.letourismeaparis.fr\/index.php\/2019\/11\/29\/marche-de-noel-alsacien-gare-de-lest\/","url_meta":{"origin":24938,"position":4},"title":"March\u00e9 de No\u00ebl alsacien Gare de l\u2019Est","author":"Fabienne TM","date":"29 novembre 2019","format":false,"excerpt":"Du 4 au 20 d\u00e9cembre 2019, le March\u00e9 de No\u00ebl alsacien de la Gare de l\u2019Est installe, comme chaque ann\u00e9e depuis 1982, un petit morceau d\u2019Alsace sur le parvis de la gare ! Sur le parvis de la Gare de l\u2019Est, un chapiteau installera ses \u00e9choppes \u00e0 colombages d\u00e9cor\u00e9es de\u2026","rel":"","context":"Dans &quot;Non class\u00e9&quot;","block_context":{"text":"Non class\u00e9","link":"http:\/\/www.letourismeaparis.fr\/index.php\/category\/non-classe\/"},"img":{"alt_text":"","src":"https:\/\/i0.wp.com\/www.letourismeaparis.fr\/wp-content\/uploads\/2019\/11\/Capture-d%E2%80%99e%CC%81cran-2019-11-29-a%CC%80-12.29.03.png?resize=350%2C200","width":350,"height":200},"classes":[]},{"id":17406,"url":"http:\/\/www.letourismeaparis.fr\/index.php\/2015\/11\/24\/quelques-marches-de-noel-a-paris\/","url_meta":{"origin":24938,"position":5},"title":"QUELQUES MARCH\u00c9S DE NO\u00cbL A PARIS","author":"Fabienne TM","date":"24 novembre 2015","format":false,"excerpt":"March\u00e9 de No\u00ebl de Paris Notre-Dame du 12 d\u00e9c. 2015 au 23 d\u00e9c. 2015 Square Ren\u00e9 Viviani artisans d\u2019art, cr\u00e9ateurs de mode et d'accessoires, sculpteurs... March\u00e9 de No\u00ebl des F\u00e9\u00e9ries d'Auteuil du 05 d\u00e9c. 2015 au 13 d\u00e9c. 2015 Fondation d'Auteuil d'authentiques chalets en bois pr\u00e9sentent des produits du terroir\u2026","rel":"","context":"Dans &quot;Non class\u00e9&quot;","block_context":{"text":"Non class\u00e9","link":"http:\/\/www.letourismeaparis.fr\/index.php\/category\/non-classe\/"},"img":{"alt_text":"","src":"","width":0,"height":0},"classes":[]}],"jetpack_sharing_enabled":true,"jetpack_likes_enabled":true,"_links":{"self":[{"href":"http:\/\/www.letourismeaparis.fr\/index.php\/wp-json\/wp\/v2\/posts\/24938","targetHints":{"allow":["GET"]}}],"collection":[{"href":"http:\/\/www.letourismeaparis.fr\/index.php\/wp-json\/wp\/v2\/posts"}],"about":[{"href":"http:\/\/www.letourismeaparis.fr\/index.php\/wp-json\/wp\/v2\/types\/post"}],"author":[{"embeddable":true,"href":"http:\/\/www.letourismeaparis.fr\/index.php\/wp-json\/wp\/v2\/users\/2"}],"replies":[{"embeddable":true,"href":"http:\/\/www.letourismeaparis.fr\/index.php\/wp-json\/wp\/v2\/comments?post=24938"}],"version-history":[{"count":2,"href":"http:\/\/www.letourismeaparis.fr\/index.php\/wp-json\/wp\/v2\/posts\/24938\/revisions"}],"predecessor-version":[{"id":24943,"href":"http:\/\/www.letourismeaparis.fr\/index.php\/wp-json\/wp\/v2\/posts\/24938\/revisions\/24943"}],"wp:featuredmedia":[{"embeddable":true,"href":"http:\/\/www.letourismeaparis.fr\/index.php\/wp-json\/wp\/v2\/media\/24939"}],"wp:attachment":[{"href":"http:\/\/www.letourismeaparis.fr\/index.php\/wp-json\/wp\/v2\/media?parent=24938"}],"wp:term":[{"taxonomy":"category","embeddable":true,"href":"http:\/\/www.letourismeaparis.fr\/index.php\/wp-json\/wp\/v2\/categories?post=24938"},{"taxonomy":"post_tag","embeddable":true,"href":"http:\/\/www.letourismeaparis.fr\/index.php\/wp-json\/wp\/v2\/tags?post=24938"}],"curies":[{"name":"wp","href":"https:\/\/api.w.org\/{rel}","templated":true}]}}