{"id":25068,"date":"2023-06-28T13:10:19","date_gmt":"2023-06-28T11:10:19","guid":{"rendered":"http:\/\/www.letourismeaparis.fr\/?p=25068"},"modified":"2023-06-28T13:10:20","modified_gmt":"2023-06-28T11:10:20","slug":"le-festival-namaste-france","status":"publish","type":"post","link":"http:\/\/www.letourismeaparis.fr\/index.php\/2023\/06\/28\/le-festival-namaste-france\/","title":{"rendered":"Le festival Namast\u00e9 France 6-9 juillet"},"content":{"rendered":"\n<p>La Seine musicale accueille ce festival.<\/p>\n\n\n\n<p><\/p>\n\n\n\n<p>L&rsquo;Ambassade d&rsquo;Inde \u00e0 Paris organise le festival Namast\u00e9 France afin de c\u00e9l\u00e9brer avec faste les 25 ans du partenariat strat\u00e9gique entre l&rsquo;Inde et la France<\/p>\n\n\n\n<p><\/p>\n\n\n\n<p>Pendant le festival, Namast\u00e9 France mettra en valeur un m\u00e9lange \u00e9clectique du meilleur des traditions culturelles vivantes et des arts contemporains de l\u2019Inde. \u00c0 travers un \u00e9ventail d\u2019arts du spectacle et visuels \u2013 de l\u2019art classique au folk, du yoga aux ateliers de danse Bollywood, de la photographie \u00e0 l\u2019artisanat et la gastronomie, Namast\u00e9 France promet d\u2019offrir une exp\u00e9rience immersive dans le paysage culturel indien.<\/p>\n\n\n\n<p>Le March\u00e9 de l\u2019Artisanat Indien est une p\u00e9pini\u00e8re d\u2019\u0153uvres cr\u00e9atives et de talents in\u00e9gal\u00e9s. Il s\u2019agit d\u2019un rassemblement de 22 ma\u00eetres artisans de toute l\u2019Inde, qui exposeront leurs plus belles \u0153uvres d\u2019art.<\/p>\n\n\n\n<hr class=\"wp-block-separator has-alpha-channel-opacity\"\/>\n\n\n\n<p>&nbsp;Les ateliers :Le festival Namast\u00e9 France propose une s\u00e9rie d\u2019ateliers gratuits pour apprendre \u00e0 nouer un saree et un turban \u00e0 la mani\u00e8re indienne, s&rsquo;exercer \u00e0 la danse bollywoodienne, profiter de s\u00e9ances de yoga ou de m\u00e9ditation, ou encore d\u00e9couvrir les instruments de la musique classique et folklorique de l\u2019Inde. Le festival propose \u00e9galement des discussions litt\u00e9raires sur des th\u00e8mes aussi vari\u00e9s que l&rsquo;art, l&rsquo;histoire, la spiritualit\u00e9, la culture et le patrimoine.<\/p>\n\n\n\n<p>Food festival :Le festival Namast\u00e9 France sera \u00e9galement un voyage culinaire \u00e0 travers l&rsquo;Inde.<\/p>\n\n\n\n<p><a href=\"http:\/\/www.festivalnamastefrance.fr\">www.festivalnamastefrance.fr<\/a><\/p>\n\n\n\n<p>Adresse: \u00cele Seguin, 92100 Boulogne-Billancourt<\/p>\n\n\n\n<p>M\u00e9tro 9 : Pont de S\u00e8vres \u2013 suivre la signalisation et emprunter la passerelle<\/p>\n\n\n\n<p><\/p>\n","protected":false},"excerpt":{"rendered":"<p>La Seine musicale accueille ce festival. L&rsquo;Ambassade d&rsquo;Inde \u00e0 Paris organise le festival Namast\u00e9 France afin de c\u00e9l\u00e9brer avec faste les 25 ans du partenariat strat\u00e9gique entre l&rsquo;Inde et la France Pendant le festival, Namast\u00e9 France mettra en valeur un&#8230;<\/p>\n","protected":false},"author":2,"featured_media":25071,"comment_status":"open","ping_status":"open","sticky":false,"template":"","format":"standard","meta":{"ngg_post_thumbnail":0,"jetpack_post_was_ever_published":false,"_jetpack_newsletter_access":"","footnotes":""},"categories":[5,373,362,20,30,37],"tags":[],"class_list":["post-25068","post","type-post","status-publish","format-standard","has-post-thumbnail","hentry","category-artisanat","category-ateliers","category-concerts-musique","category-cultures-du-monde","category-gastronomie","category-mode"],"jetpack_featured_media_url":"http:\/\/www.letourismeaparis.fr\/wp-content\/uploads\/2023\/03\/Capture-decran-2023-03-21-a-18.10.01.png","jetpack-related-posts":[{"id":8729,"url":"http:\/\/www.letourismeaparis.fr\/index.php\/2010\/10\/06\/ete-indien-2010-les-mondes-de-satyajit-ray-septembre-octobre-au-musee-guimet\/","url_meta":{"origin":25068,"position":0},"title":"Et\u00e9 indien 2010, Les mondes de Satyajit Ray en octobre au mus\u00e9e guimet","author":"Fabienne TM","date":"6 octobre 2010","format":false,"excerpt":"La 7\u00e8me \u00e9dition de l\u2019Et\u00e9 indien, con\u00e7ue dans le cadre de la saison culturelle \u00ab Namaste France \u00bb et avec le soutien de l\u2019Ambassade de l\u2019Inde, rend hommage \u00e0 Satyajit Ray en 21 films dont 7 in\u00e9dits Journ\u00e9e exceptionnelle : samedi 2 octobre de 10h30 \u00e0 18h00 La Trilogie d\u2019Apu\u2026","rel":"","context":"Dans &quot;Non class\u00e9&quot;","block_context":{"text":"Non class\u00e9","link":"http:\/\/www.letourismeaparis.fr\/index.php\/category\/non-classe\/"},"img":{"alt_text":"","src":"","width":0,"height":0},"classes":[]},{"id":17128,"url":"http:\/\/www.letourismeaparis.fr\/index.php\/2016\/10\/14\/couleurs-dindonesie-au-pavillon-dauphine-dimanche-27-septembre-de-12h-a-19-h\/","url_meta":{"origin":25068,"position":1},"title":"COULEURS D&#039;INDON\u00c9SIE au pavillon Dauphine  les 15 et 16 octobre 2016","author":"Fabienne TM","date":"14 octobre 2016","format":false,"excerpt":"\u00a0l'Ambassade d'Indon\u00e9sie organise un \u00e9v\u00e9nement culturel intitul\u00e9 Festival Couleurs d\u2019Indon\u00e9sie qui se d\u00e9roulera du 15 au 16 octobre 2016 de 12h00 \u00e0 19h00 au Pavillon Dauphine (Place du Mar\u00e9chal de Lattre de Tassigny, 75116 Paris). Il s\u2019agit de l'exposition de produits artisanaux, atelier de cuisine anim\u00e9 par le Chef Degan\u2026","rel":"","context":"Dans &quot;Artisanat&quot;","block_context":{"text":"Artisanat","link":"http:\/\/www.letourismeaparis.fr\/index.php\/category\/culture\/musees-expositions\/artisanat\/"},"img":{"alt_text":"","src":"","width":0,"height":0},"classes":[]},{"id":15103,"url":"http:\/\/www.letourismeaparis.fr\/index.php\/2014\/05\/08\/la-foire-de-paris-et-les-richesses-du-monde-vous-attendent-du-30-avril-au-11-mai\/","url_meta":{"origin":25068,"position":2},"title":"La Foire de Paris  et les richesses du monde vous attendent  du 30 avril au 11 mai","author":"Fabienne TM","date":"8 mai 2014","format":false,"excerpt":"RICHESSES DU MONDE De l\u2019Asie \u00e0 l\u2019Am\u00e9rique du sud, de l\u2019Oc\u00e9anie \u00e0 l\u2019Afrique, plus de 50 pays viennent partager la richesse de leur patrimoine artisanal et culinaire. Pavillons 5.1, 5.2 et 8 10 000 m\u00b2 d\u2019exposition 260 exposants :March\u00e9s du monde Objets d'art et d'artisanat D\u00e9coration Mode et accessoire ethniques\u2026","rel":"","context":"Dans &quot;Non class\u00e9&quot;","block_context":{"text":"Non class\u00e9","link":"http:\/\/www.letourismeaparis.fr\/index.php\/category\/non-classe\/"},"img":{"alt_text":"foire-de-paris-2014","src":"https:\/\/i0.wp.com\/www.letourismeaparis.fr\/wp-content\/uploads\/2014\/04\/foire-de-paris-2014.jpg?resize=350%2C200","width":350,"height":200},"classes":[]},{"id":8092,"url":"http:\/\/www.letourismeaparis.fr\/index.php\/2010\/07\/02\/festival-du-ratha-yatra-defile-du-char-de-jagannath-dimanche-4-juillet\/","url_meta":{"origin":25068,"position":3},"title":"Festival du Ratha Yatra, d\u00e9fil\u00e9 du char de Jagannath, dimanche 4 juillet","author":"Fabienne TM","date":"2 juillet 2010","format":false,"excerpt":"Le RATHA YATRA est l\u2019un des plus grands festivals culturels et spirituels au monde. Il est c\u00e9l\u00e9br\u00e9\u00a0 dans les principales villes du monde . F\u00eate traditionnelle indienne autour d\u2019un char de procession\u00a0 tir\u00e9 par les participants\u00a0 ainsi que des stands culturels sur\u00a0 l\u2019Inde. D\u00e9part \u00e0 14h, Place de Stalingrad Arriv\u00e9e\u2026","rel":"","context":"Dans &quot;Non class\u00e9&quot;","block_context":{"text":"Non class\u00e9","link":"http:\/\/www.letourismeaparis.fr\/index.php\/category\/non-classe\/"},"img":{"alt_text":"","src":"","width":0,"height":0},"classes":[]},{"id":20903,"url":"http:\/\/www.letourismeaparis.fr\/index.php\/2018\/03\/30\/les-journees-des-metiers-dart-du-3-au-8-avril\/","url_meta":{"origin":25068,"position":4},"title":"les journ\u00e9es des m\u00e9tiers d&#039;art du 3 au 8 avril","author":"Fabienne TM","date":"30 mars 2018","format":false,"excerpt":"Un temps fort d\u00e9di\u00e9 aux manifestations, aux portes ouvertes d'ateliers et centres de formation Participez au grand rendez-vous populaire consacr\u00e9 aux ouvertures d\u2019ateliers, centres de formations, lieux culturels, et aux expositions, manifestations, conf\u00e9rences, etc. 3 jours d\u00e9di\u00e9s \u00e0 la d\u00e9couverte, \u00e0 la rencontre, au partage avec des professionnels de passion,\u2026","rel":"","context":"Dans &quot;Actualit\u00e9s&quot;","block_context":{"text":"Actualit\u00e9s","link":"http:\/\/www.letourismeaparis.fr\/index.php\/category\/actualite\/"},"img":{"alt_text":"","src":"","width":0,"height":0},"classes":[]},{"id":26096,"url":"http:\/\/www.letourismeaparis.fr\/index.php\/2025\/03\/25\/ennichi-un-nouveau-festival-japonais\/","url_meta":{"origin":25068,"position":5},"title":"ENNICHI , un nouveau festival japonais","author":"Fabienne TM","date":"25 mars 2025","format":false,"excerpt":"samedi 29 et dimanche 30 mars 2025, au c\u0153ur du 10e arrondissement de Paris.Un week-end japonais festif avec un march\u00e9 de cr\u00e9ations, des d\u00e9gustations, des ateliers, des spectacles, des jeux\u2026 March\u00e9 de cr\u00e9ations japonaises \ud83c\udf59 Food & D\u00e9gustations Le restaurant Espace Gohan (12 rue de Nancy) sera \u00e9galement ouvert durant\u2026","rel":"","context":"Dans &quot;Artisanat&quot;","block_context":{"text":"Artisanat","link":"http:\/\/www.letourismeaparis.fr\/index.php\/category\/culture\/musees-expositions\/artisanat\/"},"img":{"alt_text":"","src":"https:\/\/i0.wp.com\/www.letourismeaparis.fr\/wp-content\/uploads\/2025\/03\/Capture-decran-2025-03-25-a-18.18.16.png?resize=350%2C200","width":350,"height":200},"classes":[]}],"jetpack_sharing_enabled":true,"jetpack_likes_enabled":true,"_links":{"self":[{"href":"http:\/\/www.letourismeaparis.fr\/index.php\/wp-json\/wp\/v2\/posts\/25068","targetHints":{"allow":["GET"]}}],"collection":[{"href":"http:\/\/www.letourismeaparis.fr\/index.php\/wp-json\/wp\/v2\/posts"}],"about":[{"href":"http:\/\/www.letourismeaparis.fr\/index.php\/wp-json\/wp\/v2\/types\/post"}],"author":[{"embeddable":true,"href":"http:\/\/www.letourismeaparis.fr\/index.php\/wp-json\/wp\/v2\/users\/2"}],"replies":[{"embeddable":true,"href":"http:\/\/www.letourismeaparis.fr\/index.php\/wp-json\/wp\/v2\/comments?post=25068"}],"version-history":[{"count":5,"href":"http:\/\/www.letourismeaparis.fr\/index.php\/wp-json\/wp\/v2\/posts\/25068\/revisions"}],"predecessor-version":[{"id":25224,"href":"http:\/\/www.letourismeaparis.fr\/index.php\/wp-json\/wp\/v2\/posts\/25068\/revisions\/25224"}],"wp:featuredmedia":[{"embeddable":true,"href":"http:\/\/www.letourismeaparis.fr\/index.php\/wp-json\/wp\/v2\/media\/25071"}],"wp:attachment":[{"href":"http:\/\/www.letourismeaparis.fr\/index.php\/wp-json\/wp\/v2\/media?parent=25068"}],"wp:term":[{"taxonomy":"category","embeddable":true,"href":"http:\/\/www.letourismeaparis.fr\/index.php\/wp-json\/wp\/v2\/categories?post=25068"},{"taxonomy":"post_tag","embeddable":true,"href":"http:\/\/www.letourismeaparis.fr\/index.php\/wp-json\/wp\/v2\/tags?post=25068"}],"curies":[{"name":"wp","href":"https:\/\/api.w.org\/{rel}","templated":true}]}}