{"id":25085,"date":"2023-03-31T13:22:49","date_gmt":"2023-03-31T11:22:49","guid":{"rendered":"http:\/\/www.letourismeaparis.fr\/?p=25085"},"modified":"2023-03-31T13:24:55","modified_gmt":"2023-03-31T11:24:55","slug":"largent-dans-lart-a-la-monnaie-de-paris","status":"publish","type":"post","link":"http:\/\/www.letourismeaparis.fr\/index.php\/2023\/03\/31\/largent-dans-lart-a-la-monnaie-de-paris\/","title":{"rendered":"L\u2019ARGENT DANS L\u2019ART \u00e0 la Monnaie de Paris"},"content":{"rendered":"\n<p> 30 MARS -24 SEPTEMBRE 2023<\/p>\n\n\n\n<p>Depuis l\u2019Antiquit\u00e9, l\u2019argent nourrit l\u2019imaginaire des artistes, et en particulier le m\u00e9tal or, si pr\u00e9sent dans les mythes et l\u2019art antique (Dana\u00e9 ou le veau d\u2019or par exemple). Des origines aux mythes, en passant par les m\u00e9tiers d\u2019argent et la morale religieuse jusqu\u2019\u00e0 l\u2019invention du march\u00e9 de l\u2019art, les repr\u00e9sentations de l\u2019argent se sont multipli\u00e9es au fil des si\u00e8cles.<\/p>\n\n\n\n<p>La peinture religieuse illustre les \u00e9pisodes \u00ab transactionnels \u00bb de la Bible (L\u2019adoration des Rois Mages, Le Denier de C\u00e9sar, les 30 deniers de Judas, \u2026), et y apparaissent les th\u00e8mes de l\u2019avarice, de la charit\u00e9, du \u00ab bon et du mauvais riche \u00bb et les injonctions morales (Vanit\u00e9s, memento mori). Dans les pays convertis \u00e0 la R\u00e9forme protestante, \u00e0 partir du XVIe &nbsp;si\u00e8cle, se multiplient les repr\u00e9sentations de transactions mon\u00e9taires, du commerce en plein d\u00e9veloppement et des m\u00e9tiers d\u2019argent.<\/p>\n\n\n\n<p>La naissance de l\u2019impressionnisme repr\u00e9sente un basculement historique avec de nouveaux modes \u00e9conomiques qui se dessinent dans le champ du commerce de l\u2019art..<\/p>\n\n\n<div class=\"wp-block-image\">\n<figure class=\"aligncenter size-full is-resized\"><img loading=\"lazy\" decoding=\"async\" src=\"http:\/\/www.letourismeaparis.fr\/wp-content\/uploads\/2023\/03\/Capture-decran-2023-03-31-a-12.55.01.png\" alt=\"\" class=\"wp-image-25086\" width=\"117\" height=\"156\" srcset=\"http:\/\/www.letourismeaparis.fr\/wp-content\/uploads\/2023\/03\/Capture-decran-2023-03-31-a-12.55.01.png 243w, http:\/\/www.letourismeaparis.fr\/wp-content\/uploads\/2023\/03\/Capture-decran-2023-03-31-a-12.55.01-225x300.png 225w\" sizes=\"auto, (max-width: 117px) 100vw, 117px\" \/><\/figure>\n<\/div>\n\n\n<p> <p>Andy Warhol, Dollar Sign, 1981<span style=\"font-size: revert; color: initial;\">   <\/span><span style=\"background-color: rgba(0, 0, 0, 0.2); font-size: revert; color: initial;\">Mus\u00e9e d\u2019art moderne et d\u2019art<\/span><span style=\"font-size: revert; color: initial;\">  contemporain<\/span><span style=\"background-color: rgba(0, 0, 0, 0.2); font-size: revert; color: initial;\">. (MAMAC), Nice<\/span><\/p> C\u2019est en effet \u00e0 partir de la seconde moiti\u00e9 du XIXe \u00a0si\u00e8cle qu\u2019une rupture esth\u00e9tique avec l\u2019Acad\u00e9mie \u00e9branle les liens entre la valeur travail, la valeur d\u2019usage et la valeur d\u2019\u00e9change.d\u00e9r\u00e9gulation de la mainmise de l\u2019\u00c9tat sur l\u2019art au travers de l\u2019Acad\u00e9mie s\u2019op\u00e8re, avec comme r\u00e9sultat une valeur des \u0153uvres fix\u00e9e par le jugement critique au d\u00e9triment des crit\u00e8res acad\u00e9miques.<\/p>\n\n\n\n<p>\u00c0 partir du XXe &nbsp;si\u00e8cle, l\u2019artiste ne se contente plus de repr\u00e9senter les th\u00e8mes traditionnels li\u00e9s \u00e0 l\u2019argent ;il engage une r\u00e9flexion sur ses m\u00e9canismes, d\u00e8s lors que ces derniers sont immanents \u00e0 l\u2019\u0153uvre d\u2019art.<\/p>\n\n\n\n<p><\/p>\n\n\n\n<p>Deux attitudes radicales s\u2019opposent, d\u2019un c\u00f4t\u00e9 une valorisation du geste de l\u2019artiste, ind\u00e9pendamment de la r\u00e9alit\u00e9 mat\u00e9rielle de l\u2019objet d\u2019art, de l\u2019autre, une revendication<\/p>\n\n\n\n<p>provocatrice de l\u2019art comme moyen de faire de l\u2019argent.<\/p>\n\n\n\n<p>Le visiteur sera guid\u00e9 \u00e0 travers des salles th\u00e9matiques telles que \u00ab La morale chr\u00e9tienne de l\u2019argent \u00bb, \u00ab Le monde de la finance \u00bb, \u00ab La valeur de l\u2019art : que vend l\u2019artiste depuis<\/p>\n\n\n\n<p>Duchamp ? \u00bb ou encore \u00ab L\u2019Argent exhibitionniste \u00bb. L\u2019exposition r\u00e9unit environ deux cents pi\u00e8ces de nature, d\u2019\u00e9poques et d\u2019horizons divers<\/p>\n\n\n\n<p>Une s\u00e9lection de films sur le th\u00e8me de l\u2019argent, sera \u00e9galement int\u00e9gr\u00e9e au concept de l\u2019exposition. Certains films seront pr\u00e9sent\u00e9s dans les salles, d\u2019autres feront aussi l\u2019objet d\u2019un cycle de projection en plein-air dans les cours de la Monnaie de Paris. <\/p>\n\n\n\n<p>Les \u00ab\u00a0cartels\u00a0\u00bb en bas des oeuvres sont tr\u00e8s int\u00e9ressants.<\/p>\n\n\n\n<p>1 1 Q U A I D E C O N T I , 7 5 0 0 6 P A R I S &#8211; M O N N A I E D E P A R I S . F R<\/p>\n","protected":false},"excerpt":{"rendered":"<p>30 MARS -24 SEPTEMBRE 2023 Depuis l\u2019Antiquit\u00e9, l\u2019argent nourrit l\u2019imaginaire des artistes, et en particulier le m\u00e9tal or, si pr\u00e9sent dans les mythes et l\u2019art antique (Dana\u00e9 ou le veau d\u2019or par exemple). Des origines aux mythes, en passant par&#8230;<\/p>\n","protected":false},"author":2,"featured_media":25086,"comment_status":"open","ping_status":"open","sticky":false,"template":"","format":"standard","meta":{"ngg_post_thumbnail":0,"jetpack_post_was_ever_published":false,"_jetpack_newsletter_access":"","footnotes":""},"categories":[4,9,363,27],"tags":[],"class_list":["post-25085","post","type-post","status-publish","format-standard","has-post-thumbnail","hentry","category-art-contemporain","category-beaux-arts","category-culture","category-musees-expositions"],"jetpack_featured_media_url":"http:\/\/www.letourismeaparis.fr\/wp-content\/uploads\/2023\/03\/Capture-decran-2023-03-31-a-12.55.01.png","jetpack-related-posts":[{"id":13599,"url":"http:\/\/www.letourismeaparis.fr\/index.php\/2013\/07\/21\/art-sacre-du-tibet-collection-alain-bordier-14-mars-2013-21-juillet-2013\/","url_meta":{"origin":25085,"position":0},"title":"Art sacr\u00e9 du Tibet  Collection Alain Bordier jusqu&#039;au 21 juillet 2013","author":"Fabienne TM","date":"21 juillet 2013","format":false,"excerpt":"\u00a0La Fondation Alain Bordier a inaugur\u00e9 en 2009 le \u00ab Tibet Museum \u00bb au c\u0153ur de la cit\u00e9 m\u00e9di\u00e9vale de Gruy\u00e8res, en Suisse. Institution originale dans son propos, elle pr\u00e9sente un ensemble d\u2019\u0153uvres d\u2019art him\u00e2layen de qualit\u00e9 exceptionnelle. Collectionneur d\u2019art, Alain Bordier a r\u00e9uni en 30 ans plus de quatre\u2026","rel":"","context":"Dans &quot;Mus\u00e9es \/ Expositions&quot;","block_context":{"text":"Mus\u00e9es \/ Expositions","link":"http:\/\/www.letourismeaparis.fr\/index.php\/category\/culture\/musees-expositions\/"},"img":{"alt_text":"","src":"","width":0,"height":0},"classes":[]},{"id":11858,"url":"http:\/\/www.letourismeaparis.fr\/index.php\/2012\/08\/13\/les-seductions-du-palais-au-quai-branly\/","url_meta":{"origin":25085,"position":1},"title":"&quot;Les s\u00e9ductions du palais&quot; au quai Branly","author":"Fabienne TM","date":"13 ao\u00fbt 2012","format":false,"excerpt":"Les s\u00e9ductions du palais pr\u00e9sente les traditions de table chinoises \u00e0 travers une centaine d\u2019objets provenant majoritairement du Mus\u00e9e national de Chine, compl\u00e9t\u00e9s par une s\u00e9lection d\u2019oeuvres issue du mus\u00e9e des arts asiatiques Guimet. Vous verrz\u00a0 la vaisselle au fil des \u00e2ges : vaisselle en poterie n\u00e9olithiquem\u00e9tamorphos\u00e9e en bronze sous\u2026","rel":"","context":"Dans &quot;Non class\u00e9&quot;","block_context":{"text":"Non class\u00e9","link":"http:\/\/www.letourismeaparis.fr\/index.php\/category\/non-classe\/"},"img":{"alt_text":"","src":"","width":0,"height":0},"classes":[]},{"id":7421,"url":"http:\/\/www.letourismeaparis.fr\/index.php\/2010\/05\/26\/tresors-de-la-couronne-despagne-un-age-dor-de-la-tapisserie-flamande\/","url_meta":{"origin":25085,"position":2},"title":"Tr\u00e9sors de la Couronne d&#039;Espagne : un \u00e2ge d&#039;or de la tapisserie flamande.","author":"Fabienne TM","date":"26 mai 2010","format":false,"excerpt":"jusqu'au 4 juillet 2010 le Mobilier national propose\u00a0 un \u00e9v\u00e9nement exceptionnel : l'exposition d'une vingtaine de tapisseries flamandes de la Renaissance des anciennes collections des Habsbourg, appartenant aujourd\u2019hui au Patrimonio nacional et conserv\u00e9es dans les palais royaux d\u2019Espagne. Ces pi\u00e8ces, jamais montr\u00e9es \u00e0 Paris, sont l\u2019un des joyaux du patrimoine\u2026","rel":"","context":"Dans &quot;Non class\u00e9&quot;","block_context":{"text":"Non class\u00e9","link":"http:\/\/www.letourismeaparis.fr\/index.php\/category\/non-classe\/"},"img":{"alt_text":"","src":"https:\/\/i0.wp.com\/www.letourismeaparis.fr\/wp-content\/uploads\/2010\/04\/charles-quint-223x300.jpg?resize=350%2C200","width":350,"height":200},"classes":[]},{"id":23738,"url":"http:\/\/www.letourismeaparis.fr\/index.php\/2019\/10\/22\/lart-en-broderie-au-moyen-age-au-musee-de-cluny\/","url_meta":{"origin":25085,"position":3},"title":"L&rsquo;ART EN BRODERIE AU MOYEN \u00c2GE au mus\u00e9e de Cluny","author":"Fabienne TM","date":"22 octobre 2019","format":false,"excerpt":"LA BRODERIE 24 octobre 2019 - 20 janvier 2020 Tenture de la vie seigneuriale, Pays-Bas du Sud, vers 1500, mus\u00e9e de Cluny La broderie \u00e0 fils de soie, d\u2019or et d\u2019argent est l\u2019un des arts les plus pr\u00e9cieux et les plus prestigieux du Moyen \u00c2ge. Et pourtant\u2026 Ces oeuvres sont\u2026","rel":"","context":"Dans &quot;Non class\u00e9&quot;","block_context":{"text":"Non class\u00e9","link":"http:\/\/www.letourismeaparis.fr\/index.php\/category\/non-classe\/"},"img":{"alt_text":"","src":"https:\/\/i0.wp.com\/www.letourismeaparis.fr\/wp-content\/uploads\/2019\/10\/Capture-d%C3%A2%C2%80%C2%99e%C3%8C%C2%81cran-2019-10-22-a%C3%8C%C2%80-16.45.56.png?resize=350%2C200","width":350,"height":200},"classes":[]},{"id":2077,"url":"http:\/\/www.letourismeaparis.fr\/index.php\/2009\/02\/23\/splendeurs-de-dunhuang-au-musee-guimet-conference-lundi-23-fevrier-a-15h\/","url_meta":{"origin":25085,"position":4},"title":"Splendeurs de Dunhuang  au mus\u00e9e Guimet : conf\u00e9rence lundi 23 f\u00e9vrier \u00e0 15h","author":"Fabienne TM","date":"23 f\u00e9vrier 2009","format":false,"excerpt":"Splendeurs de Dunhuang ,par Jacques Gi\u00e8s et Gao Dexiang Mille ans d\u2019art bouddhique - V\u00e8me- XV\u00e8me si\u00e8cles. Dunhuang et son sanctuaire rupestre des grottes Mogao t\u00e9moignent d\u2019une histoire mill\u00e9naire tant religieuse qu\u2019artistique :\u00a0 une \u00e9tape\u00a0 de la Route de la Soie, voie de transmission du bouddhisme en Chine... A la\u2026","rel":"","context":"Dans &quot;Non class\u00e9&quot;","block_context":{"text":"Non class\u00e9","link":"http:\/\/www.letourismeaparis.fr\/index.php\/category\/non-classe\/"},"img":{"alt_text":"","src":"","width":0,"height":0},"classes":[]},{"id":8589,"url":"http:\/\/www.letourismeaparis.fr\/index.php\/2010\/11\/02\/lor-des-incas-a-la-pinacotheque-de-paris\/","url_meta":{"origin":25085,"position":5},"title":"L&#039;or des Incas  \u00e0 la Pinacoth\u00e8que de Paris","author":"Fabienne TM","date":"2 novembre 2010","format":false,"excerpt":"\"Les Incas ont domin\u00e9 les Andes durant un si\u00e8cle (1400-1533). Lorsqu\u2019ils s\u2019installent dans la r\u00e9gion de Cuzco au XIII\u00e8me si\u00e8cle, dix civilisations s\u2019y sont d\u00e9j\u00e0 succ\u00e9d\u00e9es. Les Incas sont donc les h\u00e9ritiers de traditions sophistiqu\u00e9es \u00e9labor\u00e9es pendant plus de 3000 ans. Consid\u00e9r\u00e9 comme la \u00ab sueur \u00bb du soleil, divinit\u00e9\u2026","rel":"","context":"Dans &quot;Non class\u00e9&quot;","block_context":{"text":"Non class\u00e9","link":"http:\/\/www.letourismeaparis.fr\/index.php\/category\/non-classe\/"},"img":{"alt_text":"","src":"","width":0,"height":0},"classes":[]}],"jetpack_sharing_enabled":true,"jetpack_likes_enabled":true,"_links":{"self":[{"href":"http:\/\/www.letourismeaparis.fr\/index.php\/wp-json\/wp\/v2\/posts\/25085","targetHints":{"allow":["GET"]}}],"collection":[{"href":"http:\/\/www.letourismeaparis.fr\/index.php\/wp-json\/wp\/v2\/posts"}],"about":[{"href":"http:\/\/www.letourismeaparis.fr\/index.php\/wp-json\/wp\/v2\/types\/post"}],"author":[{"embeddable":true,"href":"http:\/\/www.letourismeaparis.fr\/index.php\/wp-json\/wp\/v2\/users\/2"}],"replies":[{"embeddable":true,"href":"http:\/\/www.letourismeaparis.fr\/index.php\/wp-json\/wp\/v2\/comments?post=25085"}],"version-history":[{"count":3,"href":"http:\/\/www.letourismeaparis.fr\/index.php\/wp-json\/wp\/v2\/posts\/25085\/revisions"}],"predecessor-version":[{"id":25089,"href":"http:\/\/www.letourismeaparis.fr\/index.php\/wp-json\/wp\/v2\/posts\/25085\/revisions\/25089"}],"wp:featuredmedia":[{"embeddable":true,"href":"http:\/\/www.letourismeaparis.fr\/index.php\/wp-json\/wp\/v2\/media\/25086"}],"wp:attachment":[{"href":"http:\/\/www.letourismeaparis.fr\/index.php\/wp-json\/wp\/v2\/media?parent=25085"}],"wp:term":[{"taxonomy":"category","embeddable":true,"href":"http:\/\/www.letourismeaparis.fr\/index.php\/wp-json\/wp\/v2\/categories?post=25085"},{"taxonomy":"post_tag","embeddable":true,"href":"http:\/\/www.letourismeaparis.fr\/index.php\/wp-json\/wp\/v2\/tags?post=25085"}],"curies":[{"name":"wp","href":"https:\/\/api.w.org\/{rel}","templated":true}]}}