{"id":25095,"date":"2023-04-08T16:50:06","date_gmt":"2023-04-08T14:50:06","guid":{"rendered":"http:\/\/www.letourismeaparis.fr\/?p=25095"},"modified":"2023-04-08T16:50:48","modified_gmt":"2023-04-08T14:50:48","slug":"concours-international-de-chant-et-comedie-musicale","status":"publish","type":"post","link":"http:\/\/www.letourismeaparis.fr\/index.php\/2023\/04\/08\/concours-international-de-chant-et-comedie-musicale\/","title":{"rendered":"Concours International de Chant et Com\u00e9die Musicale"},"content":{"rendered":"\n<p>  Il a pour vocation de mettre en lumi\u00e8re des artistes complets et pluridisciplinaires dans les disciplines du chant, du th\u00e9\u00e2tre et de la danse.<br>Comme chaque ann\u00e9e, de jeunes artistes vont pouvoir monter sur sc\u00e8ne et pr\u00e9senter leurs<\/p>\n\n\n\n<p>talents devant des professionnels du spectacle vivant. La date de la grande finale ? Le 4 juin<\/p>\n\n\n\n<p>au Th\u00e9\u00e2tre du Petit Gymnase \u00e0 Paris !<\/p>\n\n\n\n<hr class=\"wp-block-separator has-alpha-channel-opacity\"\/>\n\n\n\n<p>Chant : la discipline star des com\u00e9dies musicales ainsi que des nombreuses \u00e9missions de<\/p>\n\n\n\n<p>t\u00e9l\u00e9vision (telles que The Voice)<\/p>\n\n\n\n<p>Chant-Th\u00e9\u00e2tre : ce sont des pr\u00e9-requis indispensables pour pouvoir int\u00e9grer une<\/p>\n\n\n\n<p>com\u00e9die musicale<\/p>\n\n\n\n<p>\u00ab\u00a0Performer\u00a0\u00bb : la cat\u00e9gorie reine qui valorise les artistes ayant la triple qualification de<\/p>\n\n\n\n<p>danseur-chanteur-com\u00e9dien.<\/p>\n\n\n\n<hr class=\"wp-block-separator has-alpha-channel-opacity\"\/>\n\n\n\n<p>Cette ann\u00e9e, le concours s&rsquo;agrandit : la province est \u00e0 l\u2019honneur avec pour la premi\u00e8re fois une demi-finale \u00e0 Bordeaux gr\u00e2ce \u00e0 notre nouveau partenaire l&rsquo;Institut National des arts du Music-hall.<\/p>\n\n\n\n<p>Les diff\u00e9rentes phases du concours :<\/p>\n\n\n\n<p>Pr\u00e9s\u00e9lections : 13 et 14 mai en pr\u00e9sentiel, ou en vid\u00e9o jusqu&rsquo;au 15 mai<\/p>\n\n\n\n<p>Demi-finales : 27 mai \u00e0 Bordeaux et 28 mai \u00e0 Paris, ou en vid\u00e9o<\/p>\n\n\n\n<p>La Grande Finale : Dimanche 4 juin au Th\u00e9\u00e2tre du Petit Gymnase<\/p>\n\n\n\n<p><\/p>\n\n\n\n<p>concours.api@gmail.com<br>apicomediemusicale.com<\/p>\n","protected":false},"excerpt":{"rendered":"<p>Il a pour vocation de mettre en lumi\u00e8re des artistes complets et pluridisciplinaires dans les disciplines du chant, du th\u00e9\u00e2tre et de la danse.Comme chaque ann\u00e9e, de jeunes artistes vont pouvoir monter sur sc\u00e8ne et pr\u00e9senter leurs talents devant des&#8230;<\/p>\n","protected":false},"author":2,"featured_media":25099,"comment_status":"open","ping_status":"open","sticky":false,"template":"","format":"standard","meta":{"ngg_post_thumbnail":0,"jetpack_post_was_ever_published":false,"_jetpack_newsletter_access":"","footnotes":""},"categories":[15,362,21],"tags":[],"class_list":["post-25095","post","type-post","status-publish","format-standard","has-post-thumbnail","hentry","category-comedie-musicale","category-concerts-musique","category-danse"],"jetpack_featured_media_url":"http:\/\/www.letourismeaparis.fr\/wp-content\/uploads\/2023\/04\/Capture-decran-2023-04-08-a-16.47.26.png","jetpack-related-posts":[{"id":335,"url":"http:\/\/www.letourismeaparis.fr\/index.php\/2008\/09\/11\/tanguera-spectacle-de-tango-argentin-au-theatre-du-chatelet\/","url_meta":{"origin":25095,"position":0},"title":"Tanguera,  spectacle de tango argentin au  Th\u00e9atre du Ch\u00e2telet","author":"Fabienne TM","date":"11 septembre 2008","format":false,"excerpt":"Du 2 au 21 septembre 2008. \"Une com\u00e9die musicale o\u00f9 la passion et la sensualit\u00e9 s'incarnent dans la danse et le chant : Tanguera offre un retour aux racines du tango et nous plonge dans l'ambiance \u00e9lectrique des quartiers populaires de Buenos Aires. Un spectacle argentin incandescent !\" Th\u00e9\u00e2tre du\u2026","rel":"","context":"Dans &quot;Non class\u00e9&quot;","block_context":{"text":"Non class\u00e9","link":"http:\/\/www.letourismeaparis.fr\/index.php\/category\/non-classe\/"},"img":{"alt_text":"","src":"","width":0,"height":0},"classes":[]},{"id":19348,"url":"http:\/\/www.letourismeaparis.fr\/index.php\/2016\/12\/30\/42nd-street-au-chatelet-une-superbe-comedie-musicale\/","url_meta":{"origin":25095,"position":1},"title":"42nd Street au ch\u00e2telet : une superbe com\u00e9die musicale !","author":"Fabienne TM","date":"30 d\u00e9cembre 2016","format":false,"excerpt":"\u00a0 C\u2019est avec une \u0153uvre pleine de charme que l\u2019on passera les f\u00eates de fin d\u2019ann\u00e9e. Embl\u00e8me des \u00ab\u00a0backstages musicals\u00a0\u00bb am\u00e9ricains, ces com\u00e9dies musicales qui racontent la pr\u00e9paration d\u2019un spectacle, 42nd Street se d\u00e9roule juste apr\u00e8s la crise financi\u00e8re de 1929 : un producteur mise sur un nouveau show, mais\u2026","rel":"","context":"Dans &quot;Non class\u00e9&quot;","block_context":{"text":"Non class\u00e9","link":"http:\/\/www.letourismeaparis.fr\/index.php\/category\/non-classe\/"},"img":{"alt_text":"","src":"","width":0,"height":0},"classes":[]},{"id":6118,"url":"http:\/\/www.letourismeaparis.fr\/index.php\/2010\/01\/15\/bonnie-and-clyde-un-polar-musical-jusquau-17-janvier\/","url_meta":{"origin":25095,"position":2},"title":"Bonnie and Clyde, un polar musical jusqu&#039;au 17 janvier","author":"Fabienne TM","date":"15 janvier 2010","format":false,"excerpt":"Le metteur en sc\u00e8ne Antoine Lelandais redonne vie \u00e0 Bonnie Parker et Clyde Barrow dans la com\u00e9die musicale Bonnie and Clyde, le polar musical. Cette nouvelle com\u00e9die musicale m\u00eale chant, danse, humour et sc\u00e8nes de combat. Une cambrioleuse de talent d\u00e9robe les diamants d\u2019Alvarez, le parrain de la mafia new-yorkaise.\u2026","rel":"","context":"Dans &quot;Non class\u00e9&quot;","block_context":{"text":"Non class\u00e9","link":"http:\/\/www.letourismeaparis.fr\/index.php\/category\/non-classe\/"},"img":{"alt_text":"","src":"","width":0,"height":0},"classes":[]},{"id":19378,"url":"http:\/\/www.letourismeaparis.fr\/index.php\/2017\/03\/08\/moi-jaime-le-music-hall-chez-maxims\/","url_meta":{"origin":25095,"position":3},"title":"\u00ab Moi j\u2019aime le music-hall ! \u00bb chez MAXIM&#039;S","author":"Fabienne TM","date":"8 mars 2017","format":false,"excerpt":"Th\u00e9\u00e2tre Maxim\u2019s Pierre Cardin vous pr\u00e9sente le spectacle \u00ab Moi j\u2019aime le music-hall ! \u00bb un mix musical d\u00e9tonnant de Tr\u00e9net \u00e0 Stromae, chaque lundi \u00e0 20H30. Dans l\u2019\u00e9crin prestigieux de Maxim\u2019s, le nouveau th\u00e9\u00e2tre prend place sur la sc\u00e8ne du premier \u00e9tage et donne le \u00ab La \u00bb au\u2026","rel":"","context":"Dans &quot;Com\u00e9die Musicale&quot;","block_context":{"text":"Com\u00e9die Musicale","link":"http:\/\/www.letourismeaparis.fr\/index.php\/category\/spectacle\/comedie-musicale\/"},"img":{"alt_text":"","src":"","width":0,"height":0},"classes":[]},{"id":19680,"url":"http:\/\/www.letourismeaparis.fr\/index.php\/2017\/04\/08\/gosse-de-riche-une-comedie-musicale-au-theatre-trevise-les-12-et-19-avril-a-20h\/","url_meta":{"origin":25095,"position":4},"title":"Gosse de Riche, une com\u00e9die musicale au th\u00e9atre Tr\u00e9vise les 12 et 19 avril \u00e0 20h","author":"Fabienne TM","date":"8 avril 2017","format":false,"excerpt":"Une com\u00e9die musicale sympathique en 3 actes de Maurice Yvain,\u00a0Livret & Lyrics de Jacques Bousquet & Henri Falk* La distribution r\u00e9unit artistes du monde lyrique et du music-hall Doroth\u00e9e Lorthiois, Charl\u00e8ne Duval, Ariane Pitrie, L\u00e9ovanie Raud Guillaume Paire, Alexandre Martin-Varroy, Olivier Podesta Accompagn\u00e9s du Frivol'Ensemble t plac\u00e9 sous la baguette\u2026","rel":"","context":"Dans &quot;Com\u00e9die Musicale&quot;","block_context":{"text":"Com\u00e9die Musicale","link":"http:\/\/www.letourismeaparis.fr\/index.php\/category\/spectacle\/comedie-musicale\/"},"img":{"alt_text":"","src":"https:\/\/i0.wp.com\/www.letourismeaparis.fr\/wp-content\/uploads\/2017\/04\/Capture-d%C3%A2%C2%80%C2%99e%C3%8C%C2%81cran-2017-04-08-a%C3%8C%C2%80-14.28.35-257x300.png?resize=350%2C200","width":350,"height":200},"classes":[]},{"id":15674,"url":"http:\/\/www.letourismeaparis.fr\/index.php\/2014\/10\/27\/le-bal-des-vampires-une-superbe-comedie-musicale-au-theatre-mogador\/","url_meta":{"origin":25095,"position":5},"title":"LE BAL DES VAMPIRES : une superbe com\u00e9die musicale au Th\u00e9atre Mogador","author":"Fabienne TM","date":"27 octobre 2014","format":false,"excerpt":"Pour la premi\u00e8re fois en France et en fran\u00e7ais,\u00a0Stage Entertainment\u00a0pr\u00e9sentera, en collaboration avec Vereinigte B\u00fchnen Wien, le musicalLE BAL DES VAMPIRES, adapt\u00e9 du film culte de Roman Polanski. Retrouvez sur sc\u00e8ne, les p\u00e9rip\u00e9ties du professeur Abronsius et son jeune assistant Alfred partis en voyage dans la myst\u00e9rieuse contr\u00e9e de Transylvanie,\u2026","rel":"","context":"Dans &quot;Com\u00e9die Musicale&quot;","block_context":{"text":"Com\u00e9die Musicale","link":"http:\/\/www.letourismeaparis.fr\/index.php\/category\/spectacle\/comedie-musicale\/"},"img":{"alt_text":"","src":"","width":0,"height":0},"classes":[]}],"jetpack_sharing_enabled":true,"jetpack_likes_enabled":true,"_links":{"self":[{"href":"http:\/\/www.letourismeaparis.fr\/index.php\/wp-json\/wp\/v2\/posts\/25095","targetHints":{"allow":["GET"]}}],"collection":[{"href":"http:\/\/www.letourismeaparis.fr\/index.php\/wp-json\/wp\/v2\/posts"}],"about":[{"href":"http:\/\/www.letourismeaparis.fr\/index.php\/wp-json\/wp\/v2\/types\/post"}],"author":[{"embeddable":true,"href":"http:\/\/www.letourismeaparis.fr\/index.php\/wp-json\/wp\/v2\/users\/2"}],"replies":[{"embeddable":true,"href":"http:\/\/www.letourismeaparis.fr\/index.php\/wp-json\/wp\/v2\/comments?post=25095"}],"version-history":[{"count":4,"href":"http:\/\/www.letourismeaparis.fr\/index.php\/wp-json\/wp\/v2\/posts\/25095\/revisions"}],"predecessor-version":[{"id":25101,"href":"http:\/\/www.letourismeaparis.fr\/index.php\/wp-json\/wp\/v2\/posts\/25095\/revisions\/25101"}],"wp:featuredmedia":[{"embeddable":true,"href":"http:\/\/www.letourismeaparis.fr\/index.php\/wp-json\/wp\/v2\/media\/25099"}],"wp:attachment":[{"href":"http:\/\/www.letourismeaparis.fr\/index.php\/wp-json\/wp\/v2\/media?parent=25095"}],"wp:term":[{"taxonomy":"category","embeddable":true,"href":"http:\/\/www.letourismeaparis.fr\/index.php\/wp-json\/wp\/v2\/categories?post=25095"},{"taxonomy":"post_tag","embeddable":true,"href":"http:\/\/www.letourismeaparis.fr\/index.php\/wp-json\/wp\/v2\/tags?post=25095"}],"curies":[{"name":"wp","href":"https:\/\/api.w.org\/{rel}","templated":true}]}}