{"id":25114,"date":"2023-04-13T19:18:31","date_gmt":"2023-04-13T17:18:31","guid":{"rendered":"http:\/\/www.letourismeaparis.fr\/?p=25114"},"modified":"2023-04-13T19:24:29","modified_gmt":"2023-04-13T17:24:29","slug":"sarah-bernhardt-monstre-sacreau-petit-palais","status":"publish","type":"post","link":"http:\/\/www.letourismeaparis.fr\/index.php\/2023\/04\/13\/sarah-bernhardt-monstre-sacreau-petit-palais\/","title":{"rendered":"Sarah Bernhardt \u00ab\u00a0monstre sacr\u00e9\u00a0\u00bbau Petit Palais"},"content":{"rendered":"\n<p>Et la femme cr\u00e9a la star<\/p>\n\n\n\n<p><\/p>\n\n\n\n<p>Figure embl\u00e9matique du tournant desXIXe et XXe si\u00e8cles, la \u00ab Divine \u00bb SarahBernhardt (1844-1923), actrice tout autant qu\u2019artiste, fait l\u2019objet d\u2019une exposition exceptionnelle au Petit Palais \u00e0 l\u2019occasion du centenaire de sa mort. Actrice, peintre, sculptrice, \u00e9crivain&#8230;<\/p>\n\n\n\n<p>.<\/p>\n\n\n\n<hr class=\"wp-block-separator has-alpha-channel-opacity\"\/>\n\n\n\n<p> Actrice mythique des plus grands dramaturges comme Racine, Shakespeare&#8230;, elle ne cesse de triompher sur les sc\u00e8nes du monde entier. <\/p>\n\n\n\n<p>L\u2019exposition \u00e9voque ses plus grands r\u00f4les .<\/p>\n\n\n<div class=\"wp-block-image\">\n<figure class=\"aligncenter size-full\"><img loading=\"lazy\" decoding=\"async\" width=\"252\" height=\"447\" src=\"http:\/\/www.letourismeaparis.fr\/wp-content\/uploads\/2023\/04\/Capture-decran-2023-04-13-a-18.41.37-1.png\" alt=\"\" class=\"wp-image-25120\" srcset=\"http:\/\/www.letourismeaparis.fr\/wp-content\/uploads\/2023\/04\/Capture-decran-2023-04-13-a-18.41.37-1.png 252w, http:\/\/www.letourismeaparis.fr\/wp-content\/uploads\/2023\/04\/Capture-decran-2023-04-13-a-18.41.37-1-169x300.png 169w\" sizes=\"auto, (max-width: 252px) 100vw, 252px\" \/><\/figure>\n<\/div>\n\n\n<p> Elle est l\u2019amie des artistes comme Gustave Dor\u00e9, Georges Clairin, Louise Abb\u00e9ma, Alphonse Mucha mais aussi des \u00e9crivains comme Victor Hugo,Edmond Rostand, Victorien Sardou ou Sacha Guitry et des musiciens tels Reynaldo Hahn.<\/p>\n\n\n\n<p>De multiples objets lui ayant appartenu illustrent la<\/p>\n\n\n\n<p>\u00ab Sarah intime \u00bb, son int\u00e9rieur, sa garde-robe, et son<\/p>\n\n\n\n<p>go\u00fbt pour les excentricit\u00e9s et les bizarreries. <\/p>\n\n\n\n<p> Un chapitre de l\u2019exposition est d\u00e9di\u00e9 \u00e0 ses tourn\u00e9es dans le monde entier. <\/p>\n\n\n\n<p>14 avril &#8211; 27 ao\u00fbt 2023<\/p>\n\n\n\n<hr class=\"wp-block-separator has-alpha-channel-opacity\"\/>\n\n\n\n<p><\/p>\n\n\n\n<p>Georges Jules Victor Clairin,<br>Portrait de Sarah Bernhardt,<br>1876, huile sur toile, Petit Palais,mus\u00e9e des Beaux-arts de la Ville<br>de Paris, Paris, France \u00a9 Paris Mus\u00e9es \/ Petit Palais<\/p>\n\n\n\n<p><\/p>\n\n\n\n<p>Georges Clairin, Sarah Bernhardt dans le r\u00f4le de Dona Maria de Neubourg, dans Ruy Blas de Victor Hugo, 1879, huile sur toile, Com\u00e9die-Fran\u00e7aise,<br>Paris \u00a9 Collections Com\u00e9die-Fran\u00e7aise<\/p>\n\n\n\n<p><\/p>\n\n\n\n<p>Petit Palais, avenue Winston Churchill Paris-75008<\/p>\n\n\n\n<p><\/p>\n","protected":false},"excerpt":{"rendered":"<p>Et la femme cr\u00e9a la star Figure embl\u00e9matique du tournant desXIXe et XXe si\u00e8cles, la \u00ab Divine \u00bb SarahBernhardt (1844-1923), actrice tout autant qu\u2019artiste, fait l\u2019objet d\u2019une exposition exceptionnelle au Petit Palais \u00e0 l\u2019occasion du centenaire de sa mort. Actrice,&#8230;<\/p>\n","protected":false},"author":2,"featured_media":25118,"comment_status":"open","ping_status":"open","sticky":false,"template":"","format":"standard","meta":{"ngg_post_thumbnail":0,"jetpack_post_was_ever_published":false,"_jetpack_newsletter_access":"","footnotes":""},"categories":[363,27],"tags":[],"class_list":["post-25114","post","type-post","status-publish","format-standard","has-post-thumbnail","hentry","category-culture","category-musees-expositions"],"jetpack_featured_media_url":"http:\/\/www.letourismeaparis.fr\/wp-content\/uploads\/2023\/04\/Capture-decran-2023-04-13-a-19.14.46.png","jetpack-related-posts":[{"id":8881,"url":"http:\/\/www.letourismeaparis.fr\/index.php\/2010\/10\/20\/foire-dart-moderne-et-contemporain-du-21-au-25-octobre-2010\/","url_meta":{"origin":25114,"position":0},"title":"FOIRE D&#039;ART MODERNE ET CONTEMPORAIN DU 21 AU 25 OCTOBRE 2010","author":"Fabienne TM","date":"20 octobre 2010","format":false,"excerpt":"la Foire d'Art Moderne et Contemporain, Art Elys\u00e9es s'installe\u00a0 le long des Champs Elys\u00e9es de la Place Cl\u00e9menceau \u00e0 la Place de la Concorde. L'accent\u00a0 est mis sur l'art moderne et contemporain \"classique\", La Fondation Vasarely STAND 104 A : Conf\u00e9rence \"Victor Vasarely\" : \"de l'oeuvre peint \u00e0 l'oeuvre architectur\u00e9\"\u2026","rel":"","context":"Dans &quot;Non class\u00e9&quot;","block_context":{"text":"Non class\u00e9","link":"http:\/\/www.letourismeaparis.fr\/index.php\/category\/non-classe\/"},"img":{"alt_text":"","src":"","width":0,"height":0},"classes":[]},{"id":2332,"url":"http:\/\/www.letourismeaparis.fr\/index.php\/2009\/03\/15\/une-exposition-tres-interessante-a-voir-en-famille-les-expositions-universelles-de-paris\/","url_meta":{"origin":25114,"position":1},"title":"Une exposition tr\u00e8s int\u00e9ressante ! \u00e0 voir en famille : les expositions universelles de Paris","author":"Fabienne TM","date":"15 mars 2009","format":false,"excerpt":"Une exposition tr\u00e8s int\u00e9ressante ! Les expositions universelles ont\u00a0 transform\u00e9 le paysage parisien et son d\u00e9veloppement urbanistique.L'exposition de 1900 a attir\u00e9 51 millions de visiteurs.Ils d\u00e9couvrirent l'ascenceur en 1867... le cin\u00e9ma en 1900, la t\u00e9l\u00e9vison en 1937 Elles ont l\u00e9gu\u00e9 notamment\u00a0 la Tour Eiffel, le Grand et le Petit Palais,\u00a0\u00a0\u00a0\u2026","rel":"","context":"Dans &quot;Non class\u00e9&quot;","block_context":{"text":"Non class\u00e9","link":"http:\/\/www.letourismeaparis.fr\/index.php\/category\/non-classe\/"},"img":{"alt_text":"","src":"","width":0,"height":0},"classes":[]},{"id":2591,"url":"http:\/\/www.letourismeaparis.fr\/index.php\/2009\/04\/11\/une-superbe-exposition-a-la-conciergerie\/","url_meta":{"origin":25114,"position":2},"title":"Une superbe exposition \u00e0 la Conciergerie","author":"Fabienne TM","date":"11 avril 2009","format":false,"excerpt":"Une exposition tr\u00e8s int\u00e9ressante ! Les expositions universelles ont\u00a0 transform\u00e9 le paysage parisien et son d\u00e9veloppement urbanistique.L'exposition de 1900 a attir\u00e9 51 millions de visiteurs.Ils d\u00e9couvrirent l'ascenceur en 1867... le cin\u00e9ma en 1900, la t\u00e9l\u00e9vison en 1937 Elles ont l\u00e9gu\u00e9 notamment\u00a0 la Tour Eiffel, le Grand et le Petit Palais,\u00a0\u00a0\u00a0\u2026","rel":"","context":"Dans &quot;Non class\u00e9&quot;","block_context":{"text":"Non class\u00e9","link":"http:\/\/www.letourismeaparis.fr\/index.php\/category\/non-classe\/"},"img":{"alt_text":"","src":"","width":0,"height":0},"classes":[]},{"id":14930,"url":"http:\/\/www.letourismeaparis.fr\/index.php\/2014\/08\/17\/paris-1900-la-ville-spectacle-au-petit-palais\/","url_meta":{"origin":25114,"position":3},"title":"\u00ab PARIS 1900, LA VILLE SPECTACLE \u00bb au Petit Palais : films, concerts et conf\u00e9rences","author":"Fabienne TM","date":"17 ao\u00fbt 2014","format":false,"excerpt":"\u00a0L'exposition invite le public \u00e0 revivre les heures fastes de la capitale fran\u00e7aise au moment o\u00f9 elle accueille l\u2019Exposition Universelle qui inaugure en fanfare le 20e si\u00e8cle. Plus que jamais la ville rayonne aux yeux du monde entier comme la cit\u00e9 du luxe et de l\u2019art de vivre. Plus de\u2026","rel":"","context":"Dans &quot;Mus\u00e9es \/ Expositions&quot;","block_context":{"text":"Mus\u00e9es \/ Expositions","link":"http:\/\/www.letourismeaparis.fr\/index.php\/category\/culture\/musees-expositions\/"},"img":{"alt_text":"","src":"","width":0,"height":0},"classes":[]},{"id":12162,"url":"http:\/\/www.letourismeaparis.fr\/index.php\/2012\/11\/24\/les-frimousses-de-createurs-un-evenement-incontournable-exposition-gratuite-du-27-novembre-au-2-decembre-2012-au-petit-palais\/","url_meta":{"origin":25114,"position":4},"title":"Les Frimousses de cr\u00e9ateurs, un \u00e9v\u00e8nement incontournable ! Exposition gratuite du 27 novembre au 2 d\u00e9cembre 2012 au Petit Palais,","author":"Fabienne TM","date":"24 novembre 2012","format":false,"excerpt":"Frimousses de Cr\u00e9ateurs r\u00e9unit depuis 10 ans les plus grands Cr\u00e9ateurs de Mode, des Artistes de renom, des Joailliers, des Designers autour d\u2019un but commun : apporter une aide concr\u00e8te aux enfants du Darfour, 1\u00e8res victimes d\u2019une crise humanitaire sans pr\u00e9c\u00e9dent. Pour la dixi\u00e8me \u00e9dition, l\u2019UNICEF France renouvelle sa prestigieuse\u2026","rel":"","context":"Dans &quot;Non class\u00e9&quot;","block_context":{"text":"Non class\u00e9","link":"http:\/\/www.letourismeaparis.fr\/index.php\/category\/non-classe\/"},"img":{"alt_text":"","src":"","width":0,"height":0},"classes":[]},{"id":25290,"url":"http:\/\/www.letourismeaparis.fr\/index.php\/2023\/09\/11\/tresors-en-noir-et-blanc\/","url_meta":{"origin":25114,"position":5},"title":"Tr\u00e9sors en noir et blanc","author":"Fabienne TM","date":"11 septembre 2023","format":false,"excerpt":"D\u00fcrer, Rembrandt, Goya, Toulouse-Lautrec Du 12 septembre 2023 au 14 janvier 2024 Le Petit Palais met \u00e0 l\u2019honneur son riche cabinet d\u2019arts graphiques \u00e0 travers une s\u00e9lection de pr\u00e8s de 200 feuilles des grands ma\u00eetres de l\u2019estampe comme D\u00fcrer, Rembrandt, Callot, Goya, Toulouse-Lautrec, entre autres.. . L\u2019estampe tient une place\u2026","rel":"","context":"Dans &quot;Culture&quot;","block_context":{"text":"Culture","link":"http:\/\/www.letourismeaparis.fr\/index.php\/category\/culture\/"},"img":{"alt_text":"","src":"https:\/\/i0.wp.com\/www.letourismeaparis.fr\/wp-content\/uploads\/2023\/09\/Capture-decran-2023-09-11-a-18.15.25.png?resize=350%2C200","width":350,"height":200},"classes":[]}],"jetpack_sharing_enabled":true,"jetpack_likes_enabled":true,"_links":{"self":[{"href":"http:\/\/www.letourismeaparis.fr\/index.php\/wp-json\/wp\/v2\/posts\/25114","targetHints":{"allow":["GET"]}}],"collection":[{"href":"http:\/\/www.letourismeaparis.fr\/index.php\/wp-json\/wp\/v2\/posts"}],"about":[{"href":"http:\/\/www.letourismeaparis.fr\/index.php\/wp-json\/wp\/v2\/types\/post"}],"author":[{"embeddable":true,"href":"http:\/\/www.letourismeaparis.fr\/index.php\/wp-json\/wp\/v2\/users\/2"}],"replies":[{"embeddable":true,"href":"http:\/\/www.letourismeaparis.fr\/index.php\/wp-json\/wp\/v2\/comments?post=25114"}],"version-history":[{"count":4,"href":"http:\/\/www.letourismeaparis.fr\/index.php\/wp-json\/wp\/v2\/posts\/25114\/revisions"}],"predecessor-version":[{"id":25122,"href":"http:\/\/www.letourismeaparis.fr\/index.php\/wp-json\/wp\/v2\/posts\/25114\/revisions\/25122"}],"wp:featuredmedia":[{"embeddable":true,"href":"http:\/\/www.letourismeaparis.fr\/index.php\/wp-json\/wp\/v2\/media\/25118"}],"wp:attachment":[{"href":"http:\/\/www.letourismeaparis.fr\/index.php\/wp-json\/wp\/v2\/media?parent=25114"}],"wp:term":[{"taxonomy":"category","embeddable":true,"href":"http:\/\/www.letourismeaparis.fr\/index.php\/wp-json\/wp\/v2\/categories?post=25114"},{"taxonomy":"post_tag","embeddable":true,"href":"http:\/\/www.letourismeaparis.fr\/index.php\/wp-json\/wp\/v2\/tags?post=25114"}],"curies":[{"name":"wp","href":"https:\/\/api.w.org\/{rel}","templated":true}]}}