{"id":25127,"date":"2023-04-21T16:33:48","date_gmt":"2023-04-21T14:33:48","guid":{"rendered":"http:\/\/www.letourismeaparis.fr\/?p=25127"},"modified":"2023-04-21T16:43:26","modified_gmt":"2023-04-21T14:43:26","slug":"paris-capitale-de-la-gastronomie","status":"publish","type":"post","link":"http:\/\/www.letourismeaparis.fr\/index.php\/2023\/04\/21\/paris-capitale-de-la-gastronomie\/","title":{"rendered":"Paris \u00ab\u00a0capitale de la Gastronomie\u00a0\u00bb"},"content":{"rendered":"\n<p>L\u2019exposition explore le r\u00f4le de Paris, capitale politique, dans le rayonnement de la gastronomie fran\u00e7aise.La premi\u00e8re partie met \u00e0 l\u2019honneur la table m\u00e9di\u00e9vale .Une exp\u00e9rience immersive au sein du banquet de Charles V et dans les cuisines, enrichie de nouvelles reconstitutions en 3D sur l\u2019Histopad, tablette de r\u00e9alit\u00e9 augment\u00e9e de la Conciergerie, vient compl\u00e9ter cette premi\u00e8re section.<\/p>\n\n\n\n<hr class=\"wp-block-separator has-alpha-channel-opacity\"\/>\n\n\n\n<p>D\u2019autres festins parisiens sont \u00e9voqu\u00e9s .<\/p>\n\n\n\n<p>Le parcours se poursuit par le \u00ab Ventre de Paris \u00bb,titre tir\u00e9 du fameux livre d\u2019Emile Zola (1873) qui dresse le portrait des grandes Halles nouvellement construites par Victor Baltard sous la forme d\u2019un immense estomac.Dans la troisi\u00e8me section, le visiteur est invit\u00e9 \u00e0 d\u00e9couvrir le r\u00e9cit de l\u2019invention du restaurant et de son extension, du Palais Royal aux grands boulevards, puis au reste de la capitale.Le parcours se conclut par la mise \u00e0 l\u2019honneur du Paris gastronomique comme carrefour propice aux \u00e9changes, aux m\u00e9tissages et \u00e0 la cr\u00e9ativit\u00e9.<\/p>\n\n\n\n<hr class=\"wp-block-separator has-alpha-channel-opacity\"\/>\n\n\n\n<p>PODCAST FRANCE INTER-CMN<\/p>\n\n\n\n<p>BANQUET DE CHARLES V : UN FESTIN EN 10 PLATS Mercredi 24 mai \u00e0 19h30 <\/p>\n\n\n\n<p>Les participants sont invit\u00e9s \u00e0 participer au banquet de Charles V dans l\u2019\u00e9crin de la salle des Gardes de la Conciergerie. Banquet festif et anim\u00e9 autour de la d\u00e9gustation de 10 plats issus du menu de 1378.  <\/p>\n\n\n\n<hr class=\"wp-block-separator has-alpha-channel-opacity\"\/>\n\n\n\n<p><\/p>\n\n\n\n<p>CYCLE DE CONFERENCES<\/p>\n\n\n\n<p>RENCONTRES\/DEGUSTATIONS<\/p>\n\n\n\n<p>\u00abSAVOIRS ET SAVEURS\u00bb<\/p>\n\n\n\n<p>POUR LES FAMILLES<\/p>\n\n\n\n<p>Visites \u2013ateliers : Paris gastronomie<\/p>\n\n\n\n<p>Conciergerie 2, boulevard du Palais 75001 Paris 01 53 40 60 80 www.paris-conciergerie.fr<\/p>\n\n\n\n<p><\/p>\n\n\n\n<p>Affiche de l&rsquo;exposition mise en avant<\/p>\n","protected":false},"excerpt":{"rendered":"<p>L\u2019exposition explore le r\u00f4le de Paris, capitale politique, dans le rayonnement de la gastronomie fran\u00e7aise.La premi\u00e8re partie met \u00e0 l\u2019honneur la table m\u00e9di\u00e9vale .Une exp\u00e9rience immersive au sein du banquet de Charles V et dans les cuisines, enrichie de nouvelles&#8230;<\/p>\n","protected":false},"author":2,"featured_media":25135,"comment_status":"open","ping_status":"open","sticky":false,"template":"","format":"standard","meta":{"ngg_post_thumbnail":0,"jetpack_post_was_ever_published":false,"_jetpack_newsletter_access":"","footnotes":""},"categories":[30,27],"tags":[],"class_list":["post-25127","post","type-post","status-publish","format-standard","has-post-thumbnail","hentry","category-gastronomie","category-musees-expositions"],"jetpack_featured_media_url":"http:\/\/www.letourismeaparis.fr\/wp-content\/uploads\/2023\/04\/Capture-decran-2023-04-21-a-16.40.54.png","jetpack-related-posts":[{"id":225,"url":"http:\/\/www.letourismeaparis.fr\/index.php\/2008\/07\/04\/lart-contemporain-se-promene-a-paris-jusquau-0807\/","url_meta":{"origin":25127,"position":0},"title":"L&#039;art contemporain se prom\u00e8ne \u00e0 Paris jusqu&#039;au 08\/07","author":"Fabienne TM","date":"4 juillet 2008","format":false,"excerpt":"\u00a0Paris Advisor\u00a0\u00a0 Le Tourisme \u00e0 Paris Le festival MyParis est commenc\u00e9\u2026 \"D\u00e9di\u00e9 \u00e0 la cr\u00e9ation contemporaine \u00e0 Paris, MyParis, organis\u00e9 par Tribeca75, r\u00e9unit les lieux parisiens parmi les plus excitants en mati\u00e8re de cr\u00e9ation contemporaine pour un parcours de cr\u00e9ation in\u00e9dit \u00e0 travers la capitale : art contemporain, mode, design,\u2026","rel":"","context":"Dans &quot;Non class\u00e9&quot;","block_context":{"text":"Non class\u00e9","link":"http:\/\/www.letourismeaparis.fr\/index.php\/category\/non-classe\/"},"img":{"alt_text":"","src":"","width":0,"height":0},"classes":[]},{"id":21229,"url":"http:\/\/www.letourismeaparis.fr\/index.php\/2018\/09\/13\/le-village-international-de-la-gastronomie-au-pied-de-la-tour-eiffel-les-21-22-et-23-septembre\/","url_meta":{"origin":25127,"position":1},"title":"le Village International de la Gastronomie au pied de la Tour Eiffel les 21 ,22 et 23 septembre","author":"Fabienne TM","date":"13 septembre 2018","format":false,"excerpt":"A l\u2019occasion de la F\u00eate de la Gastronomie rebaptis\u00e9e Gout de France\/ Good France, le Village International de la Gastronomie revient pour sa 3\u00e8me \u00e9dition au coeur de la capitale pour vous faire vivre une exp\u00e9rience gastronomique et culturelle in\u00e9dite ! \u00a0 Du 21 au 23 septembre, au pied de\u2026","rel":"","context":"Dans &quot;Gastronomie&quot;","block_context":{"text":"Gastronomie","link":"http:\/\/www.letourismeaparis.fr\/index.php\/category\/gastronomie\/"},"img":{"alt_text":"","src":"","width":0,"height":0},"classes":[]},{"id":23760,"url":"http:\/\/www.letourismeaparis.fr\/index.php\/2019\/10\/31\/rungis-au-grand-palais-les-15-16-et-17-novembre\/","url_meta":{"origin":25127,"position":2},"title":"Rungis au Grand Palais les 15 16  et 17 novembre","author":"Fabienne TM","date":"31 octobre 2019","format":false,"excerpt":"Du 15 au 17 novembre au Grand Palais, l\u2019embl\u00e9matique March\u00e9 de Rungis qui c\u00e9l\u00e8bre cette ann\u00e9e son 50\u00e8me anniversaire revient au c\u0153ur de la capitale \u00e0 l\u2019occasion de la premi\u00e8re \u00e9dition du festival du bien manger, pour ravir les papilles du grand-public . Chefs et ateliers d\u00e9couvertes, produits frais d\u2019exception\u2026","rel":"","context":"Dans &quot;Non class\u00e9&quot;","block_context":{"text":"Non class\u00e9","link":"http:\/\/www.letourismeaparis.fr\/index.php\/category\/non-classe\/"},"img":{"alt_text":"","src":"https:\/\/i0.wp.com\/www.letourismeaparis.fr\/wp-content\/uploads\/2019\/10\/Capture-d%E2%80%99e%CC%81cran-2019-10-31-a%CC%80-16.17.23.png?resize=350%2C200","width":350,"height":200,"srcset":"https:\/\/i0.wp.com\/www.letourismeaparis.fr\/wp-content\/uploads\/2019\/10\/Capture-d%E2%80%99e%CC%81cran-2019-10-31-a%CC%80-16.17.23.png?resize=350%2C200 1x, https:\/\/i0.wp.com\/www.letourismeaparis.fr\/wp-content\/uploads\/2019\/10\/Capture-d%E2%80%99e%CC%81cran-2019-10-31-a%CC%80-16.17.23.png?resize=525%2C300 1.5x, https:\/\/i0.wp.com\/www.letourismeaparis.fr\/wp-content\/uploads\/2019\/10\/Capture-d%E2%80%99e%CC%81cran-2019-10-31-a%CC%80-16.17.23.png?resize=700%2C400 2x, https:\/\/i0.wp.com\/www.letourismeaparis.fr\/wp-content\/uploads\/2019\/10\/Capture-d%E2%80%99e%CC%81cran-2019-10-31-a%CC%80-16.17.23.png?resize=1050%2C600 3x"},"classes":[]},{"id":16552,"url":"http:\/\/www.letourismeaparis.fr\/index.php\/2015\/04\/22\/napoleon-et-paris-reves-dune-capitale-a-carnavalet\/","url_meta":{"origin":25127,"position":3},"title":"Napol\u00e9on et Paris : R\u00eaves d&#039;une capitale \u00e0 Carnavalet","author":"Fabienne TM","date":"22 avril 2015","format":false,"excerpt":"jusqu'au 30 AO\u00dbT 2015 Principal th\u00e9\u00e2tre politique de l\u2019\u00e9pop\u00e9e napol\u00e9onienne, Paris fut aussi une des pr\u00e9occupations majeures du premier consul puis de l\u2019empereur. Le propos de cette exposition est d\u2019illustrer les rapports complexes entretenus par Napol\u00e9on Bonaparte avec la capitale. Paris fut le lieu o\u00f9 se montra sous le jour\u2026","rel":"","context":"Dans &quot;Mus\u00e9es \/ Expositions&quot;","block_context":{"text":"Mus\u00e9es \/ Expositions","link":"http:\/\/www.letourismeaparis.fr\/index.php\/category\/culture\/musees-expositions\/"},"img":{"alt_text":"","src":"","width":0,"height":0},"classes":[]},{"id":7129,"url":"http:\/\/www.letourismeaparis.fr\/index.php\/2010\/03\/20\/mondial-du-tourisme-jusquau-21-mars\/","url_meta":{"origin":25127,"position":4},"title":"Mondial du Tourisme jusqu&#039;au 21 mars","author":"Fabienne TM","date":"20 mars 2010","format":false,"excerpt":"Mondial du Tourisme jusqu'au 21 mars La plus grande agence de voyages de France! toutes les destinations, celles du bout du monde, celles plus proches de chez vous, pour de nouvelles envies d'ailleurs et d'insolite...Plac\u00e9e sous le signe de la Culture et du Patrimoine. Richesses architecturales, musicales, gastronomiques... 500 destinations\u2026","rel":"","context":"Dans &quot;Non class\u00e9&quot;","block_context":{"text":"Non class\u00e9","link":"http:\/\/www.letourismeaparis.fr\/index.php\/category\/non-classe\/"},"img":{"alt_text":"","src":"","width":0,"height":0},"classes":[]},{"id":17379,"url":"http:\/\/www.letourismeaparis.fr\/index.php\/2015\/11\/20\/la-corse-fait-son-show-le-8-decembre-a-20-h\/","url_meta":{"origin":25127,"position":5},"title":"La Corse fait son show le 8 d\u00e9cembre \u00e0 20 h","author":"Fabienne TM","date":"20 novembre 2015","format":false,"excerpt":"A l'occasion de A\u00a0Festa\u00a0di a\u00a0Nazione, l'\u00eele de beaut\u00e9 s'exporte\u00a0au th\u00e9\u00e2tre les Feux de la Rampe \u00e0\u00a0Paris,\u00a0le temps d'une soir\u00e9e. La culture et le savoir-faire corse seront mis en avant \u00e0 travers la gastronomie, les arts\u00a0 plastiques et sc\u00e9niques. Une soir\u00e9e caritative mettant la femme corse \u00e0 l'honneur au profit de\u2026","rel":"","context":"Dans &quot;Oeuvres-Caritatives&quot;","block_context":{"text":"Oeuvres-Caritatives","link":"http:\/\/www.letourismeaparis.fr\/index.php\/category\/bonnes-oeuvres\/"},"img":{"alt_text":"","src":"https:\/\/i0.wp.com\/www.letourismeaparis.fr\/wp-content\/uploads\/2015\/11\/corse-200x300.jpg?resize=350%2C200","width":350,"height":200},"classes":[]}],"jetpack_sharing_enabled":true,"jetpack_likes_enabled":true,"_links":{"self":[{"href":"http:\/\/www.letourismeaparis.fr\/index.php\/wp-json\/wp\/v2\/posts\/25127","targetHints":{"allow":["GET"]}}],"collection":[{"href":"http:\/\/www.letourismeaparis.fr\/index.php\/wp-json\/wp\/v2\/posts"}],"about":[{"href":"http:\/\/www.letourismeaparis.fr\/index.php\/wp-json\/wp\/v2\/types\/post"}],"author":[{"embeddable":true,"href":"http:\/\/www.letourismeaparis.fr\/index.php\/wp-json\/wp\/v2\/users\/2"}],"replies":[{"embeddable":true,"href":"http:\/\/www.letourismeaparis.fr\/index.php\/wp-json\/wp\/v2\/comments?post=25127"}],"version-history":[{"count":2,"href":"http:\/\/www.letourismeaparis.fr\/index.php\/wp-json\/wp\/v2\/posts\/25127\/revisions"}],"predecessor-version":[{"id":25136,"href":"http:\/\/www.letourismeaparis.fr\/index.php\/wp-json\/wp\/v2\/posts\/25127\/revisions\/25136"}],"wp:featuredmedia":[{"embeddable":true,"href":"http:\/\/www.letourismeaparis.fr\/index.php\/wp-json\/wp\/v2\/media\/25135"}],"wp:attachment":[{"href":"http:\/\/www.letourismeaparis.fr\/index.php\/wp-json\/wp\/v2\/media?parent=25127"}],"wp:term":[{"taxonomy":"category","embeddable":true,"href":"http:\/\/www.letourismeaparis.fr\/index.php\/wp-json\/wp\/v2\/categories?post=25127"},{"taxonomy":"post_tag","embeddable":true,"href":"http:\/\/www.letourismeaparis.fr\/index.php\/wp-json\/wp\/v2\/tags?post=25127"}],"curies":[{"name":"wp","href":"https:\/\/api.w.org\/{rel}","templated":true}]}}