{"id":25144,"date":"2023-05-26T13:02:30","date_gmt":"2023-05-26T11:02:30","guid":{"rendered":"http:\/\/www.letourismeaparis.fr\/?p=25144"},"modified":"2023-05-26T13:02:34","modified_gmt":"2023-05-26T11:02:34","slug":"velotour-de-paris-inscrivez-vous","status":"publish","type":"post","link":"http:\/\/www.letourismeaparis.fr\/index.php\/2023\/05\/26\/velotour-de-paris-inscrivez-vous\/","title":{"rendered":"Velotour de Paris : inscrivez-vous !"},"content":{"rendered":"\n<p>28 MAI 2023<\/p>\n\n\n\n<p>D\u00c9PART 8H30-12H<\/p>\n\n\n\n<p><\/p>\n\n\n\n<p>Paris V\u00e9lotour accueillera cette ann\u00e9e 5 000 participants \u00e0 l\u2019occasion de cette joyeuse d\u00e9ambulation de cyclistes, qui traverseront des lieux habituellement ferm\u00e9s aux personnes \u00e0 v\u00e9lo !<\/p>\n\n\n\n<p> Au programme : un parcours de 15 \u00e0 25 km dans le 12\u00e8 arrondissement et le Bois de Vincennes, avec une dizaine de lieux d\u2019exception ouverts sp\u00e9cialement, et un passage sur le festival V\u00e9lo in Paris.<\/p>\n\n\n\n<hr class=\"wp-block-separator has-alpha-channel-opacity\"\/>\n\n\n\n<p><\/p>\n\n\n\n<p>Guid\u00e9s par la m\u00eame envie d&rsquo;accompagner le d\u00e9veloppement de la pratique du v\u00e9lo, les 2 acteurs d\u00e9cident d&rsquo;unir leurs forces et de se rapprocher. Ainsi, le retrait des packs de Paris V\u00e9lotour s&rsquo;effectuera sur le festival V\u00e9lo In Paris le samedi 27 mai, et un passage \u00e0 v\u00e9lo par les participants de V\u00e9lotour sera organis\u00e9 le dimanche<\/p>\n\n\n\n<p>28 mai directement dans le Salon.<\/p>\n\n\n\n<p>A propos du festival V\u00e9lo in Paris :<\/p>\n\n\n\n<p>V\u00e9lo in Paris se tiendra du 27 au 29 mai 2023 dans le Parc Floral de Paris, <\/p>\n\n\n\n<hr class=\"wp-block-separator has-alpha-channel-opacity\"\/>\n\n\n\n<p><\/p>\n\n\n\n<p>. De nombreuses animations attendent aussi les visiteurs, comme une course de draisienne, un concours de surplace avec le champion du monde Cl\u00e9ment Leroy, des tables rondes sur des th\u00e9matiques li\u00e9es au v\u00e9lo &#8230; <\/p>\n\n\n\n<p>D\u00e9part-Arriv\u00e9e<br>Esplanade Saint-Louis<br>Boucle principale 17km<\/p>\n\n\n\n<ol class=\"wp-block-list\">\n<li>Hippodrome de Paris-Vincennes<\/li>\n\n\n\n<li>Ferme de Paris<\/li>\n\n\n\n<li>H\u00f4pitaux Saint-Maurice<\/li>\n\n\n\n<li>V\u00e9lodrome Jacques Anquetil<\/li>\n\n\n\n<li>\u00c9cole de Chiens Guides de Paris<\/li>\n\n\n\n<li>Ch\u00e2teau de Vincennes<br>Boucle optionnelle 1 +3km<\/li>\n\n\n\n<li>\u00c9cole du Breuil<\/li>\n\n\n\n<li>Arboretum de Paris<br>Boucle optionnelle 2 +1km<br>(Boucle interdite aux v\u00e9los cargos, v\u00e9los avec charrette\u2026)<\/li>\n\n\n\n<li>Palais de la Porte Dor\u00e9e<br>Boucle optionnelle 3 +6km<\/li>\n\n\n\n<li>Centre de secours de Vincennes<\/li>\n\n\n\n<li>Festival V\u00e9lo In Paris<\/li>\n<\/ol>\n\n\n\n<p><\/p>\n\n\n\n<p><\/p>\n\n\n\n<p><a href=\"http:\/\/velotour.fr\">velotour.fr<\/a><\/p>\n\n\n\n<p>28 MAI 2023<\/p>\n\n\n\n<p>D\u00c9PART 8H30-12H. ESPLANADE SAINT-LOUIS (12\u00c8 ARR.)<\/p>\n\n\n\n<p><\/p>\n\n\n\n<p><\/p>\n\n\n\n<p><\/p>\n\n\n\n<p>&nbsp;&nbsp;&nbsp;&nbsp;&nbsp;&nbsp;&nbsp;&nbsp;&nbsp;&nbsp;&nbsp;&nbsp;&nbsp;<\/p>\n","protected":false},"excerpt":{"rendered":"<p>28 MAI 2023 D\u00c9PART 8H30-12H Paris V\u00e9lotour accueillera cette ann\u00e9e 5 000 participants \u00e0 l\u2019occasion de cette joyeuse d\u00e9ambulation de cyclistes, qui traverseront des lieux habituellement ferm\u00e9s aux personnes \u00e0 v\u00e9lo ! Au programme : un parcours de 15 \u00e0&#8230;<\/p>\n","protected":false},"author":2,"featured_media":25150,"comment_status":"open","ping_status":"open","sticky":false,"template":"","format":"standard","meta":{"ngg_post_thumbnail":0,"jetpack_post_was_ever_published":false,"_jetpack_newsletter_access":"","footnotes":""},"categories":[28,48],"tags":[],"class_list":["post-25144","post","type-post","status-publish","format-standard","has-post-thumbnail","hentry","category-familles","category-sport"],"jetpack_featured_media_url":"http:\/\/www.letourismeaparis.fr\/wp-content\/uploads\/2023\/05\/Capture-decran-2023-05-10-a-14.25.35.png","jetpack-related-posts":[{"id":15663,"url":"http:\/\/www.letourismeaparis.fr\/index.php\/2014\/09\/20\/petite-traversee-de-paris-velib-dimanche-21-septembre\/","url_meta":{"origin":25144,"position":0},"title":"Petite Travers\u00e9e de Paris \u00e0 V\u00e9lib\u2019 dimanche 21 septembre","author":"Fabienne TM","date":"20 septembre 2014","format":false,"excerpt":"Dimanche 21 septembre, de 12h \u00e0 18h,: vous devrez effectuer une boucle de 8 kms cyclables, nomm\u00e9e\u00a0La Petite Travers\u00e9e de Paris,\u00a0 ! Pour participer, c\u2019est tr\u00e8s simple : \u00c9tape\u00a01\u00a0: prenez un V\u00e9lib\u2019 en station ou sortez votre v\u00e9lo de la cave, \u00c9tape\u00a02\u00a0: suivez l\u2019itin\u00e9raire cyclable de l\u2019\u00e9v\u00e8nement et parcourez les\u2026","rel":"","context":"Dans &quot;Familles&quot;","block_context":{"text":"Familles","link":"http:\/\/www.letourismeaparis.fr\/index.php\/category\/familles\/"},"img":{"alt_text":"","src":"","width":0,"height":0},"classes":[]},{"id":16796,"url":"http:\/\/www.letourismeaparis.fr\/index.php\/2015\/06\/05\/fete-du-velo-les-6-et-7-juin-2015paris\/","url_meta":{"origin":25144,"position":1},"title":"F\u00eate du v\u00e9lo les 6 et 7 juin 2015PARIS","author":"Fabienne TM","date":"5 juin 2015","format":false,"excerpt":"F\u00eate du v\u00e9lo les 6 et 7 juin 2015PARIS -\u00a0Convergence Francilienne La Convergence Francilienne est une balade v\u00e9lo gratuite et familiale, au d\u00e9part de plus 150 villes franciliennes. Les cort\u00e8ges\u00a0 PARIS -\u00a0P\u00e9daler \u00e0 la su\u00e9doise L\u2019ambassade souhaite promouvoir l\u2019usage du v\u00e9lo et sensibiliser les enfants en milieu urbain \u00e0 la\u2026","rel":"","context":"Dans &quot;Sport&quot;","block_context":{"text":"Sport","link":"http:\/\/www.letourismeaparis.fr\/index.php\/category\/sport\/"},"img":{"alt_text":"","src":"https:\/\/i0.wp.com\/www.letourismeaparis.fr\/wp-content\/uploads\/2015\/06\/131844-la-fete-du-velo-2015-a-paris-2-211x300.jpg?resize=350%2C200","width":350,"height":200},"classes":[]},{"id":11961,"url":"http:\/\/www.letourismeaparis.fr\/index.php\/2012\/09\/11\/toutes-a-paris-dimanche-16-septembre-2012\/","url_meta":{"origin":25144,"position":2},"title":"Toutes \u00e0 Paris \u00e0 v\u00e9lo ! &#8211; Dimanche 16 septembre 2012","author":"Fabienne TM","date":"11 septembre 2012","format":false,"excerpt":"Toutes \u00e0 Paris - Dimanche 16 septembre 2012 Le premier rassemblement du v\u00e9lo au f\u00e9minin,organis\u00e9 par la F\u00e9d\u00e9ration fran\u00e7aise de cyclotourisme Depuis le 1er septembre, pr\u00e8s de 3 000 femmes sont en route pour rallier Paris \u00e0 v\u00e9lo sans esprit de comp\u00e9tition. Qu'elles viennent de Toulouse, Quimper, Toulon ou Strasbourg,\u2026","rel":"","context":"Dans &quot;Non class\u00e9&quot;","block_context":{"text":"Non class\u00e9","link":"http:\/\/www.letourismeaparis.fr\/index.php\/category\/non-classe\/"},"img":{"alt_text":"","src":"","width":0,"height":0},"classes":[]},{"id":19605,"url":"http:\/\/www.letourismeaparis.fr\/index.php\/2017\/03\/21\/velotour-a-paris-le-22-mai\/","url_meta":{"origin":25144,"position":3},"title":"VELOTOUR \u00c0 PARIS LE 22 MAI","author":"Fabienne TM","date":"21 mars 2017","format":false,"excerpt":"V\u00e9lotour est un \u00e9v\u00e9nement festif et familial d\u00e9di\u00e9 \u00e0 la d\u00e9couverte \u00e0 v\u00e9lo du patrimoine historique, culturel, sportif et industriel d\u2019une ville Petits et grands sont invit\u00e9s \u00e0 s\u2019amuser \u00e0 travers la d\u00e9couverte d\u2019une quinzaine de sites au d\u00e9part de La Villette et \u00e0 travers le 19e arrondissement de Paris\u2026","rel":"","context":"Dans &quot;Sport&quot;","block_context":{"text":"Sport","link":"http:\/\/www.letourismeaparis.fr\/index.php\/category\/sport\/"},"img":{"alt_text":"","src":"","width":0,"height":0},"classes":[]},{"id":13408,"url":"http:\/\/www.letourismeaparis.fr\/index.php\/2013\/05\/30\/randonnees-en-velo-beret-et-baguette-samedi-1er-et-dimanche-2-juin-bal-des-biclous-samedi-2-juin\/","url_meta":{"origin":25144,"position":4},"title":"Randonn\u00e9es en v\u00e9lo &quot; b\u00e9ret et baguette&quot; samedi 1er et dimanche 2 juin,&quot; bal des biclous&quot; samedi 2 juin","author":"Fabienne TM","date":"30 mai 2013","format":false,"excerpt":"Ssamedi 1er juin\u00a0 : La seconde \u00e9dition de \u00ab La caravane \u00bb sera mise en place sur la Place de la Sorbonne dans le 5\u00e8me \u00e0 Paris entre 14.00 et 19.00 et pr\u00e9sentera des animations pour promouvoir la culture r\u00e9tro et v\u00e9lo. Code vestimentaire La seule contrainte c\u2019est le dress\u2026","rel":"","context":"Dans &quot;Mus\u00e9es \/ Expositions&quot;","block_context":{"text":"Mus\u00e9es \/ Expositions","link":"http:\/\/www.letourismeaparis.fr\/index.php\/category\/culture\/musees-expositions\/"},"img":{"alt_text":"","src":"","width":0,"height":0},"classes":[]},{"id":8049,"url":"http:\/\/www.letourismeaparis.fr\/index.php\/2010\/06\/29\/tous-a-velo-du-1er-au-4-juillet-le-reve\/","url_meta":{"origin":25144,"position":5},"title":"Tous \u00e0 v\u00e9lo du 1er au 4 juillet, le r\u00eave !","author":"Fabienne TM","date":"29 juin 2010","format":false,"excerpt":"Cette c\u00e9l\u00e9bration de la culture cycliste s\u2019invite pour la premi\u00e8re fois \u00e0 Paris ; rendez-vous \u00e0 Paris pour\u00a0 circuler librement dans les rues de la ville. Jeudi 1 juillet\u00a0 : entr\u00e9e froide - Accueil des premiers arrivants \u00e9trangers et fran\u00e7ais - 18h00 \u00e0 22h30 : Pique-nique \/ ap\u00e9ro collectif. -\u2026","rel":"","context":"Dans &quot;Non class\u00e9&quot;","block_context":{"text":"Non class\u00e9","link":"http:\/\/www.letourismeaparis.fr\/index.php\/category\/non-classe\/"},"img":{"alt_text":"","src":"","width":0,"height":0},"classes":[]}],"jetpack_sharing_enabled":true,"jetpack_likes_enabled":true,"_links":{"self":[{"href":"http:\/\/www.letourismeaparis.fr\/index.php\/wp-json\/wp\/v2\/posts\/25144","targetHints":{"allow":["GET"]}}],"collection":[{"href":"http:\/\/www.letourismeaparis.fr\/index.php\/wp-json\/wp\/v2\/posts"}],"about":[{"href":"http:\/\/www.letourismeaparis.fr\/index.php\/wp-json\/wp\/v2\/types\/post"}],"author":[{"embeddable":true,"href":"http:\/\/www.letourismeaparis.fr\/index.php\/wp-json\/wp\/v2\/users\/2"}],"replies":[{"embeddable":true,"href":"http:\/\/www.letourismeaparis.fr\/index.php\/wp-json\/wp\/v2\/comments?post=25144"}],"version-history":[{"count":4,"href":"http:\/\/www.letourismeaparis.fr\/index.php\/wp-json\/wp\/v2\/posts\/25144\/revisions"}],"predecessor-version":[{"id":25173,"href":"http:\/\/www.letourismeaparis.fr\/index.php\/wp-json\/wp\/v2\/posts\/25144\/revisions\/25173"}],"wp:featuredmedia":[{"embeddable":true,"href":"http:\/\/www.letourismeaparis.fr\/index.php\/wp-json\/wp\/v2\/media\/25150"}],"wp:attachment":[{"href":"http:\/\/www.letourismeaparis.fr\/index.php\/wp-json\/wp\/v2\/media?parent=25144"}],"wp:term":[{"taxonomy":"category","embeddable":true,"href":"http:\/\/www.letourismeaparis.fr\/index.php\/wp-json\/wp\/v2\/categories?post=25144"},{"taxonomy":"post_tag","embeddable":true,"href":"http:\/\/www.letourismeaparis.fr\/index.php\/wp-json\/wp\/v2\/tags?post=25144"}],"curies":[{"name":"wp","href":"https:\/\/api.w.org\/{rel}","templated":true}]}}