{"id":25153,"date":"2023-05-11T14:59:36","date_gmt":"2023-05-11T12:59:36","guid":{"rendered":"http:\/\/www.letourismeaparis.fr\/?p=25153"},"modified":"2023-05-11T14:59:42","modified_gmt":"2023-05-11T12:59:42","slug":"des-cheveux-et-des-poils-au-musee-des-arts-decoratifs","status":"publish","type":"post","link":"http:\/\/www.letourismeaparis.fr\/index.php\/2023\/05\/11\/des-cheveux-et-des-poils-au-musee-des-arts-decoratifs\/","title":{"rendered":"\u00ab\u00a0DES CHEVEUX ET DES POILS\u00a0\u00bb au mus\u00e9e des arts d\u00e9coratifs"},"content":{"rendered":"\n<p><\/p>\n\n\n\n<p>du 5 avril au 17 septembre 2023<\/p>\n\n\n\n<p>le mus\u00e9e des Arts d\u00e9coratifs pr\u00e9sente une exposition consacr\u00e9e aux cheveux et aux poils dans le monde occidental.<\/p>\n\n\n\n<p>\u00ab Des cheveux et des poils \u00bb montre comment la coiffure et l\u2019agencement des poils humains participent depuis des si\u00e8cles \u00e0 la construction des apparences.<\/p>\n\n\n\n<hr class=\"wp-block-separator has-alpha-channel-opacity\"\/>\n\n\n\n<p>L\u2019exposition explore \u00e0 travers plus de 600 \u0153uvres, du XVe si\u00e8cle \u00e0 nos jours, les th\u00e8mes inh\u00e9rents \u00e0 l\u2019histoire de la coiffure, mais \u00e9galement les questions li\u00e9es \u00e0 la pilosit\u00e9 faciale et corporelle.<\/p>\n\n\n\n<p>Les m\u00e9tiers et les savoir-faire d\u2019hier et d\u2019aujourd\u2019hui sont mis en avant avec leurs figures embl\u00e9matiques : L\u00e9onard Autier (coiffeur favori de Marie-Antoinette), Monsieur Antoine, les s\u0153urs Carita, Alexandre de Paris et plus r\u00e9cemment les coiffeurs studio.<\/p>\n\n\n\n<hr class=\"wp-block-separator has-alpha-channel-opacity\"\/>\n\n\n\n<p>Alexander McQueen, Martin Margiela ou Josephus Thimister sont pr\u00e9sents avec leurs r\u00e9alisations spectaculaires faites \u00e0 partir de ce mat\u00e9riau singulier qu\u2019est le cheveu.<\/p>\n\n\n\n<p>Nombreuses vid\u00e9os, des ateliers &#8230;.. \u00e0 r\u00e9server<\/p>\n\n\n\n<p>Mus\u00e9e des Arts d\u00e9coratifs<\/p>\n\n\n\n<p>107, rue de Rivoli  75001 Paris. T\u00e9l. : +33 (0)1 44 55 57 50<\/p>\n\n\n\n<p><a href=\"https:\/\/madparis.fr\/cheveuxetpoils\">https:\/\/madparis.fr\/cheveuxetpoils<\/a><\/p>\n","protected":false},"excerpt":{"rendered":"<p>du 5 avril au 17 septembre 2023 le mus\u00e9e des Arts d\u00e9coratifs pr\u00e9sente une exposition consacr\u00e9e aux cheveux et aux poils dans le monde occidental. \u00ab Des cheveux et des poils \u00bb montre comment la coiffure et l\u2019agencement des poils&#8230;<\/p>\n","protected":false},"author":2,"featured_media":25155,"comment_status":"open","ping_status":"open","sticky":false,"template":"","format":"standard","meta":{"ngg_post_thumbnail":0,"jetpack_post_was_ever_published":false,"_jetpack_newsletter_access":"","footnotes":""},"categories":[27],"tags":[],"class_list":["post-25153","post","type-post","status-publish","format-standard","has-post-thumbnail","hentry","category-musees-expositions"],"jetpack_featured_media_url":"http:\/\/www.letourismeaparis.fr\/wp-content\/uploads\/2023\/05\/Capture-decran-2023-05-11-a-14.55.33.png","jetpack-related-posts":[{"id":18124,"url":"http:\/\/www.letourismeaparis.fr\/index.php\/2016\/06\/13\/de-belles-expositions-au-musee-des-arts-decoratifs-caricature-mode-barbie-decoration\/","url_meta":{"origin":25153,"position":0},"title":"Fashion Forward au mus\u00e9e des Arts d\u00e9coratifs.","author":"Fabienne TM","date":"13 juin 2016","format":false,"excerpt":"FASHION FORWARD, 3 SI\u00c8CLES DE MODE (1715-2016) jusqu'au 14 ao\u00fbt 2016 Le mus\u00e9e des Arts d\u00e9coratifs c\u00e9l\u00e8bre les trente ans de sa collection de mode du 7\u00a0avril au 14\u00a0ao\u00fbt 2016. C\u2019est l\u2019occasion de r\u00e9pondre \u00e0 une attente tr\u00e8s forte \u00e9manant du public\u00a0: avoir enfin la possibilit\u00e9 d\u2019embrasser l\u2019histoire de la\u2026","rel":"","context":"Dans &quot;Mode \/ Shopping&quot;","block_context":{"text":"Mode \/ Shopping","link":"http:\/\/www.letourismeaparis.fr\/index.php\/category\/loisirs\/mode\/"},"img":{"alt_text":"","src":"","width":0,"height":0},"classes":[]},{"id":14586,"url":"http:\/\/www.letourismeaparis.fr\/index.php\/2014\/04\/07\/la-chine-aux-arts-decoratifs-des-merveilles-exposees\/","url_meta":{"origin":25153,"position":1},"title":"La Chine aux arts d\u00e9coratifs : des merveilles expos\u00e9es &#8230;..","author":"Fabienne TM","date":"7 avril 2014","format":false,"excerpt":"\u00a0 L\u2019Exposition de la Chine aux arts d\u00e9coratifs d\u00e9voile, pour la premi\u00e8re fois la qualit\u00e9 et la diversit\u00e9 exceptionnelles de la collection d'objets d'art chinois conserv\u00e9s au mus\u00e9e des arts d\u00e9coratifs. Vous d\u00e9couvrirez des laques, porcelaines, bronzes, \u00e9maux cloisonn\u00e9s, meubles fabuleux ! Cet ensemble remarquable traduit l'engouement pour l'art chinois\u2026","rel":"","context":"Dans &quot;Mus\u00e9es \/ Expositions&quot;","block_context":{"text":"Mus\u00e9es \/ Expositions","link":"http:\/\/www.letourismeaparis.fr\/index.php\/category\/culture\/musees-expositions\/"},"img":{"alt_text":"","src":"","width":0,"height":0},"classes":[]},{"id":21868,"url":"http:\/\/www.letourismeaparis.fr\/index.php\/2019\/01\/18\/japon-japonismes-objets-inspires-1867-2018-au-musee-des-arts-decoratifs\/","url_meta":{"origin":25153,"position":2},"title":"JAPON-JAPONISMES. OBJETS INSPIR\u00c9S, 1867-2018 au mus\u00e9e des arts d\u00e9coratifs","author":"Fabienne TM","date":"18 janvier 2019","format":false,"excerpt":"JAPON-JAPONISMES. OBJETS INSPIR\u00c9S, 1867-2018 du 15 novembre 2018 au 3 mars 2019 Dans le cadre de la saison \u00ab Japonismes 2018 : les \u00e2mes en r\u00e9sonance \u00bb, le Mus\u00e9e des Arts D\u00e9coratifs rend hommage au Japon et \u00e0 son art et r\u00e9v\u00e8le \u00e0 cette occasion toute la richesse de ses\u2026","rel":"","context":"Dans &quot;Non class\u00e9&quot;","block_context":{"text":"Non class\u00e9","link":"http:\/\/www.letourismeaparis.fr\/index.php\/category\/non-classe\/"},"img":{"alt_text":"","src":"","width":0,"height":0},"classes":[]},{"id":25576,"url":"http:\/\/www.letourismeaparis.fr\/index.php\/2024\/04\/09\/la-naissance-des-grands-magasins-au-musee-des-arts-decoratifs\/","url_meta":{"origin":25153,"position":3},"title":"La naissance des grands magasins au mus\u00e9e des arts d\u00e9coratifs.","author":"Fabienne TM","date":"9 avril 2024","format":false,"excerpt":"Le mus\u00e9e des Arts d\u00e9coratifs consacre jusqu\u2019 au 13 octobre 2024, une exposition \u00e0 la naissance des grands magasins, qui deviennent au milieu du XIXe si\u00e8cle les nouveaux temples de la modernit\u00e9 et de la consommation. Une premi\u00e8re salle est consacr\u00e9e aux cr\u00e9ateurs, une autre au personnel,une autre au fonctionnement\u2026","rel":"","context":"Dans &quot;Mus\u00e9es \/ Expositions&quot;","block_context":{"text":"Mus\u00e9es \/ Expositions","link":"http:\/\/www.letourismeaparis.fr\/index.php\/category\/culture\/musees-expositions\/"},"img":{"alt_text":"","src":"https:\/\/i0.wp.com\/www.letourismeaparis.fr\/wp-content\/uploads\/2024\/04\/Capture-decran-2024-04-09-a-14.52.52.png?resize=350%2C200","width":350,"height":200},"classes":[]},{"id":19333,"url":"http:\/\/www.letourismeaparis.fr\/index.php\/2017\/02\/20\/tenue-correcte-exigee-quand-le-vetement-fait-scandale-au-musee-des-arts-decoratifs\/","url_meta":{"origin":25153,"position":4},"title":"TENUE CORRECTE EXIG\u00c9E, QUAND LE V\u00caTEMENT FAIT SCANDALE, au mus\u00e9e des arts d\u00e9coratifs","author":"Fabienne TM","date":"20 f\u00e9vrier 2017","format":false,"excerpt":"\u00ab Tenue correcte exig\u00e9e, quand le v\u00eatement fait scandale \u00bb invite \u00e0 revisiter les scandales qui ont pr\u00e9sid\u00e9 les grands tournants de l\u2019histoire de la mode du XIVe si\u00e8cle \u00e0 nos jours. jusqu'au 23 avril 2017 Cette exposition \u00a0propose d\u2019explorer pr\u00e8s de 300 v\u00eatements et accessoires, portraits, caricatures et petits\u2026","rel":"","context":"Dans &quot;Mode \/ Shopping&quot;","block_context":{"text":"Mode \/ Shopping","link":"http:\/\/www.letourismeaparis.fr\/index.php\/category\/loisirs\/mode\/"},"img":{"alt_text":"","src":"","width":0,"height":0},"classes":[]},{"id":24422,"url":"http:\/\/www.letourismeaparis.fr\/index.php\/2021\/11\/04\/cartier-et-les-arts-de-lislam-aux-sources-de-la-modernite\/","url_meta":{"origin":25153,"position":5},"title":"CARTIER ET LES ARTS DE L\u2019ISLAM. AUX SOURCES DE LA MODERNIT\u00c9","author":"Fabienne TM","date":"4 novembre 2021","format":false,"excerpt":"Une magnifique exposition\u00a0! Courez-y ! du 21 octobre 2021 au 20 f\u00e9vrier 2022 Le Mus\u00e9e des Arts D\u00e9coratifs pr\u00e9sente \u00ab Cartier et les arts de l\u2019Islam. Aux sources de la modernit\u00e9 \u00bb, coproduite par le Mus\u00e9e des Arts D\u00e9coratifs, Paris et le Dallas Museum of Art, avec la collaboration exceptionnelle\u2026","rel":"","context":"Dans &quot;joaillerie&quot;","block_context":{"text":"joaillerie","link":"http:\/\/www.letourismeaparis.fr\/index.php\/category\/joaillerie\/"},"img":{"alt_text":"","src":"https:\/\/i0.wp.com\/www.letourismeaparis.fr\/wp-content\/uploads\/2021\/11\/Capture-d%E2%80%99e%CC%81cran-2021-11-04-a%CC%80-15.44.53.png?resize=350%2C200","width":350,"height":200},"classes":[]}],"jetpack_sharing_enabled":true,"jetpack_likes_enabled":true,"_links":{"self":[{"href":"http:\/\/www.letourismeaparis.fr\/index.php\/wp-json\/wp\/v2\/posts\/25153","targetHints":{"allow":["GET"]}}],"collection":[{"href":"http:\/\/www.letourismeaparis.fr\/index.php\/wp-json\/wp\/v2\/posts"}],"about":[{"href":"http:\/\/www.letourismeaparis.fr\/index.php\/wp-json\/wp\/v2\/types\/post"}],"author":[{"embeddable":true,"href":"http:\/\/www.letourismeaparis.fr\/index.php\/wp-json\/wp\/v2\/users\/2"}],"replies":[{"embeddable":true,"href":"http:\/\/www.letourismeaparis.fr\/index.php\/wp-json\/wp\/v2\/comments?post=25153"}],"version-history":[{"count":2,"href":"http:\/\/www.letourismeaparis.fr\/index.php\/wp-json\/wp\/v2\/posts\/25153\/revisions"}],"predecessor-version":[{"id":25156,"href":"http:\/\/www.letourismeaparis.fr\/index.php\/wp-json\/wp\/v2\/posts\/25153\/revisions\/25156"}],"wp:featuredmedia":[{"embeddable":true,"href":"http:\/\/www.letourismeaparis.fr\/index.php\/wp-json\/wp\/v2\/media\/25155"}],"wp:attachment":[{"href":"http:\/\/www.letourismeaparis.fr\/index.php\/wp-json\/wp\/v2\/media?parent=25153"}],"wp:term":[{"taxonomy":"category","embeddable":true,"href":"http:\/\/www.letourismeaparis.fr\/index.php\/wp-json\/wp\/v2\/categories?post=25153"},{"taxonomy":"post_tag","embeddable":true,"href":"http:\/\/www.letourismeaparis.fr\/index.php\/wp-json\/wp\/v2\/tags?post=25153"}],"curies":[{"name":"wp","href":"https:\/\/api.w.org\/{rel}","templated":true}]}}