{"id":25160,"date":"2023-05-21T19:33:59","date_gmt":"2023-05-21T17:33:59","guid":{"rendered":"http:\/\/www.letourismeaparis.fr\/?p=25160"},"modified":"2023-05-21T19:34:05","modified_gmt":"2023-05-21T17:34:05","slug":"larsene-gentleman-magicien-mentaliste-au-theatre-de-la-gaite-montparnasse","status":"publish","type":"post","link":"http:\/\/www.letourismeaparis.fr\/index.php\/2023\/05\/21\/larsene-gentleman-magicien-mentaliste-au-theatre-de-la-gaite-montparnasse\/","title":{"rendered":"LARSENE &#8211; Gentleman &#8211; Magicien \u2013 Mentaliste au th\u00e9atre de la Ga\u00eet\u00e9 Montparnasse"},"content":{"rendered":"\n<p>Un tr\u00e8s bon spectacle divertissant, sympathique et bluffant  pour Petits et Grands.<\/p>\n\n\n\n<p>Jusqu\u2019au 28 mai 2023\u00a0 <\/p>\n\n\n\n<p>Larsene, gentleman magicien et mentaliste, est de retour \u00e0 Paris en 2023 pour pr\u00e9sente son spectacle \u00e9merveillant au Th\u00e9\u00e2tre de la Ga\u00eet\u00e9 Montparnasse.<\/p>\n\n\n\n<hr class=\"wp-block-separator has-alpha-channel-opacity\"\/>\n\n\n\n<p>\u00a0Depuis plus de trente ans, le magicien est pass\u00e9 ma\u00eetre en manipulation, au sens propre comme au figur\u00e9.\u00a0Sa dext\u00e9rit\u00e9 \u00e0 faire virevolter les cartes et sa rapidit\u00e9 d\u2019ex\u00e9cution sont remarquables.<\/p>\n\n\n\n<hr class=\"wp-block-separator has-alpha-channel-opacity\"\/>\n\n\n\n<p>&nbsp;Son humour savamment dos\u00e9 renforce le capital sympathie du personnage, qui reste \u00e9l\u00e9gant, en toute circonstance. Manipulateur hors pair, Larsene est \u00e9galement un sp\u00e9cialiste du mentalisme.<\/p>\n\n\n\n<p>Venez le d\u00e9couvrir au Th\u00e9\u00e2tre de la Ga\u00eet\u00e9 Montparnasse du 16 au 28 mai 2023 du mardi au samedi \u00e0 19h, dimanche \u00e0 16h30.<\/p>\n\n\n\n<p>26 rue de la Ga\u00eet\u00e9 Paris 75014<\/p>\n\n\n\n<figure class=\"wp-block-embed is-type-video is-provider-youtube wp-block-embed-youtube wp-embed-aspect-16-9 wp-has-aspect-ratio\"><div class=\"wp-block-embed__wrapper\">\n<iframe loading=\"lazy\" title=\"LARSENE le Gentleman Magicien Mentaliste- Bande Annonce Paris-Th\u00e9\u00e2tre Gait\u00e9 Montparnasse\" width=\"640\" height=\"360\" src=\"https:\/\/www.youtube.com\/embed\/uKA40P5MBeQ?feature=oembed\" frameborder=\"0\" allow=\"accelerometer; autoplay; clipboard-write; encrypted-media; gyroscope; picture-in-picture; web-share\" referrerpolicy=\"strict-origin-when-cross-origin\" allowfullscreen><\/iframe>\n<\/div><\/figure>\n","protected":false},"excerpt":{"rendered":"<p>Un tr\u00e8s bon spectacle divertissant, sympathique et bluffant pour Petits et Grands. Jusqu\u2019au 28 mai 2023\u00a0 Larsene, gentleman magicien et mentaliste, est de retour \u00e0 Paris en 2023 pour pr\u00e9sente son spectacle \u00e9merveillant au Th\u00e9\u00e2tre de la Ga\u00eet\u00e9 Montparnasse. \u00a0Depuis&#8230;<\/p>\n","protected":false},"author":2,"featured_media":25161,"comment_status":"open","ping_status":"open","sticky":false,"template":"","format":"standard","meta":{"ngg_post_thumbnail":0,"jetpack_post_was_ever_published":false,"_jetpack_newsletter_access":"","footnotes":""},"categories":[47],"tags":[],"class_list":["post-25160","post","type-post","status-publish","format-standard","has-post-thumbnail","hentry","category-spectacle"],"jetpack_featured_media_url":"http:\/\/www.letourismeaparis.fr\/wp-content\/uploads\/2023\/05\/Capture-decran-2023-05-21-a-19.26.45.png","jetpack-related-posts":[{"id":15141,"url":"http:\/\/www.letourismeaparis.fr\/index.php\/2014\/04\/27\/radio-trenet-au-theatre-du-petit-montparnasse%e2%80%8f-un-spectacle-sympathique\/","url_meta":{"origin":25160,"position":0},"title":"RADIO TRENET au th\u00e9atre du PETIT MONTPARNASSE\u200f : un spectacle  sympathique","author":"Fabienne TM","date":"27 avril 2014","format":false,"excerpt":"RADIO-TRENET Vingt ans de la vie du Fou Chantant ! A travers des t\u00e9moignages radiophoniques de l'\u00e9poque de la douce France et des publicit\u00e9s mythiques comme \"Savon Cadum\" ou \"Monsavon\", revivez une partie de l'histoire de la chanson fran\u00e7aise: celle de Charles Trenet. Y'a d'la joie, la vie est belle\u2026","rel":"","context":"Dans &quot;Th\u00e9atre&quot;","block_context":{"text":"Th\u00e9atre","link":"http:\/\/www.letourismeaparis.fr\/index.php\/category\/spectacle\/theatre\/"},"img":{"alt_text":"","src":"","width":0,"height":0},"classes":[]},{"id":12380,"url":"http:\/\/www.letourismeaparis.fr\/index.php\/2013\/01\/11\/un-drole-de-pere-au-theatre-montparnasse-un-bon-spectacle-avec-michel-leeb\/","url_meta":{"origin":25160,"position":1},"title":"UN DROLE DE PERE au THEATRE MONTPARNASSE : un spectacle  divertissant avec Michel Leeb.","author":"Fabienne TM","date":"11 janvier 2013","format":false,"excerpt":"UN DROLE DE PERE au THEATRE MONTPARNASSE : un bon spectacle avec Michel Leeb. Fran\u00e7ois Garnier est un homme insouciant et fantasque; il \u00ab rit de tout \u00bb.Pour lui la vie est une bonne et courte blague. Son fils, Christophe, est tout le contraire : c\u2019est un gar\u00e7on s\u00e9rieux, rigide,\u2026","rel":"","context":"Dans &quot;Non class\u00e9&quot;","block_context":{"text":"Non class\u00e9","link":"http:\/\/www.letourismeaparis.fr\/index.php\/category\/non-classe\/"},"img":{"alt_text":"","src":"https:\/\/i0.wp.com\/www.letourismeaparis.fr\/wp-content\/uploads\/2012\/12\/dp.jpg?resize=350%2C200","width":350,"height":200},"classes":[]},{"id":26479,"url":"http:\/\/www.letourismeaparis.fr\/index.php\/2025\/10\/27\/ailleurs-apres-au-petit-montparnasse\/","url_meta":{"origin":25160,"position":2},"title":"Ailleurs\/Apr\u00e8s au petit Montparnasse","author":"Fabienne TM","date":"27 octobre 2025","format":false,"excerpt":"Philippe Magnan et Lou Chauvain : excellents com\u00e9diens pour ce spectacle philosophique et contemporain....d'Arnaud B\u00e9douet. \"Cette pi\u00e8ce est n\u00e9e du d\u00e9sir de parler de l\u2019amour et du temps et d\u2019une volont\u00e9 de m\u00ealer la r\u00e9alit\u00e9 \u00e0 l\u2019imaginaire et au fantasme, comme le ferait un enfant qui joue, sans interdits ni\u2026","rel":"","context":"Dans &quot;Spectacle&quot;","block_context":{"text":"Spectacle","link":"http:\/\/www.letourismeaparis.fr\/index.php\/category\/spectacle\/"},"img":{"alt_text":"","src":"https:\/\/i0.wp.com\/www.letourismeaparis.fr\/wp-content\/uploads\/2025\/10\/40x60-ailleurs-apres-logos-200x300-1.webp?resize=350%2C200","width":350,"height":200},"classes":[]},{"id":14610,"url":"http:\/\/www.letourismeaparis.fr\/index.php\/2014\/04\/04\/les-vaisseaux-du-coeur-de-benoite-groult-au-petit-montparnasse\/","url_meta":{"origin":25160,"position":3},"title":"&quot;Les vaisseaux du Coeur&quot; de Benoite Groult, au Petit Montparnasse","author":"Fabienne TM","date":"4 avril 2014","format":false,"excerpt":"\u00a0 Les vaisseaux du coeur est la plus fabuleuse des\u00a0histoires d\u2019amour, qui cr\u00e9a pol\u00e9mique lors de sa parution\u00a0en 1988,\u00a0Ce v\u00e9ritable succ\u00e8s contribua \u00e0 la belle renomm\u00e9e de\u00a0Beno\u00eete Groult qui, au-del\u00e0 de la qualit\u00e9 litt\u00e9raire et de\u00a0l\u2019audace de sa plume, n\u2019a cess\u00e9 \u00e0 travers ses \u00e9crits\u00a0d\u2019illustrer le parcours de femmes libres,\u2026","rel":"","context":"Dans &quot;Th\u00e9atre&quot;","block_context":{"text":"Th\u00e9atre","link":"http:\/\/www.letourismeaparis.fr\/index.php\/category\/spectacle\/theatre\/"},"img":{"alt_text":"","src":"","width":0,"height":0},"classes":[]},{"id":14876,"url":"http:\/\/www.letourismeaparis.fr\/index.php\/2014\/04\/02\/un-temps-de-chien-au-theatre-montparnasse-avec-valerie-lemercier-une-soiree-divertissante\/","url_meta":{"origin":25160,"position":4},"title":"&quot;UN TEMPS DE CHIEN&quot;  au   THEATRE MONTPARNASSE avec Val\u00e9rie Lemercier : une soir\u00e9e divertissante","author":"Fabienne TM","date":"2 avril 2014","format":false,"excerpt":"Gabrielle abuse du Lexomil, aval\u00e9 \u00e0 grandes lamp\u00e9es d\u2019Armagnac et encha\u00eene les amours catastrophiques avec de beaux mufles qui la laissent sur le carreau. Loulou se fout des autres, et n\u2019aime que son fils.\u00a0 Quant \u00e0 H\u00e9l\u00e8ne elle est au bord de l\u2019implosion et tente d\u00e9sesp\u00e9r\u00e9ment de donner le change\u2026","rel":"","context":"Dans &quot;Th\u00e9atre&quot;","block_context":{"text":"Th\u00e9atre","link":"http:\/\/www.letourismeaparis.fr\/index.php\/category\/spectacle\/theatre\/"},"img":{"alt_text":"","src":"","width":0,"height":0},"classes":[]},{"id":26037,"url":"http:\/\/www.letourismeaparis.fr\/index.php\/2025\/02\/03\/les-collectionnistes-au-theatre-montparnasse-une-bonne-piece\/","url_meta":{"origin":25160,"position":5},"title":"\u00ab\u00a0Les collectionnistes \u00ab\u00a0au Th\u00e9atre Montparnasse : une bonne pi\u00e8ce.","author":"Fabienne TM","date":"3 f\u00e9vrier 2025","format":false,"excerpt":"\"1870, Paul Durand-Ruel, marchand de tableaux r\u00e9fugi\u00e9 \u00e0 Londres, rencontre Claude Monet. De retour \u00e0 Paris, ce dernier lui pr\u00e9sente Renoir, Degas, Pissarro\u2026 de jeunes peintres dont il per\u00e7oit aussit\u00f4t le g\u00e9nie et la modernit\u00e9. Enthousiasm\u00e9 par le talent de ces artistes qu\u2019on ne qualifie pas encore d\u2019Impressionnistes, il ach\u00e8te\u2026","rel":"","context":"Dans &quot;Th\u00e9atre&quot;","block_context":{"text":"Th\u00e9atre","link":"http:\/\/www.letourismeaparis.fr\/index.php\/category\/spectacle\/theatre\/"},"img":{"alt_text":"","src":"","width":0,"height":0},"classes":[]}],"jetpack_sharing_enabled":true,"jetpack_likes_enabled":true,"_links":{"self":[{"href":"http:\/\/www.letourismeaparis.fr\/index.php\/wp-json\/wp\/v2\/posts\/25160","targetHints":{"allow":["GET"]}}],"collection":[{"href":"http:\/\/www.letourismeaparis.fr\/index.php\/wp-json\/wp\/v2\/posts"}],"about":[{"href":"http:\/\/www.letourismeaparis.fr\/index.php\/wp-json\/wp\/v2\/types\/post"}],"author":[{"embeddable":true,"href":"http:\/\/www.letourismeaparis.fr\/index.php\/wp-json\/wp\/v2\/users\/2"}],"replies":[{"embeddable":true,"href":"http:\/\/www.letourismeaparis.fr\/index.php\/wp-json\/wp\/v2\/comments?post=25160"}],"version-history":[{"count":1,"href":"http:\/\/www.letourismeaparis.fr\/index.php\/wp-json\/wp\/v2\/posts\/25160\/revisions"}],"predecessor-version":[{"id":25162,"href":"http:\/\/www.letourismeaparis.fr\/index.php\/wp-json\/wp\/v2\/posts\/25160\/revisions\/25162"}],"wp:featuredmedia":[{"embeddable":true,"href":"http:\/\/www.letourismeaparis.fr\/index.php\/wp-json\/wp\/v2\/media\/25161"}],"wp:attachment":[{"href":"http:\/\/www.letourismeaparis.fr\/index.php\/wp-json\/wp\/v2\/media?parent=25160"}],"wp:term":[{"taxonomy":"category","embeddable":true,"href":"http:\/\/www.letourismeaparis.fr\/index.php\/wp-json\/wp\/v2\/categories?post=25160"},{"taxonomy":"post_tag","embeddable":true,"href":"http:\/\/www.letourismeaparis.fr\/index.php\/wp-json\/wp\/v2\/tags?post=25160"}],"curies":[{"name":"wp","href":"https:\/\/api.w.org\/{rel}","templated":true}]}}