{"id":25174,"date":"2023-05-29T11:59:28","date_gmt":"2023-05-29T09:59:28","guid":{"rendered":"http:\/\/www.letourismeaparis.fr\/?p=25174"},"modified":"2023-05-29T12:00:24","modified_gmt":"2023-05-29T10:00:24","slug":"jardins-jardin","status":"publish","type":"post","link":"http:\/\/www.letourismeaparis.fr\/index.php\/2023\/05\/29\/jardins-jardin\/","title":{"rendered":"JARDINS, JARDIN"},"content":{"rendered":"\n<p>aux Tuileries \u00c0 paris<\/p>\n\n\n\n<p><\/p>\n\n\n\n<p>Jeudi 1er JUIN au dimanche 4 JUIN 2023<\/p>\n\n\n\n<p>implant\u00e9 au c\u0153ur de Paris, dans le cadre majestueux du jardin des Tuileries, en<\/p>\n\n\n\n<p>partenariat avec le louvre, Jardins, jardin est devenu le rendez-vous essentiel des<\/p>\n\n\n\n<p>professionnels et des amateurs du jardin urbain et du design d\u2019ext\u00e9rieur. <\/p>\n\n\n\n<hr class=\"wp-block-separator has-alpha-channel-opacity\"\/>\n\n\n\n<p><\/p>\n\n\n\n<p>L\u2019\u00e9v\u00e9nement parisien d\u00e9di\u00e9 \u00e0 la cr\u00e9ation paysag\u00e8re sous toutes<\/p>\n\n\n\n<p>ses formes<\/p>\n\n\n\n<p>\u2022 Balade au c\u0153ur de 30 jardins, terrasses et balcons \u00e9ph\u00e9m\u00e8res<\/p>\n\n\n\n<p>\u2022 100 exposants proposant les derni\u00e8res tendances et innovations<\/p>\n\n\n\n<p>de l\u2019art de vivre au jardin<\/p>\n\n\n\n<p>\u2022 10 p\u00e9pini\u00e9ristes sp\u00e9cialis\u00e9s<\/p>\n\n\n\n<p>\u2022 une dizaine de projets expos\u00e9s au Bosquet des innovations<\/p>\n\n\n\n<p>rassemblant le laboratoire des \u00e9coles et le concours de l\u2019innovation<\/p>\n\n\n\n<p>\u2022 des animations quotidiennes (ateliers p\u00e9dagogiques et ludiques,<\/p>\n\n\n\n<p>animations \u00e0 th\u00e8me&#8230;), pour jeunes et moins jeunes<\/p>\n\n\n\n<p>Toute la profession de l\u2019horticulture et du paysage se donne rendez-<\/p>\n\n\n\n<p>vous \u00e0 Jardins, jardin.<\/p>\n\n\n\n<hr class=\"wp-block-separator has-alpha-channel-opacity\"\/>\n\n\n\n<p>Jardin des Tuileries (entr\u00e9e c\u00f4t\u00e9 Place de la concorde) &#8211; Paris 1er<\/p>\n\n\n\n<p>Ouverture au public<\/p>\n\n\n\n<p>Jeudi 1er au dimanche 4 juin 2023<\/p>\n\n\n\n<p>Jeudi au samedi de 10h \u00e0 19h<\/p>\n\n\n\n<p>dimanche de 10h \u00e0 18h<\/p>\n\n\n\n<p><\/p>\n\n\n\n<p><\/p>\n\n\n\n<p>www.jardinsjardin.com<\/p>\n","protected":false},"excerpt":{"rendered":"<p>aux Tuileries \u00c0 paris Jeudi 1er JUIN au dimanche 4 JUIN 2023 implant\u00e9 au c\u0153ur de Paris, dans le cadre majestueux du jardin des Tuileries, en partenariat avec le louvre, Jardins, jardin est devenu le rendez-vous essentiel des professionnels et&#8230;<\/p>\n","protected":false},"author":2,"featured_media":25175,"comment_status":"open","ping_status":"open","sticky":false,"template":"","format":"standard","meta":{"ngg_post_thumbnail":0,"jetpack_post_was_ever_published":false,"_jetpack_newsletter_access":"","footnotes":""},"categories":[34],"tags":[],"class_list":["post-25174","post","type-post","status-publish","format-standard","has-post-thumbnail","hentry","category-jardins"],"jetpack_featured_media_url":"http:\/\/www.letourismeaparis.fr\/wp-content\/uploads\/2023\/05\/Capture-decran-2023-05-29-a-11.49.33.png","jetpack-related-posts":[{"id":16288,"url":"http:\/\/www.letourismeaparis.fr\/index.php\/2015\/06\/04\/jardins-jardin-aux-tuileries-noter-sur-vos-agendas\/","url_meta":{"origin":25174,"position":0},"title":"JARDINS, JARDIN AUX TUILERIES  \u00e0 noter sur vos agendas !","author":"Fabienne TM","date":"4 juin 2015","format":false,"excerpt":"\u00a0 JARDINS, JARDIN INVENTE LES NATURES URBAINES ! Jardins, jardin est \u00e0 l\u2019origine de nombreuses innovations, projets et applications concr\u00e8tes sur le territoire .Jardins, jardin est l\u2019\u00e9v\u00e9nement jardin et design d\u2019ext\u00e9rieur au c\u0153ur de Paris\u00a0d\u00e9di\u00e9 aux \u201cpetites natures urbaines\u201d. C\u2019est, chaque ann\u00e9e, la pr\u00e9sentation de 12 grands jardins de 50\u2026","rel":"","context":"Dans &quot;Jardins \/ Plein air&quot;","block_context":{"text":"Jardins \/ Plein air","link":"http:\/\/www.letourismeaparis.fr\/index.php\/category\/jardins\/"},"img":{"alt_text":"","src":"","width":0,"height":0},"classes":[]},{"id":21057,"url":"http:\/\/www.letourismeaparis.fr\/index.php\/2018\/06\/03\/jardins-jardins-aux-tuileries-jusquau-dimanche-3-juin\/","url_meta":{"origin":25174,"position":1},"title":"Jardins jardins aux Tuileries jusqu&#039;au dimanche 3 juin","author":"Fabienne TM","date":"3 juin 2018","format":false,"excerpt":"LE RENDEZ-VOUS DES PROFESSIONNELS ET DES AMATEURS\u00a0 DU JARDIN URBAIN ET DU DESIGN D\u2019EXT\u00c9RIEUR 4 jours pour visiter \u2013 acheter \u2013 partager \u2013 exp\u00e9rimenter \u2013 fl\u00e2ner \u2013 d\u00e9guster \u00a0 Venez d\u00e9couvrir une trentaine de jardins \u00e9ph\u00e9m\u00e8res, cr\u00e9\u00e9s par des paysagistes.\u00a0 Des professionnels du paysage vous pr\u00e9sentent la palette de m\u00e9tiers\u2026","rel":"","context":"Dans &quot;Jardins \/ Plein air&quot;","block_context":{"text":"Jardins \/ Plein air","link":"http:\/\/www.letourismeaparis.fr\/index.php\/category\/jardins\/"},"img":{"alt_text":"","src":"","width":0,"height":0},"classes":[]},{"id":23317,"url":"http:\/\/www.letourismeaparis.fr\/index.php\/2019\/06\/04\/jardins-jardin-aux-tuileries-du-6-au-9-juin-2019\/","url_meta":{"origin":25174,"position":2},"title":"JARDINS, JARDIN aux Tuileries du 6 au 9 juin 2019,","author":"Fabienne TM","date":"4 juin 2019","format":false,"excerpt":"LES \u00ab RECETTES V\u00c9G\u00c9TALES URBAINES \u00bb DE TRUFFAUT Tous les jours \/ En continu Depuis pr\u00e8s de 200 ans Truffaut partage sa passion du jardin et fait en sorte que le jardin devienne accessible \u00e0 tous ! Habiter en ville, n\u2019avoir qu\u2019un balcon ou une terrasse, ne vous interdit pas\u2026","rel":"","context":"Dans &quot;Non class\u00e9&quot;","block_context":{"text":"Non class\u00e9","link":"http:\/\/www.letourismeaparis.fr\/index.php\/category\/non-classe\/"},"img":{"alt_text":"","src":"https:\/\/i0.wp.com\/www.letourismeaparis.fr\/wp-content\/uploads\/2019\/06\/Capture-d%C3%A2%C2%80%C2%99e%C3%8C%C2%81cran-2019-06-04-a%C3%8C%C2%80-12.00.15.png?resize=350%2C200","width":350,"height":200},"classes":[]},{"id":24739,"url":"http:\/\/www.letourismeaparis.fr\/index.php\/2022\/06\/08\/jardins-jardin-aux-tuileries-du-8-au-12-juin\/","url_meta":{"origin":25174,"position":3},"title":"Jardins, jardin  aux Tuileries du 8 au 12 juin","author":"Fabienne TM","date":"8 juin 2022","format":false,"excerpt":"Jardins, jardin est un \u00e9v\u00e8nement d\u00e9di\u00e9 au jardin, pour professionnels et grand public. Un \u00e9v\u00e9nement unique dans un \u00e9crin de verdure. LES JARDINS EXTRAORDINAIRES Pour que vous \u00e9criviez un moment heureux de votre histoire dans ce jardin historique, Jardins, jardin cr\u00e9e, une semaine durant, un jardin extraordinaire. 1 700 des\u2026","rel":"","context":"Dans &quot;Jardins \/ Plein air&quot;","block_context":{"text":"Jardins \/ Plein air","link":"http:\/\/www.letourismeaparis.fr\/index.php\/category\/jardins\/"},"img":{"alt_text":"","src":"https:\/\/i0.wp.com\/www.letourismeaparis.fr\/wp-content\/uploads\/2022\/06\/Capture-d%E2%80%99e%CC%81cran-2022-06-08-a%CC%80-15.45.37.png?resize=350%2C200","width":350,"height":200},"classes":[]},{"id":10552,"url":"http:\/\/www.letourismeaparis.fr\/index.php\/2011\/06\/17\/promenez-vous-aux-tuileries-les-18-et-19-juin-en-famille-et-decouvrez-des-sculptures\/","url_meta":{"origin":25174,"position":4},"title":"Promenez-vous aux Tuileries les 18 et 19 juin, en famille ,et d\u00e9couvrez des sculptures.","author":"Fabienne TM","date":"17 juin 2011","format":false,"excerpt":"18 et 19 juin 2011 - Ateliers en famille au jardin des Tuileries De 14h30 \u00e0 18h30, explorez la sculpture classique et contemporaine du jardin des Tuileries. C\u2019est gratuit ! De 14h30 \u00e0 18h30 : Dessiner les sculptures du jardin \u00a9 Mus\u00e9e du Louvre Toute la journ\u00e9e, d\u00e9part sous le\u2026","rel":"","context":"Dans &quot;Non class\u00e9&quot;","block_context":{"text":"Non class\u00e9","link":"http:\/\/www.letourismeaparis.fr\/index.php\/category\/non-classe\/"},"img":{"alt_text":"","src":"","width":0,"height":0},"classes":[]},{"id":24730,"url":"http:\/\/www.letourismeaparis.fr\/index.php\/2022\/05\/30\/rendez-vous-aux-jardins-du-3-au-5-juin\/","url_meta":{"origin":25174,"position":5},"title":"Rendez-vous aux jardins du 3 au 5 juin","author":"Fabienne TM","date":"30 mai 2022","format":false,"excerpt":"Rendez-vous aux jardins du 3 au 5 juin Pour cette 19e \u00e9dition qui aura lieu les vendredi 3, samedi 4 et dimanche 5 juin 2022, le minist\u00e8re de la Culture vous donne Rendez-vous aux jardins pour explorer un th\u00e8me au c\u0153ur des enjeux environnementaux \u00ab Les jardins face au changement\u2026","rel":"","context":"Dans &quot;Jardins \/ Plein air&quot;","block_context":{"text":"Jardins \/ Plein air","link":"http:\/\/www.letourismeaparis.fr\/index.php\/category\/jardins\/"},"img":{"alt_text":"","src":"https:\/\/i0.wp.com\/www.letourismeaparis.fr\/wp-content\/uploads\/2022\/05\/Capture-d%E2%80%99e%CC%81cran-2022-05-30-a%CC%80-19.14.50.png?resize=350%2C200","width":350,"height":200},"classes":[]}],"jetpack_sharing_enabled":true,"jetpack_likes_enabled":true,"_links":{"self":[{"href":"http:\/\/www.letourismeaparis.fr\/index.php\/wp-json\/wp\/v2\/posts\/25174","targetHints":{"allow":["GET"]}}],"collection":[{"href":"http:\/\/www.letourismeaparis.fr\/index.php\/wp-json\/wp\/v2\/posts"}],"about":[{"href":"http:\/\/www.letourismeaparis.fr\/index.php\/wp-json\/wp\/v2\/types\/post"}],"author":[{"embeddable":true,"href":"http:\/\/www.letourismeaparis.fr\/index.php\/wp-json\/wp\/v2\/users\/2"}],"replies":[{"embeddable":true,"href":"http:\/\/www.letourismeaparis.fr\/index.php\/wp-json\/wp\/v2\/comments?post=25174"}],"version-history":[{"count":1,"href":"http:\/\/www.letourismeaparis.fr\/index.php\/wp-json\/wp\/v2\/posts\/25174\/revisions"}],"predecessor-version":[{"id":25176,"href":"http:\/\/www.letourismeaparis.fr\/index.php\/wp-json\/wp\/v2\/posts\/25174\/revisions\/25176"}],"wp:featuredmedia":[{"embeddable":true,"href":"http:\/\/www.letourismeaparis.fr\/index.php\/wp-json\/wp\/v2\/media\/25175"}],"wp:attachment":[{"href":"http:\/\/www.letourismeaparis.fr\/index.php\/wp-json\/wp\/v2\/media?parent=25174"}],"wp:term":[{"taxonomy":"category","embeddable":true,"href":"http:\/\/www.letourismeaparis.fr\/index.php\/wp-json\/wp\/v2\/categories?post=25174"},{"taxonomy":"post_tag","embeddable":true,"href":"http:\/\/www.letourismeaparis.fr\/index.php\/wp-json\/wp\/v2\/tags?post=25174"}],"curies":[{"name":"wp","href":"https:\/\/api.w.org\/{rel}","templated":true}]}}