{"id":25185,"date":"2023-06-09T11:20:23","date_gmt":"2023-06-09T09:20:23","guid":{"rendered":"http:\/\/www.letourismeaparis.fr\/?p=25185"},"modified":"2023-06-09T11:22:13","modified_gmt":"2023-06-09T09:22:13","slug":"festival-jeunes-talents-2","status":"publish","type":"post","link":"http:\/\/www.letourismeaparis.fr\/index.php\/2023\/06\/09\/festival-jeunes-talents-2\/","title":{"rendered":"Festival Jeunes talents"},"content":{"rendered":"\n<p>Chaque ann\u00e9e, pendant trois semaines, le Festival Europ\u00e9en Jeunes Talents propose une vingtaine de concerts au c\u0153ur de Paris, dans le quartier du Marais aux Archives nationales, \u00e0 la Cath\u00e9drale Sainte-Croix des Arm\u00e9niens, ainsi que dans d\u2019autres lieux en r\u00e9gion dans le but d\u2019aller \u00e0 la rencontre du plus grand nombre.<\/p>\n\n\n\n<hr class=\"wp-block-separator has-alpha-channel-opacity\"\/>\n\n\n\n<p>L\u2019\u00e9dition 2023 se d\u00e9roulera du 2 au 22 juillet et proposera une programmation riche et originale, avec des cr\u00e9ations contemporaines exceptionnelles ainsi que de larges r\u00e9pertoires classiques de renom.&nbsp; \u00c0 l&rsquo;affiche des jeunes musiciens en d\u00e9but de carri\u00e8re&nbsp; : le Duo M\u00e9tis, le Quintette Pentagone, le Quintette Le Bateau Ivre, l\u2019Ensemble La Notte, le Quatuor Mirages. Lors de cette \u00e9dition viendront \u00e9galement s\u2019y produire, le trompettiste Romain Leleu, le Trio Philia ou le Duo Ermitage.<\/p>\n\n\n\n<p><a href=\"http:\/\/www.jeunes-talents.org\">www.jeunes-talents.org<\/a><\/p>\n","protected":false},"excerpt":{"rendered":"<p>Chaque ann\u00e9e, pendant trois semaines, le Festival Europ\u00e9en Jeunes Talents propose une vingtaine de concerts au c\u0153ur de Paris, dans le quartier du Marais aux Archives nationales, \u00e0 la Cath\u00e9drale Sainte-Croix des Arm\u00e9niens, ainsi que dans d\u2019autres lieux en r\u00e9gion&#8230;<\/p>\n","protected":false},"author":2,"featured_media":25186,"comment_status":"open","ping_status":"open","sticky":false,"template":"","format":"standard","meta":{"ngg_post_thumbnail":0,"jetpack_post_was_ever_published":false,"_jetpack_newsletter_access":"","footnotes":""},"categories":[362,28,43],"tags":[],"class_list":["post-25185","post","type-post","status-publish","format-standard","has-post-thumbnail","hentry","category-concerts-musique","category-familles","category-regions-de-france"],"jetpack_featured_media_url":"http:\/\/www.letourismeaparis.fr\/wp-content\/uploads\/2023\/06\/Capture-decran-2023-06-09-a-11.14.54.png","jetpack-related-posts":[{"id":10762,"url":"http:\/\/www.letourismeaparis.fr\/index.php\/2011\/07\/26\/11e-edition-du-festival-europeen-jeunes-talents-8-28-juillet-201108072011\/","url_meta":{"origin":25185,"position":0},"title":"11e \u00e9dition du Festival Europ\u00e9en Jeunes Talents jusqu&#039;au 28 juillet","author":"Fabienne TM","date":"26 juillet 2011","format":false,"excerpt":"26\/07\/2011 \u00a0\u00a0 \u00a020h - Trio violon \/ violoncelle \/ piano Trio Demian : Mi-Sa Yang, violon Sietse-Jan Weijenberg, violoncelle Nozomi Matsumoto, piano 27\/07\/2011 \u00a0\u00a0 \u00a020h - Duo violon \/ piano Nikita Boriso-Glebsky, violon Christia Hudziy, piano 28\/07\/2011 \u00a0\u00a0 \u00a020h - Concert de cl\u00f4ture - R\u00e9cital de piano Denis Zhdanov, pianiste\u2026","rel":"","context":"Dans &quot;Non class\u00e9&quot;","block_context":{"text":"Non class\u00e9","link":"http:\/\/www.letourismeaparis.fr\/index.php\/category\/non-classe\/"},"img":{"alt_text":"","src":"","width":0,"height":0},"classes":[]},{"id":10512,"url":"http:\/\/www.letourismeaparis.fr\/index.php\/2011\/07\/21\/jazz-au-bois-de-vincennes-du-11-juin-au-30-juillet\/","url_meta":{"origin":25185,"position":1},"title":"Jazz au bois de Vincennes  jusqu&#039;au 30 juillet","author":"Fabienne TM","date":"21 juillet 2011","format":false,"excerpt":"Cet \u00e9t\u00e9, la fine fleur du jazz international se retrouve au c\u0153ur du Parc Floral de Paris pour le Paris Jazz Festival. Cette nouvelle \u00e9dition propose 31 concerts en plein air sur la grande sc\u00e8ne du Delta. Un programme qui met \u00e0 l\u2019honneur l\u2019Am\u00e9rique et pr\u00e9sente, chaque week-end le jazz\u2026","rel":"","context":"Dans &quot;Non class\u00e9&quot;","block_context":{"text":"Non class\u00e9","link":"http:\/\/www.letourismeaparis.fr\/index.php\/category\/non-classe\/"},"img":{"alt_text":"","src":"","width":0,"height":0},"classes":[]},{"id":7676,"url":"http:\/\/www.letourismeaparis.fr\/index.php\/2010\/05\/20\/tremplin-jeunes-talents-de-jazz-au-festival-saint-germain-des-pres-les-2122-et-23-mai\/","url_meta":{"origin":25185,"position":2},"title":"Tremplin Jeunes Talents  de Jazz au Festival Saint germain des pr\u00e8s les 21,22 et 23 mai","author":"Fabienne TM","date":"20 mai 2010","format":false,"excerpt":"Sous l\u2019\u00e9gide du festival, le jury compos\u00e9 de musiciens, journalistes et professionnels d\u00e9partagera chaque soir les trois formations en comp\u00e9tition. Les formations en comp\u00e9tition les 21, 22 et 23 mai : Vendredi 21 mai Ouverture des portes : 17h30 Urban Jazz (18h00 - 18h45) 3Spirit (19h00 - 19h45) Pouaz''rlk (20h00\u2026","rel":"","context":"Dans &quot;Non class\u00e9&quot;","block_context":{"text":"Non class\u00e9","link":"http:\/\/www.letourismeaparis.fr\/index.php\/category\/non-classe\/"},"img":{"alt_text":"","src":"","width":0,"height":0},"classes":[]},{"id":12740,"url":"http:\/\/www.letourismeaparis.fr\/index.php\/2013\/02\/15\/concerts-des-jeunes-talents-a-lhotel-de-soubise-au-petit-palais-a-la-mairie-du-9-eme\/","url_meta":{"origin":25185,"position":3},"title":"Concerts des &quot;jeunes talents&quot; \u00e0 l&#039;H\u00f4tel de Soubise, au Petit Palais , \u00e0 la mairie du 9 \u00e8me","author":"Fabienne TM","date":"15 f\u00e9vrier 2013","format":false,"excerpt":"L'association Jeunes Talents a pour but d'aider de jeunes musiciens \u00e0 se produire en public. L'objectif est aussi de faire conna\u00eetre au public le plus large possible la musique classique et les talents de la nouvelle g\u00e9n\u00e9ration de musiciens Concerts aux Archives nationales - H\u00f4tel de Soubise 60, rue des\u2026","rel":"","context":"Dans &quot;Non class\u00e9&quot;","block_context":{"text":"Non class\u00e9","link":"http:\/\/www.letourismeaparis.fr\/index.php\/category\/non-classe\/"},"img":{"alt_text":"","src":"","width":0,"height":0},"classes":[]},{"id":282,"url":"http:\/\/www.letourismeaparis.fr\/index.php\/2008\/08\/01\/festival-jeunes-talents\/","url_meta":{"origin":25185,"position":4},"title":"Festival  &quot;Jeunes Talents&quot;","author":"Fabienne TM","date":"1 ao\u00fbt 2008","format":false,"excerpt":"Les concerts \u00e0 l'H\u00f4tel de Soubise Jeunes Talents organise des concerts dans le cadre exceptionnel de l'H\u00f4tel de Soubise (Centre Historique des Archives Nationales), renouant ainsi avec la prestigieuse tradition des \"Concerts des Amateurs\", n\u00e9e au XVIII\u00e8me si\u00e8cle. du 23 au 26 juillet \u00e0 20 h et dimanche 27 \u00e0\u2026","rel":"","context":"Dans &quot;Non class\u00e9&quot;","block_context":{"text":"Non class\u00e9","link":"http:\/\/www.letourismeaparis.fr\/index.php\/category\/non-classe\/"},"img":{"alt_text":"","src":"","width":0,"height":0},"classes":[]},{"id":19197,"url":"http:\/\/www.letourismeaparis.fr\/index.php\/2016\/12\/09\/du-9-au-11-decembre-le-village-des-terroirs-des-saveurs-et-des-couleurs-vous-attend\/","url_meta":{"origin":25185,"position":5},"title":"Du  9 au  11 d\u00e9cembre , le  Village des Terroirs, des Saveurs et des Couleurs, vous attend","author":"Fabienne TM","date":"9 d\u00e9cembre 2016","format":false,"excerpt":"\u00a0 \u00ab Festival de saveurs et de couleurs \u00bb, le Village des Terroirs est r\u00e9put\u00e9 pour la haute qualit\u00e9 de ses exposants aux sp\u00e9cialit\u00e9s artistiques et gastronomiques surprenantes. Le centre historique de Vanves accueille cette 12\u00e8me \u00e9dition toujours aussi exigeante dans le choix de ses partenaires : des artisans d\u2019art\u2026","rel":"","context":"Dans &quot;Gastronomie&quot;","block_context":{"text":"Gastronomie","link":"http:\/\/www.letourismeaparis.fr\/index.php\/category\/gastronomie\/"},"img":{"alt_text":"","src":"","width":0,"height":0},"classes":[]}],"jetpack_sharing_enabled":true,"jetpack_likes_enabled":true,"_links":{"self":[{"href":"http:\/\/www.letourismeaparis.fr\/index.php\/wp-json\/wp\/v2\/posts\/25185","targetHints":{"allow":["GET"]}}],"collection":[{"href":"http:\/\/www.letourismeaparis.fr\/index.php\/wp-json\/wp\/v2\/posts"}],"about":[{"href":"http:\/\/www.letourismeaparis.fr\/index.php\/wp-json\/wp\/v2\/types\/post"}],"author":[{"embeddable":true,"href":"http:\/\/www.letourismeaparis.fr\/index.php\/wp-json\/wp\/v2\/users\/2"}],"replies":[{"embeddable":true,"href":"http:\/\/www.letourismeaparis.fr\/index.php\/wp-json\/wp\/v2\/comments?post=25185"}],"version-history":[{"count":2,"href":"http:\/\/www.letourismeaparis.fr\/index.php\/wp-json\/wp\/v2\/posts\/25185\/revisions"}],"predecessor-version":[{"id":25189,"href":"http:\/\/www.letourismeaparis.fr\/index.php\/wp-json\/wp\/v2\/posts\/25185\/revisions\/25189"}],"wp:featuredmedia":[{"embeddable":true,"href":"http:\/\/www.letourismeaparis.fr\/index.php\/wp-json\/wp\/v2\/media\/25186"}],"wp:attachment":[{"href":"http:\/\/www.letourismeaparis.fr\/index.php\/wp-json\/wp\/v2\/media?parent=25185"}],"wp:term":[{"taxonomy":"category","embeddable":true,"href":"http:\/\/www.letourismeaparis.fr\/index.php\/wp-json\/wp\/v2\/categories?post=25185"},{"taxonomy":"post_tag","embeddable":true,"href":"http:\/\/www.letourismeaparis.fr\/index.php\/wp-json\/wp\/v2\/tags?post=25185"}],"curies":[{"name":"wp","href":"https:\/\/api.w.org\/{rel}","templated":true}]}}