{"id":25193,"date":"2023-06-23T11:00:01","date_gmt":"2023-06-23T09:00:01","guid":{"rendered":"http:\/\/www.letourismeaparis.fr\/?p=25193"},"modified":"2023-06-23T11:16:50","modified_gmt":"2023-06-23T09:16:50","slug":"rolando-villazon-au-tce","status":"publish","type":"post","link":"http:\/\/www.letourismeaparis.fr\/index.php\/2023\/06\/23\/rolando-villazon-au-tce\/","title":{"rendered":"Rolando Villazon au TCE"},"content":{"rendered":"\n<h2 class=\"wp-block-heading\"><strong>Jeudi 29 juin 2023 \/ 20h00<br><\/strong><\/h2>\n\n\n\n<p> Un magnifique programme :<\/p>\n\n\n\n<p>Les Grandes voix<\/p>\n\n\n\n<p><strong>Rolando Villaz\u00f3n,&nbsp;<\/strong>t\u00e9nor<br><strong>Belgian National Orchestra<br><\/strong><strong>Guerassim Voronkov,&nbsp;<\/strong>direction<\/p>\n\n\n\n<p><strong>Wolfgang Amadeus Mozart<br><\/strong><em>Le nozze di Figaro,<\/em>&nbsp;Ouverture (orchestre)<\/p>\n\n\n\n<p><strong>Wolfgang Amadeus Mozart<br><\/strong><em>Il re pastore<\/em>, \u00ab&nbsp;Voi che fausti&nbsp;\u00bb<\/p>\n\n\n\n<p><strong>Wolfgang Amadeus Mozart<br><\/strong><em>La clemenza di Tito<\/em>, \u00ab&nbsp;Se all\u2019impero&nbsp;\u00bb<\/p>\n\n\n\n<p><strong>Jacques Offenbach<br><\/strong><em>Orph\u00e9e aux Enfers<\/em>, Ouverture (orchestre)<\/p>\n\n\n\n<p><strong>Jacques Offenbach<br><\/strong><em>Les contes d\u2019Hoffmann<\/em>, \u00ab&nbsp;Va pour Kleinzach&nbsp;\u00bb<\/p>\n\n\n\n<p><strong>Jules Massenet<br><\/strong><em>Le Cid<\/em>, \u00ab&nbsp;Ah tout est bien fini\u2026O souverain, o juge, o p\u00e8re&nbsp;\u00bb<\/p>\n\n\n\n<p><strong>Giuseppe Verdi<br><\/strong><em><u>I<\/u>&nbsp;vespri siciliani<\/em>, Ouverture (orchestre)<\/p>\n\n\n\n<hr class=\"wp-block-separator has-alpha-channel-opacity\"\/>\n\n\n\n<p><strong>Giuseppe Verdi<br><\/strong><em>Oberto<\/em>, \u00ab&nbsp;Ciel che feci\u2026! Di qual sangue&nbsp;\u00bb<\/p>\n\n\n\n<p><strong>Giuseppe Verdi<br><\/strong><em>Il Corsaro<\/em>, \u00ab Ah si ben dite\u2026Tutto parea sorridere \u00bb<\/p>\n\n\n\n<p><strong>Arturo M\u00e1rquez<br><\/strong><em>Danc\u00f3n 2<\/em>&nbsp;(Orchestre)<\/p>\n\n\n\n<p><strong>Pablo Soroz\u00e1bal<br><\/strong><em>La tabernera<\/em>&nbsp;<em>del puerto<\/em>, \u00ab&nbsp;No puede ser&nbsp;\u00bb<\/p>\n\n\n\n<hr class=\"wp-block-separator has-alpha-channel-opacity\"\/>\n\n\n\n<p><strong>Reveriano Soutullo et Juan Vert<br><\/strong><em>La del Soto del Parral<\/em>, \u00ab&nbsp;Y mis horas felices&nbsp;\u00bb<\/p>\n\n\n\n<figure class=\"wp-block-image\"><a class=\"\" href=\"https:\/\/billetterie.theatrechampselysees.fr\/api\/1\/redirect\/product?id=10228488699387\" target=\"_blank\" rel=\"noreferrer noopener\"><img decoding=\"async\" src=\"https:\/\/lesgrandesvoix.fr\/wp-content\/uploads\/2014\/08\/Reserver-2-1.png\" alt=\"\"\/><\/a><\/figure>\n\n\n\n<figure class=\"wp-block-embed is-type-rich is-provider-prise-en-charge-des-contenus-embarques wp-block-embed-prise-en-charge-des-contenus-embarques\"><div class=\"wp-block-embed__wrapper\">\nhttps:\/\/youtube.com\/watch?v=lZxY-9bb6wg%3Ffeature%3Doembed\n<\/div><\/figure>\n\n\n\n<p><strong>Gaetano Donizetti,&nbsp;<\/strong><em>L\u2019Elisir d\u2019amore<\/em>, \u00ab&nbsp;Una furtiva lagrima&nbsp;\u00bb (Rolando Villaz\u00f3n, Balthasar-Neumann-Chor und -Ensemble, direction Pablo Heras-Casado \u2013 Festspielhaus de Baden-Baden, 2014)<\/p>\n\n\n\n<figure class=\"wp-block-image\"><a class=\"\" href=\"https:\/\/store.deutschegrammophon.com\/p51-i0028948382385\/rolando-villaz-n-xavier-de-maistre\/serenata-latina\/index.html\" target=\"_blank\" rel=\"noreferrer noopener\"><img decoding=\"async\" src=\"https:\/\/lesgrandesvoix.fr\/wp-content\/uploads\/2022\/02\/cd-rolando-villazon-serenata-latina.jpg\" alt=\"\"\/><\/a><\/figure>\n\n\n\n<p>CD \u00ab&nbsp;Serenata Latina&nbsp;\u00bb<br>Rolando Villaz\u00f3n &amp; Xavier de Maistre<br>Paru en 2020<br>chez Deutsche Grammophon<\/p>\n\n\n\n<p>On ne pr\u00e9sente plus Rolando Villaz\u00f3n. Bien plus encore qu\u2019un grand chanteur, c\u2019est une personnalit\u00e9 incroyablement attachante qui s\u00e9duit encore et encore le public, r\u00e9coltant un succ\u00e8s triomphal \u00e0 chacune de ses apparitions. Nul doute que ce concert \u00ab portrait \u00bb ravira \u00e0 nouveau ses fans ! Le t\u00e9nor franco-mexicain chantera avec bonheur ses compositeurs de pr\u00e9dilection, Mozart et Verdi ; mais il offrira aussi des zarzuelas et des&nbsp;<em>canzoni napoletane<\/em>, un r\u00e9pertoire haut en couleurs qu\u2019il d\u00e9fend comme personne.<\/p>\n\n\n\n<p><\/p>\n\n\n\n<p>Coproduction Th\u00e9\u00e2tre des Champs-\u00c9lys\u00e9es \/ Les Grandes Voix<\/p>\n\n\n\n<p><\/p>\n\n\n\n<ul class=\"wp-block-list\">\n<li><strong>Jeudi 29 juin 2023 \/ 20h00<br>Th\u00e9\u00e2tre des Champs-\u00c9lys\u00e9es<\/strong><\/li>\n\n\n\n<li>15 Avenue Montaigne Paris-75008<a href=\"https:\/\/lesgrandesvoix.fr\/rolando-villazon-theatre-des-champs-elysees-29-juin-2023\/\"><\/a><\/li>\n<\/ul>\n\n\n\n<ul class=\"wp-block-list\">\n<li><a href=\"https:\/\/lesgrandesvoix.fr\/portfolio\/rolando-villazon-theatre-des-champs-elysees-29-juin-2023\/#\"><\/a><\/li>\n<\/ul>\n\n\n\n<p><a href=\"https:\/\/lesgrandesvoix.fr\/portfolio\/rolando-villazon-theatre-des-champs-elysees-29-juin-2023\/#\"><\/a><a href=\"https:\/\/lesgrandesvoix.fr\/portfolio\/rolando-villazon-theatre-des-champs-elysees-29-juin-2023\/#\"><\/a><a href=\"https:\/\/lesgrandesvoix.fr\/portfolio\/rolando-villazon-theatre-des-champs-elysees-29-juin-2023\/#\"><\/a><a href=\"https:\/\/lesgrandesvoix.fr\/portfolio\/rolando-villazon-theatre-des-champs-elysees-29-juin-2023\/#\"><\/a><\/p>\n","protected":false},"excerpt":{"rendered":"<p>Jeudi 29 juin 2023 \/ 20h00 Un magnifique programme : Les Grandes voix Rolando Villaz\u00f3n,&nbsp;t\u00e9norBelgian National OrchestraGuerassim Voronkov,&nbsp;direction Wolfgang Amadeus MozartLe nozze di Figaro,&nbsp;Ouverture (orchestre) Wolfgang Amadeus MozartIl re pastore, \u00ab&nbsp;Voi che fausti&nbsp;\u00bb Wolfgang Amadeus MozartLa clemenza di Tito, \u00ab&nbsp;Se&#8230;<\/p>\n","protected":false},"author":2,"featured_media":25199,"comment_status":"open","ping_status":"open","sticky":false,"template":"","format":"standard","meta":{"ngg_post_thumbnail":0,"jetpack_post_was_ever_published":false,"_jetpack_newsletter_access":"","footnotes":""},"categories":[362,365],"tags":[],"class_list":["post-25193","post","type-post","status-publish","format-standard","has-post-thumbnail","hentry","category-concerts-musique","category-opera"],"jetpack_featured_media_url":"http:\/\/www.letourismeaparis.fr\/wp-content\/uploads\/2023\/06\/Capture-decran-2023-06-23-a-11.02.04.png","jetpack-related-posts":[{"id":24711,"url":"http:\/\/www.letourismeaparis.fr\/index.php\/2022\/05\/12\/les-grandes-voix-au-tce-michael-spyres-19-mai\/","url_meta":{"origin":25193,"position":0},"title":"Les grandes voix au TCE Michael Spyres 19 mai","author":"Fabienne TM","date":"12 mai 2022","format":false,"excerpt":"Jeudi 19 mai 2022 \/ 20h00. Th\u00e9\u00e2tre des Champs-\u00c9lys\u00e9es Michael Spyres est un chanteur \u00e0 la voix hors du commun: le t\u00e9nor am\u00e9ricain est l\u2019un des seuls artistes lyriques \u00e0 pouvoir chanter des r\u00f4les de natures aussi vari\u00e9es. Il appartient en effet \u00e0 la cat\u00e9gorie des \u00ab baritenore \u00bb (comme\u2026","rel":"","context":"Dans &quot;Concerts \/ Musique&quot;","block_context":{"text":"Concerts \/ Musique","link":"http:\/\/www.letourismeaparis.fr\/index.php\/category\/culture\/concerts-musique\/"},"img":{"alt_text":"","src":"","width":0,"height":0},"classes":[]},{"id":23665,"url":"http:\/\/www.letourismeaparis.fr\/index.php\/2019\/09\/15\/don-giovanni-jeudi-19-septembre-a-19h30-au-tce-wolfgang-amadeus-mozart\/","url_meta":{"origin":25193,"position":1},"title":"Don Giovanni jeudi 19 septembre \u00e0 19h30 au TCE . Wolfgang Amadeus Mozart","author":"Fabienne TM","date":"15 septembre 2019","format":false,"excerpt":"Le plus noir des ouvrages mozartiens servi par la jeune et talentueuse troupe de l\u2019Op\u00e9ra de Garsington. Jonathan McGovern\u00a0Don Giovanni David Ireland\u00a0Leporello Camila Titinger\u00a0Donna Anna Sky Ingram\u00a0Donna Elvira Trystan Ll\u0177r Griffiths\u00a0Don Ottavio Mireille Asselin\u00a0Zerlina Paul Whelan\u00a0Le Commandeur Thomas Faulkner\u00a0Masetto Douglas Boyd\u00a0direction Deborah Cohen\u00a0mise en espace Orchestre de chambre de Paris\u2026","rel":"","context":"Dans &quot;Non class\u00e9&quot;","block_context":{"text":"Non class\u00e9","link":"http:\/\/www.letourismeaparis.fr\/index.php\/category\/non-classe\/"},"img":{"alt_text":"","src":"","width":0,"height":0},"classes":[]},{"id":18949,"url":"http:\/\/www.letourismeaparis.fr\/index.php\/2016\/11\/19\/les-grandes-voix-les-grands-solistes-a-la-salle-gaveau-avec-marianne-crebassa\/","url_meta":{"origin":25193,"position":2},"title":"&quot;Les Grandes voix, les grands solistes&quot; \u00e0 la salle Gaveau AVEC MARIANNE CREBASSA","author":"Fabienne TM","date":"19 novembre 2016","format":false,"excerpt":"Lundi \u00a021 novembre 2016 20h30 Salle Gaveau, un superbe programme vous attend avec \u00a0Marianne Crebassa, mezzo-soprano,Les Ambassadeurs,Alexis Kossenko, direction WOLFGANG AMADEUS MOZART Les Noces de Figaro Ouverture \u00ab Non so pi\u00f9, cosa son, cosa faccio \u00bb (Cherubino) \u00ab Voi che sapete \u00bb (Cherubino) La Cl\u00e9mence de Titus \u00ab Parto, parto\u2026","rel":"","context":"Dans &quot;Concert&quot;","block_context":{"text":"Concert","link":"http:\/\/www.letourismeaparis.fr\/index.php\/category\/culture\/concerts-musique\/concert\/"},"img":{"alt_text":"","src":"","width":0,"height":0},"classes":[]},{"id":20523,"url":"http:\/\/www.letourismeaparis.fr\/index.php\/2017\/12\/08\/simon-bolivar-trumpet-ensemble-a-la-seine-musicale-le-10-decembre\/","url_meta":{"origin":25193,"position":3},"title":"SIM\u00d3N B\u00d3LIVAR TRUMPET ENSEMBLE \u00e0 la SEINE MUSICALE le 10 d\u00e9cembre","author":"Fabienne TM","date":"8 d\u00e9cembre 2017","format":false,"excerpt":"\u00ceLOT ATTENTION CHEFS-D'\u0152UVRE Quatre jours avec Insula orchestra et ses invit\u00e9s Du vendredi 8 au lundi 11 d\u00e9cembre La Seine Musicale le 10 d\u00e9cembre notamment : GABRIELI, MOZART, PIAZZOLLA, GARDEL Sonnez trompettes ! Le formidable Sim\u00f3n Bol\u00edvar Trumpet Ensemble d\u00e9barque \u00e0 La Seine Musicale. Cet ensemble v\u00e9n\u00e9zu\u00e9lien, r\u00e9put\u00e9 \u00a0 \u00a0\u2026","rel":"","context":"Dans &quot;Concert&quot;","block_context":{"text":"Concert","link":"http:\/\/www.letourismeaparis.fr\/index.php\/category\/culture\/concerts-musique\/concert\/"},"img":{"alt_text":"","src":"","width":0,"height":0},"classes":[]},{"id":26577,"url":"http:\/\/www.letourismeaparis.fr\/index.php\/2025\/11\/21\/bach-haydn-et-mozart-au-chatelet\/","url_meta":{"origin":25193,"position":4},"title":"Bach, Haydn et Mozart au Ch\u00e2telet","author":"Fabienne TM","date":"21 novembre 2025","format":false,"excerpt":"Un concert de l'orchestre national de Paris. Lundi 24 novembre \u00e0 20h Ton Koopman place Bach en point de d\u00e9part, avec la Suite n\u00b0 3, dont le magnifique \u00abAir sur la corde de sol\u00bb est l\u2019un des morceaux les plus appr\u00e9ci\u00e9s de l\u2019histoire de la musique. Lui font suite la\u2026","rel":"","context":"Dans &quot;Concerts \/ Musique&quot;","block_context":{"text":"Concerts \/ Musique","link":"http:\/\/www.letourismeaparis.fr\/index.php\/category\/culture\/concerts-musique\/"},"img":{"alt_text":"","src":"","width":0,"height":0},"classes":[]},{"id":21068,"url":"http:\/\/www.letourismeaparis.fr\/index.php\/2018\/06\/12\/break-mozart-2-1-la-seine-musicale-les-22-et-23-juin-2018-20h30\/","url_meta":{"origin":25193,"position":5},"title":"BREAK A MOZART 2.1 \u00c0 LA SEINE MUSICALE    Les 22 et 23 juin 2018 \u00e0 20h30","author":"Fabienne TM","date":"12 juin 2018","format":false,"excerpt":"Le D\u00e9partement des Hauts-de-Seine et Insula orchestra proposent un mariage innovant entre musique classique et danse hip-hop, apportant une touche contemporaine \u00e0 l\u2019\u0153uvre de Mozart.A l\u2019occasion de ces deux repr\u00e9sentations, onze danseurs et dix musiciens jouant sur instruments d\u2019\u00e9poque s\u2019associeront pour revisiter Don Giovanni, le Requiem et de nombreuses autres\u2026","rel":"","context":"Dans &quot;Musique&quot;","block_context":{"text":"Musique","link":"http:\/\/www.letourismeaparis.fr\/index.php\/category\/culture\/concerts-musique\/musique\/"},"img":{"alt_text":"","src":"","width":0,"height":0},"classes":[]}],"jetpack_sharing_enabled":true,"jetpack_likes_enabled":true,"_links":{"self":[{"href":"http:\/\/www.letourismeaparis.fr\/index.php\/wp-json\/wp\/v2\/posts\/25193","targetHints":{"allow":["GET"]}}],"collection":[{"href":"http:\/\/www.letourismeaparis.fr\/index.php\/wp-json\/wp\/v2\/posts"}],"about":[{"href":"http:\/\/www.letourismeaparis.fr\/index.php\/wp-json\/wp\/v2\/types\/post"}],"author":[{"embeddable":true,"href":"http:\/\/www.letourismeaparis.fr\/index.php\/wp-json\/wp\/v2\/users\/2"}],"replies":[{"embeddable":true,"href":"http:\/\/www.letourismeaparis.fr\/index.php\/wp-json\/wp\/v2\/comments?post=25193"}],"version-history":[{"count":2,"href":"http:\/\/www.letourismeaparis.fr\/index.php\/wp-json\/wp\/v2\/posts\/25193\/revisions"}],"predecessor-version":[{"id":25197,"href":"http:\/\/www.letourismeaparis.fr\/index.php\/wp-json\/wp\/v2\/posts\/25193\/revisions\/25197"}],"wp:featuredmedia":[{"embeddable":true,"href":"http:\/\/www.letourismeaparis.fr\/index.php\/wp-json\/wp\/v2\/media\/25199"}],"wp:attachment":[{"href":"http:\/\/www.letourismeaparis.fr\/index.php\/wp-json\/wp\/v2\/media?parent=25193"}],"wp:term":[{"taxonomy":"category","embeddable":true,"href":"http:\/\/www.letourismeaparis.fr\/index.php\/wp-json\/wp\/v2\/categories?post=25193"},{"taxonomy":"post_tag","embeddable":true,"href":"http:\/\/www.letourismeaparis.fr\/index.php\/wp-json\/wp\/v2\/tags?post=25193"}],"curies":[{"name":"wp","href":"https:\/\/api.w.org\/{rel}","templated":true}]}}