{"id":25206,"date":"2023-08-31T16:57:41","date_gmt":"2023-08-31T14:57:41","guid":{"rendered":"http:\/\/www.letourismeaparis.fr\/?p=25206"},"modified":"2023-08-31T16:57:44","modified_gmt":"2023-08-31T14:57:44","slug":"la-dame-de-pierre-au-palais-des-congres","status":"publish","type":"post","link":"http:\/\/www.letourismeaparis.fr\/index.php\/2023\/08\/31\/la-dame-de-pierre-au-palais-des-congres\/","title":{"rendered":"La Dame de Pierre au Palais des congr\u00e8s, un spectacle superbe !  En tourn\u00e9e prochainement"},"content":{"rendered":"\n<p>Samedi 14 OCTOBRE 2023<\/p>\n\n\n\n<p>Reims : Dimanche 12 NOVEMBRE 2023<\/p>\n\n\n\n<p>Rouen : SAMEDI 24 F\u00c9VRIER 2024<\/p>\n\n\n\n<p>Lyon : SAMEDI 9 MARS 2024<\/p>\n\n\n\n<p>Strasbourg : SAMEDI 15 JUIN 2024<\/p>\n\n\n\n<p>Nice : SAMEDI 29 JUIN 2024<\/p>\n\n\n\n<hr class=\"wp-block-separator has-alpha-channel-opacity\"\/>\n\n\n\n<p> SPECTACLE HOMMAGE<\/p>\n\n\n\n<p>L\u2019intuition de\u00a0\u00bb La Dame de Pierre\u00a0\u00bb est n\u00e9e en avril 2019, au lendemain de l\u2019incendie de Notre-Dame de Paris. Corentin Stemler d\u00e9cide alors de cr\u00e9er un grand spectacle en r\u00e9ponse aux larmes vers\u00e9es devant la cath\u00e9drale en feu.<\/p>\n\n\n\n<hr class=\"wp-block-separator has-alpha-channel-opacity\"\/>\n\n\n\n<p>C\u2019est aujourd\u2019hui plus de 200 b\u00e9n\u00e9voles de tous horizons et \u00e2ges, qui donnent vie \u00e0 La Dame de Pierre. Plus de 10 000 spectateurs sont attendus pour les premi\u00e8res repr\u00e9sentations au Palais des Congr\u00e8s de Paris.<\/p>\n\n\n\n<p>UN SPECTACLE AMBITIEUX<\/p>\n\n\n\n<p>La mise en sc\u00e8ne du spectacle est ambitieuse. Avec un d\u00e9cor de 10 m\u00e8tres de haut repr\u00e9sentant les trois portails de Notre-Dame et la galerie des rois, plus de 800 accessoires viendront s\u2019ajouter au grandiose et au r\u00e9alisme de la vingtaine de sc\u00e8nes qui composent le spectacle.<\/p>\n\n\n\n<p>La musique originale est enregistr\u00e9e par un orchestre symphonique, compos\u00e9 d\u2019une quarantaine de musiciens diplom\u00e9s et b\u00e9n\u00e9voles.<\/p>\n\n\n\n<hr class=\"wp-block-separator has-alpha-channel-opacity\"\/>\n\n\n\n<p>UN SPECTACLE GRANDIOSE<\/p>\n\n\n\n<p>Raconter l\u2019histoire derri\u00e8re la l\u00e9gende, c\u2019est la mission de La Dame de Pierre. Cette fresque historique traverse les si\u00e8cles, de la construction de Notre-Dame de Paris jusqu\u2019\u00e0 \u00e0 nos jours.<\/p>\n\n\n\n<p>Maurice de Sully, Louis XIII, Victor Hugo, Viollet-le-Duc\u2026 Partez \u00e0 la rencontre des b\u00e2tisseurs de cath\u00e9drale qui ont fait de Notre-Dame, le symbole de l\u2019Histoire de la France.<\/p>\n\n\n\n<p>Un spectacle po\u00e9tique, familial et grandiose, \u00e0 vivre sur la plus grande sc\u00e8ne de Paris.<\/p>\n\n\n\n<p>CORENTIN STEMLER<\/p>\n\n\n\n<p>AUTEUR ET METTEUR EN SC\u00c8NE<\/p>\n\n\n\n<p>Corentin Stemler d\u00e9couvre l\u2019amour de la sc\u00e8ne et la passion pour les cr\u00e9ations artistiques au Puy du Fou, o\u00f9 il est com\u00e9dien b\u00e9n\u00e9vole depuis 2008.<\/p>\n\n\n\n<p>En 2018, il cr\u00e9e l\u2019association Symphonia Productions dont il est le pr\u00e9sident actuel. Auteur de plusieurs pi\u00e8ces de th\u00e9\u00e2tre et spectacles, il a travaill\u00e9 pour plusieurs grandes institutions et soci\u00e9t\u00e9s de production partout en France (Amaclio Productions, Mont-Saint-Michel, Carrousel de Saumur, \u2026).<\/p>\n\n\n\n<p>Depuis 2016, ses spectacles ont \u00e9t\u00e9 jou\u00e9s \u00e0 Paris et dans de nombreuses grandes villes devant des dizaines de milliers de spectateurs.<\/p>\n\n\n\n<p>RICHARD LI\u00c9GEOIS<\/p>\n\n\n\n<p>COMPOSITEUR<\/p>\n\n\n\n<p>Pianiste de formation classique, major de promotion, Richard Li\u00e9geois s\u2019est rapidement sp\u00e9cialis\u00e9 en musique de sc\u00e8ne.<\/p>\n\n\n\n<p>Compositeur et orchestrateur de plusieurs dizaines de projets comme Le Dernier Panache en 2014, Le Livre des R\u00e8ves en 2018, ou Les Passeurs de Brume en 2021. Il a \u00e9galement compos\u00e9 pour le Puy du Fou. En 2021, il compose l\u2019ensemble de la bande originale du spectacle Le Grand Hiver, produit par Symphonia Productions.<\/p>\n\n\n\n<p>Apr\u00e8s le succ\u00e8s de cette collaboration, Corentin Stemler d\u00e9cide de nouveau de faire faire appel \u00e0 lui pour les musiques de La Dame de Pierre.<\/p>\n\n\n\n<p>La Dame de Pierre recrute des talents b\u00e9n\u00e9voles pour sa tourn\u00e9e !<\/p>\n\n\n\n<p>30 JUIN AU 2 JUIL. 2023<\/p>\n\n\n\n<p>PALAIS DES CONGR\u00c8S DE PARIS<\/p>\n\n\n\n<p>EN TOURN\u00c9E \u00c0 PARTIR D&rsquo;OCTOBRE<\/p>\n","protected":false},"excerpt":{"rendered":"<p>Samedi 14 OCTOBRE 2023 Reims : Dimanche 12 NOVEMBRE 2023 Rouen : SAMEDI 24 F\u00c9VRIER 2024 Lyon : SAMEDI 9 MARS 2024 Strasbourg : SAMEDI 15 JUIN 2024 Nice : SAMEDI 29 JUIN 2024 SPECTACLE HOMMAGE L\u2019intuition de\u00a0\u00bb La Dame&#8230;<\/p>\n","protected":false},"author":2,"featured_media":25207,"comment_status":"open","ping_status":"open","sticky":false,"template":"","format":"standard","meta":{"ngg_post_thumbnail":0,"jetpack_post_was_ever_published":false,"_jetpack_newsletter_access":"","footnotes":""},"categories":[15,49],"tags":[],"class_list":["post-25206","post","type-post","status-publish","format-standard","has-post-thumbnail","hentry","category-comedie-musicale","category-theatre"],"jetpack_featured_media_url":"http:\/\/www.letourismeaparis.fr\/wp-content\/uploads\/2023\/06\/Capture-decran-2023-06-23-a-11.17.47.png","jetpack-related-posts":[{"id":25503,"url":"http:\/\/www.letourismeaparis.fr\/index.php\/2024\/03\/24\/luminiscence-a-paris-a-saint-eustache\/","url_meta":{"origin":25206,"position":0},"title":"LUMINISCENCE \u00c0 PARIS \u00e0 Saint Eustache","author":"Fabienne TM","date":"24 mars 2024","format":false,"excerpt":"Magnifique ! Vivez pour premi\u00e8re fois un spectacle qui allie parcours th\u00e9\u00e2tral immersif, vid\u00e9o mapping \u00e0 360 degr\u00e9s, musique spatialis\u00e9e 3D et jeu de lumi\u00e8res dans l\u2019un des plus beaux monuments historiques de Paris. Les projections magnifient l'\u00e9glise Saint-Eustache, r\u00e9v\u00e9lant avec finesse chaque d\u00e9tail architectural, depuis sa base imposante jusqu'au\u2026","rel":"","context":"Dans &quot;immersif&quot;","block_context":{"text":"immersif","link":"http:\/\/www.letourismeaparis.fr\/index.php\/category\/immersif\/"},"img":{"alt_text":"","src":"https:\/\/i0.wp.com\/www.letourismeaparis.fr\/wp-content\/uploads\/2024\/02\/Capture-decran-2024-02-22-a-14.14.19.png?resize=350%2C200","width":350,"height":200,"srcset":"https:\/\/i0.wp.com\/www.letourismeaparis.fr\/wp-content\/uploads\/2024\/02\/Capture-decran-2024-02-22-a-14.14.19.png?resize=350%2C200 1x, https:\/\/i0.wp.com\/www.letourismeaparis.fr\/wp-content\/uploads\/2024\/02\/Capture-decran-2024-02-22-a-14.14.19.png?resize=525%2C300 1.5x"},"classes":[]},{"id":25647,"url":"http:\/\/www.letourismeaparis.fr\/index.php\/2024\/05\/24\/tango-y-tango-au-theatre-marigny\/","url_meta":{"origin":25206,"position":1},"title":"Tango Y Tango au Th\u00e9\u00e2tre Marigny","author":"Fabienne TM","date":"24 mai 2024","format":false,"excerpt":"Un \u00a0\u00a0bon spectacle qui alterne danse et rappel de l\u2019histoire\u00a0r\u00e9cente de l\u2019Argentine de la dictature \u00e0 nos jours .Une jeune femme part \u00e0 la recherche de ses racines\u2026Une milonga de Buenos Aires, un bar, une piste de danse, le bandone\u00f3n joue \u2026 . https:\/\/www.youtube.com\/watch?v=yPdPpR3LwOI Du mercredi au samedi \u00e0 21h\u2026","rel":"","context":"Dans &quot;Danse&quot;","block_context":{"text":"Danse","link":"http:\/\/www.letourismeaparis.fr\/index.php\/category\/spectacle\/danse\/"},"img":{"alt_text":"","src":"https:\/\/i0.wp.com\/www.letourismeaparis.fr\/wp-content\/uploads\/2024\/05\/Capture-decran-2024-05-24-a-19.33.37.png?resize=350%2C200","width":350,"height":200,"srcset":"https:\/\/i0.wp.com\/www.letourismeaparis.fr\/wp-content\/uploads\/2024\/05\/Capture-decran-2024-05-24-a-19.33.37.png?resize=350%2C200 1x, https:\/\/i0.wp.com\/www.letourismeaparis.fr\/wp-content\/uploads\/2024\/05\/Capture-decran-2024-05-24-a-19.33.37.png?resize=525%2C300 1.5x"},"classes":[]},{"id":25585,"url":"http:\/\/www.letourismeaparis.fr\/index.php\/2024\/04\/13\/une-soiree-chez-offenbach-au-theatre-de-passy\/","url_meta":{"origin":25206,"position":2},"title":"Une soir\u00e9e chez Offenbach au Th\u00e9atre de Passy","author":"Fabienne TM","date":"13 avril 2024","format":false,"excerpt":"Une tr\u00e8s bonne soir\u00e9e chez Offenbach.Un spectacle lyrique et joyeux autour du g\u00e9nial Offenbach! De bons solistes\u00a0 vous attendent au Th\u00e9atre de Passy .Ils interpr\u00eatent notamment la vie parisienne, la belle H\u00e9l\u00e8ne, la P\u00e9richole, les contes d\u2019Hoffmann\u2026. Nous avons appr\u00e9ci\u00e9\u00a0 tout particuli\u00e8rement Nicolas Rigas, , Cl\u00e9mentine Decouture, , Guillaume Zhang,\u2014\u2026","rel":"","context":"Dans &quot;Concerts \/ Musique&quot;","block_context":{"text":"Concerts \/ Musique","link":"http:\/\/www.letourismeaparis.fr\/index.php\/category\/culture\/concerts-musique\/"},"img":{"alt_text":"","src":"https:\/\/i0.wp.com\/www.letourismeaparis.fr\/wp-content\/uploads\/2024\/04\/Capture-decran-2024-04-13-a-19.18.46.png?resize=350%2C200","width":350,"height":200},"classes":[]},{"id":25471,"url":"http:\/\/www.letourismeaparis.fr\/index.php\/2024\/02\/05\/festival-dragons-et-lanternes-au-jardin-dacclimatation-les-10-et-11-fevrier\/","url_meta":{"origin":25206,"position":3},"title":"Festival Dragons et Lanternes au jardin d&rsquo;acclimatation les 10 et 11 f\u00e9vrier","author":"Fabienne TM","date":"5 f\u00e9vrier 2024","format":false,"excerpt":"NOUVEL AN CHINOIS 2024 \u2022 ANN\u00c9E DU DRAGON A l\u2019occasion du Nouvel An Chinois, un programme de festivit\u00e9s est propos\u00e9 aux visiteurs du Jardin d\u2019Acclimatation et du festival Dragons et Lanternes le week-end du samedi 10 et du dimanche 11 f\u00e9vrier : \u2022 Samedi 10 f\u00e9vrier, de 14h00 \u00e0 16h30\u2026","rel":"","context":"Dans &quot;Cultures du Monde&quot;","block_context":{"text":"Cultures du Monde","link":"http:\/\/www.letourismeaparis.fr\/index.php\/category\/culture\/musees-expositions\/cultures-du-monde\/"},"img":{"alt_text":"","src":"https:\/\/i0.wp.com\/www.letourismeaparis.fr\/wp-content\/uploads\/2024\/02\/Capture-decran-2024-02-05-a-18.14.24.png?resize=350%2C200","width":350,"height":200},"classes":[]},{"id":2102,"url":"http:\/\/www.letourismeaparis.fr\/index.php\/2009\/03\/04\/concert-en-hommage-a-pierre-cochereau-a-notre-dame-de-paris\/","url_meta":{"origin":25206,"position":4},"title":"Concert  \u00e0 Notre Dame ,en hommage \u00e0 Pierre Cochereau  samedi 7 mars","author":"Fabienne TM","date":"4 mars 2009","format":false,"excerpt":"Un concert sera donn\u00e9 \u00e0 Notre Dame de Paris : le samedi 7 mars \u00e0 20h. Des oeuvres de Bach, Cochereau, Dupr\u00e9, Franck, Tournemire, Vierne seront interpr\u00e9t\u00e9es ainsi qu'une improvisation. Entr\u00e9e libre Notre Dame de Paris","rel":"","context":"Dans &quot;Non class\u00e9&quot;","block_context":{"text":"Non class\u00e9","link":"http:\/\/www.letourismeaparis.fr\/index.php\/category\/non-classe\/"},"img":{"alt_text":"","src":"","width":0,"height":0},"classes":[]},{"id":1327,"url":"http:\/\/www.letourismeaparis.fr\/index.php\/2009\/11\/04\/eby-et-le-mangeur-de-contes-un-spectacle-prolonge\/","url_meta":{"origin":25206,"position":5},"title":"Eby et la petite au bois dormant : un spectacle pour enfants &#8230;","author":"Fabienne TM","date":"4 novembre 2009","format":false,"excerpt":"Nous vous rappelons qu'\u00c9by et la Petite au Bois Dormant se joue au Th\u00e9\u00e2tre du Lucernaire \u00e0 Paris, tous les mercredis et samedis et du mardi au samedi pendant les vacances scolaires \u00e0 15h jusqu'au 2 janvier 2010. . TH\u00c9\u00c2TRE DU LUCERNAIRE\u00a0\u00a0 53 rue Notre Dame des Champs\u00a0\u00a0 75006 Paris\u2026","rel":"","context":"Dans &quot;Non class\u00e9&quot;","block_context":{"text":"Non class\u00e9","link":"http:\/\/www.letourismeaparis.fr\/index.php\/category\/non-classe\/"},"img":{"alt_text":"","src":"","width":0,"height":0},"classes":[]}],"jetpack_sharing_enabled":true,"jetpack_likes_enabled":true,"_links":{"self":[{"href":"http:\/\/www.letourismeaparis.fr\/index.php\/wp-json\/wp\/v2\/posts\/25206","targetHints":{"allow":["GET"]}}],"collection":[{"href":"http:\/\/www.letourismeaparis.fr\/index.php\/wp-json\/wp\/v2\/posts"}],"about":[{"href":"http:\/\/www.letourismeaparis.fr\/index.php\/wp-json\/wp\/v2\/types\/post"}],"author":[{"embeddable":true,"href":"http:\/\/www.letourismeaparis.fr\/index.php\/wp-json\/wp\/v2\/users\/2"}],"replies":[{"embeddable":true,"href":"http:\/\/www.letourismeaparis.fr\/index.php\/wp-json\/wp\/v2\/comments?post=25206"}],"version-history":[{"count":3,"href":"http:\/\/www.letourismeaparis.fr\/index.php\/wp-json\/wp\/v2\/posts\/25206\/revisions"}],"predecessor-version":[{"id":25266,"href":"http:\/\/www.letourismeaparis.fr\/index.php\/wp-json\/wp\/v2\/posts\/25206\/revisions\/25266"}],"wp:featuredmedia":[{"embeddable":true,"href":"http:\/\/www.letourismeaparis.fr\/index.php\/wp-json\/wp\/v2\/media\/25207"}],"wp:attachment":[{"href":"http:\/\/www.letourismeaparis.fr\/index.php\/wp-json\/wp\/v2\/media?parent=25206"}],"wp:term":[{"taxonomy":"category","embeddable":true,"href":"http:\/\/www.letourismeaparis.fr\/index.php\/wp-json\/wp\/v2\/categories?post=25206"},{"taxonomy":"post_tag","embeddable":true,"href":"http:\/\/www.letourismeaparis.fr\/index.php\/wp-json\/wp\/v2\/tags?post=25206"}],"curies":[{"name":"wp","href":"https:\/\/api.w.org\/{rel}","templated":true}]}}