{"id":25212,"date":"2023-06-26T19:00:55","date_gmt":"2023-06-26T17:00:55","guid":{"rendered":"http:\/\/www.letourismeaparis.fr\/?p=25212"},"modified":"2023-06-26T19:56:51","modified_gmt":"2023-06-26T17:56:51","slug":"rio-buenos-aires-1909","status":"publish","type":"post","link":"http:\/\/www.letourismeaparis.fr\/index.php\/2023\/06\/26\/rio-buenos-aires-1909\/","title":{"rendered":"Rio \u2013 Buenos Aires 1909"},"content":{"rendered":"\n<p>Modernit\u00e9s sud-am\u00e9ricaines au mus\u00e9e d\u00e9partemental Albert Kahn<\/p>\n\n\n\n<p>Rio \u2013 Buenos Aires 1909<\/p>\n\n\n<div class=\"wp-block-image\">\n<figure class=\"aligncenter size-large is-resized\"><img loading=\"lazy\" decoding=\"async\" src=\"http:\/\/www.letourismeaparis.fr\/wp-content\/uploads\/2023\/06\/Capture-decran-2023-06-26-a-18.57.59-1024x453.png\" alt=\"\" class=\"wp-image-25219\" width=\"460\" height=\"203\" srcset=\"http:\/\/www.letourismeaparis.fr\/wp-content\/uploads\/2023\/06\/Capture-decran-2023-06-26-a-18.57.59-1024x453.png 1024w, http:\/\/www.letourismeaparis.fr\/wp-content\/uploads\/2023\/06\/Capture-decran-2023-06-26-a-18.57.59-300x133.png 300w, http:\/\/www.letourismeaparis.fr\/wp-content\/uploads\/2023\/06\/Capture-decran-2023-06-26-a-18.57.59-768x340.png 768w, http:\/\/www.letourismeaparis.fr\/wp-content\/uploads\/2023\/06\/Capture-decran-2023-06-26-a-18.57.59.png 1059w\" sizes=\"auto, (max-width: 460px) 100vw, 460px\" \/><\/figure>\n<\/div>\n\n\n<p>Exposition du 27 juin au 19 novembre 2023<\/p>\n\n\n\n<p>Des avenues de Buenos Aires au quartier baln\u00e9aire de Rio de Janeiro, l\u2019exposition retrace le voyage d\u2019affaires entrepris par Albert Kahn en Argentine et au Br\u00e9sil d\u2019ao\u00fbt \u00e0 octobre 1909 et entra\u00eene le visiteur dans un p\u00e9riple sensible, celui du passage \u00e0 la couleur, avec les premi\u00e8res autochromes r\u00e9pertori\u00e9es du Br\u00e9sil. <\/p>\n\n\n\n<hr class=\"wp-block-separator has-alpha-channel-opacity\"\/>\n\n\n\n<p>V\u00e9ritable archive visuelle, le fonds du voyage en Am\u00e9rique du Sud est le t\u00e9moin d\u2019une modernisation urbaine en devenir.<\/p>\n\n\n\n<p>Le fonds du voyage en Am\u00e9rique du Sud, longtemps peu connu, est constitu\u00e9 de 600 photographies st\u00e9r\u00e9oscopiques monochromes, 61 plaques autochromes et 3 minutes de film. Le parcours de visite suit la chronologie du voyage et d\u00e9bute \u00e0 bord du paquebot K\u00f6nig Friedrich August.<\/p>\n\n\n\n<hr class=\"wp-block-separator has-alpha-channel-opacity\"\/>\n\n\n\n<p>Apr\u00e8s cette introduction maritime, les visiteurs d\u00e9couvriront, dans une d\u00e9ambulation visuelle et sonore, d\u2019\u00e9tonnants portraits de villes d\u2019Am\u00e9rique du Sud \u00e0 rebours des clich\u00e9s exotiques, ainsi que les premi\u00e8res autochromes de la baie de Rio, qui marquent l&rsquo;apparition de la couleur. Enfin, l&rsquo;exposition d\u00e9voile le travail d&rsquo;enqu\u00eate men\u00e9 par le mus\u00e9e autour de ce fonds in\u00e9dit, juste avant le voyage retour jusqu\u2019aux c\u00f4tes espagnoles.<\/p>\n\n\n\n<p>Une ambiance color\u00e9e et musicale,<\/p>\n\n\n\n<p>L&rsquo;exposition propose aussi un parcours simplifi\u00e9 et ludique d\u00e9di\u00e9 aux familles \u00e0 travers le personnage de V\u00e9ra qui guide les plus jeunes dans des jeux d\u2019observation et les initie aux techniques d\u2019analyse d\u2019images.<\/p>\n\n\n\n<hr class=\"wp-block-separator has-alpha-channel-opacity\"\/>\n\n\n\n<p>Le mus\u00e9e est ouvert du mardi au dimanche (fermeture hebdomadaire le lundi)<\/p>\n\n\n\n<p>de 11h \u00e0 18h (d\u2019octobre \u00e0 mars) : derni\u00e8re entr\u00e9e \u00e0 17h, fermeture du mus\u00e9e et son jardin d\u00e8s 17h30<\/p>\n\n\n\n<p>de 11h \u00e0 19h (d\u2019avril \u00e0 septembre) : derni\u00e8re entr\u00e9e \u00e0 18h, fermeture du mus\u00e9e et son jardin d\u00e8s 18h30<\/p>\n\n\n\n<p>Nocturnes chaque 2\u00e8me mardi du mois<\/p>\n\n\n\n<p>2 rue du port<\/p>\n\n\n\n<p>Boulogne-Billancourt<\/p>\n","protected":false},"excerpt":{"rendered":"<p>Modernit\u00e9s sud-am\u00e9ricaines au mus\u00e9e d\u00e9partemental Albert Kahn Rio \u2013 Buenos Aires 1909 Exposition du 27 juin au 19 novembre 2023 Des avenues de Buenos Aires au quartier baln\u00e9aire de Rio de Janeiro, l\u2019exposition retrace le voyage d\u2019affaires entrepris par Albert&#8230;<\/p>\n","protected":false},"author":2,"featured_media":25216,"comment_status":"open","ping_status":"open","sticky":false,"template":"","format":"standard","meta":{"ngg_post_thumbnail":0,"jetpack_post_was_ever_published":false,"_jetpack_newsletter_access":"","footnotes":""},"categories":[34,27,41],"tags":[],"class_list":["post-25212","post","type-post","status-publish","format-standard","has-post-thumbnail","hentry","category-jardins","category-musees-expositions","category-photos"],"jetpack_featured_media_url":"http:\/\/www.letourismeaparis.fr\/wp-content\/uploads\/2023\/06\/Capture-decran-2023-06-26-a-18.58.21.png","jetpack-related-posts":[{"id":10784,"url":"http:\/\/www.letourismeaparis.fr\/index.php\/2011\/08\/14\/cliches-japonais-1908-1930-le-temps-suspendu-au-musee-albert-kahn\/","url_meta":{"origin":25212,"position":0},"title":"Clich\u00e9s japonais, 1908-1930 le temps suspendu ,au mus\u00e9e Albert Kahn","author":"Fabienne TM","date":"14 ao\u00fbt 2011","format":false,"excerpt":"Clich\u00e9s japonais, 1908-1930 le temps suspendu Les op\u00e9rateurs du banquier'Alfred Dutertre, St\u00e9phane Passet, Roger Dumas) ont voyag\u00e9 au Japon lors de p\u00e9riodes charni\u00e8res correspondant \u00e0 trois r\u00e8gnes imp\u00e9riaux (\u00e8res Meiji, Taish\u00f4 et Sh\u00f4wa). Une \u00e9poque o\u00f9 le pays est en pleine mutation sans que pour autant disparaisse un patrimoine culturel\u2026","rel":"","context":"Dans &quot;Non class\u00e9&quot;","block_context":{"text":"Non class\u00e9","link":"http:\/\/www.letourismeaparis.fr\/index.php\/category\/non-classe\/"},"img":{"alt_text":"","src":"https:\/\/i0.wp.com\/www.letourismeaparis.fr\/wp-content\/uploads\/2011\/07\/clich%C3%83%C2%A8s-japonais-211x300.jpg?resize=350%2C200","width":350,"height":200},"classes":[]},{"id":9999,"url":"http:\/\/www.letourismeaparis.fr\/index.php\/2011\/04\/03\/exposition-plein-air-du-5-avril-au-1er-mai-2011-dans-les-jardins-du-musee-albert-kahn-o-sumo-san\/","url_meta":{"origin":25212,"position":1},"title":"Exposition plein-air du 5 avril au 1er mai 2011 dans les jardins du mus\u00e9e Albert-Kahn :\u00ab O SUM\u014c SAN \u00bb.","author":"Fabienne TM","date":"3 avril 2011","format":false,"excerpt":"L\u2019art en jardin, une exposition de photographies \u00ab O SUM\u014c SAN \u00bb. Elle met en lumi\u00e8re l\u2019\u0153uvre du photographe fran\u00e7ais Philippe Marinig, n\u00e9e de deux ann\u00e9es de travail pass\u00e9es au Japon. Celui-ci a eu le privil\u00e8ge de p\u00e9n\u00e9trer l\u2019int\u00e9rieur du monde priv\u00e9 des sumos et de suivre les lutteurs professionnels\u2026","rel":"","context":"Dans &quot;Non class\u00e9&quot;","block_context":{"text":"Non class\u00e9","link":"http:\/\/www.letourismeaparis.fr\/index.php\/category\/non-classe\/"},"img":{"alt_text":"","src":"","width":0,"height":0},"classes":[]},{"id":143,"url":"http:\/\/www.letourismeaparis.fr\/index.php\/2008\/06\/13\/musee-albert-kahn-a-boulogne-le-15-juin\/","url_meta":{"origin":25212,"position":2},"title":"Mus\u00e9e ALbert Kahn  \u00e0  Boulogne  le 15 juin","author":"Fabienne TM","date":"13 juin 2008","format":false,"excerpt":"Paris Advisor Le Tourisme \u00e0 Paris la prochaine exposition du mus\u00e9e Albert-Kahn, \"Infiniment Indes\", autochromes et films anciens, tr\u00e9sors des archives de la plan\u00e8te ouvre ses portes . Entre 1913 et 1928, deux op\u00e9rateurs d\u2019Albert Kahn sont envoy\u00e9s aux Indes.Les 1 200 autochromes (dont environ 150 sont expos\u00e9es) et 2\u2026","rel":"","context":"Dans &quot;Non class\u00e9&quot;","block_context":{"text":"Non class\u00e9","link":"http:\/\/www.letourismeaparis.fr\/index.php\/category\/non-classe\/"},"img":{"alt_text":"","src":"","width":0,"height":0},"classes":[]},{"id":374,"url":"http:\/\/www.letourismeaparis.fr\/index.php\/2008\/09\/29\/infiniment-indes\/","url_meta":{"origin":25212,"position":3},"title":"&quot;Infiniment Indes&quot;","author":"Fabienne TM","date":"29 septembre 2008","format":false,"excerpt":"L'exposition du mus\u00e9e Albert-Kahn, \"Infiniment Indes\" expose notamment des autochromes et des films anciens.. Entre 1913 et 1928, deux op\u00e9rateurs d\u2019Albert Kahn sont envoy\u00e9s aux Indes. Les 1 200 autochromes (dont environ 150 sont expos\u00e9es) et 2 h de film qu\u2019ils ram\u00e8nent sont \u00e0 l\u2019image de la diversit\u00e9 indienne. L\u2019exposition\u2026","rel":"","context":"Dans &quot;Non class\u00e9&quot;","block_context":{"text":"Non class\u00e9","link":"http:\/\/www.letourismeaparis.fr\/index.php\/category\/non-classe\/"},"img":{"alt_text":"","src":"","width":0,"height":0},"classes":[]},{"id":8990,"url":"http:\/\/www.letourismeaparis.fr\/index.php\/2010\/11\/26\/les-cliches-japonais-du-musee-albert-kahn\/","url_meta":{"origin":25212,"position":4},"title":"Les clich\u00e9s japonais du mus\u00e9e Albert Kahn","author":"Fabienne TM","date":"26 novembre 2010","format":false,"excerpt":"1908-1930, le temps suspendu jusqu' au 28 ao\u00fbt 2011, l\u2019exposition mettra en valeur l\u2019un des fleurons du patrimoine du d\u00e9partement des Hauts-de-Seine : les collections d\u2019images conserv\u00e9es au mus\u00e9e Albert-Kahn. Les op\u00e9rateurs du banquier ont voyag\u00e9 au Japon lors de p\u00e9riodes charni\u00e8res correspondant \u00e0 trois r\u00e8gnes imp\u00e9riaux (\u00e8res Meiji, Taish\u00f4\u2026","rel":"","context":"Dans &quot;Non class\u00e9&quot;","block_context":{"text":"Non class\u00e9","link":"http:\/\/www.letourismeaparis.fr\/index.php\/category\/non-classe\/"},"img":{"alt_text":"","src":"https:\/\/i0.wp.com\/www.letourismeaparis.fr\/wp-content\/uploads\/2010\/11\/clich%C3%83%C2%A9s-japonais-211x300.jpg?resize=350%2C200","width":350,"height":200},"classes":[]},{"id":6829,"url":"http:\/\/www.letourismeaparis.fr\/index.php\/2010\/03\/01\/anniversaire-d-albert-kahn-a-boulogne\/","url_meta":{"origin":25212,"position":5},"title":"Anniversaire d&#039; Albert kahn \u00e0 Boulogne","author":"Fabienne TM","date":"1 mars 2010","format":false,"excerpt":"3-28 Mars 2010 Une exposition-promenade,Un quizz ,visite guid\u00e9e autour d\u2019Albert Kahn Des projections :Une vision du monde La fin d\u2019une Europe Hommes du monde. les soldats, les civils, L\u2019Europe apr\u00e8s la guerre. Moyen-Orient,Extr\u00eame Orient, La fin du monde.Le Japon Albert Kahn \u00e0 Boulogne-Billancourt Albert Kahn, 6 esquisses pour un portrait\u2026","rel":"","context":"Dans &quot;Non class\u00e9&quot;","block_context":{"text":"Non class\u00e9","link":"http:\/\/www.letourismeaparis.fr\/index.php\/category\/non-classe\/"},"img":{"alt_text":"","src":"https:\/\/i0.wp.com\/www.letourismeaparis.fr\/wp-content\/uploads\/2010\/03\/albert-kahn1-300x225.jpg?resize=350%2C200","width":350,"height":200},"classes":[]}],"jetpack_sharing_enabled":true,"jetpack_likes_enabled":true,"_links":{"self":[{"href":"http:\/\/www.letourismeaparis.fr\/index.php\/wp-json\/wp\/v2\/posts\/25212","targetHints":{"allow":["GET"]}}],"collection":[{"href":"http:\/\/www.letourismeaparis.fr\/index.php\/wp-json\/wp\/v2\/posts"}],"about":[{"href":"http:\/\/www.letourismeaparis.fr\/index.php\/wp-json\/wp\/v2\/types\/post"}],"author":[{"embeddable":true,"href":"http:\/\/www.letourismeaparis.fr\/index.php\/wp-json\/wp\/v2\/users\/2"}],"replies":[{"embeddable":true,"href":"http:\/\/www.letourismeaparis.fr\/index.php\/wp-json\/wp\/v2\/comments?post=25212"}],"version-history":[{"count":4,"href":"http:\/\/www.letourismeaparis.fr\/index.php\/wp-json\/wp\/v2\/posts\/25212\/revisions"}],"predecessor-version":[{"id":25220,"href":"http:\/\/www.letourismeaparis.fr\/index.php\/wp-json\/wp\/v2\/posts\/25212\/revisions\/25220"}],"wp:featuredmedia":[{"embeddable":true,"href":"http:\/\/www.letourismeaparis.fr\/index.php\/wp-json\/wp\/v2\/media\/25216"}],"wp:attachment":[{"href":"http:\/\/www.letourismeaparis.fr\/index.php\/wp-json\/wp\/v2\/media?parent=25212"}],"wp:term":[{"taxonomy":"category","embeddable":true,"href":"http:\/\/www.letourismeaparis.fr\/index.php\/wp-json\/wp\/v2\/categories?post=25212"},{"taxonomy":"post_tag","embeddable":true,"href":"http:\/\/www.letourismeaparis.fr\/index.php\/wp-json\/wp\/v2\/tags?post=25212"}],"curies":[{"name":"wp","href":"https:\/\/api.w.org\/{rel}","templated":true}]}}