{"id":25267,"date":"2023-08-31T17:31:17","date_gmt":"2023-08-31T15:31:17","guid":{"rendered":"http:\/\/www.letourismeaparis.fr\/?p=25267"},"modified":"2023-08-31T17:31:20","modified_gmt":"2023-08-31T15:31:20","slug":"bollywood-au-quai-brarnly","status":"publish","type":"post","link":"http:\/\/www.letourismeaparis.fr\/index.php\/2023\/08\/31\/bollywood-au-quai-brarnly\/","title":{"rendered":"Bollywood au quai Brarnly"},"content":{"rendered":"\n<p>Avec plus de 2000 films par an, l\u2019industrie cin\u00e9matographique indienne est la plus importante au monde. Depuis les premiers films muets des ann\u00e9es 1920 inspir\u00e9s de r\u00e9cits hindous, jusqu\u2019aux blockbusters contemporains port\u00e9s par leurs superstars, les cin\u00e9mas indiens suscitent une ferveur populaire in\u00e9gal\u00e9e.<\/p>\n\n\n\n<hr class=\"wp-block-separator has-alpha-channel-opacity\"\/>\n\n\n\n<p>Pour retracer ce si\u00e8cle d\u2019histoire, l\u2019exposition met en dialogue \u0153uvres d\u2019arts, objets historiques et projections sur grand \u00e9cran \u00e0 travers une sc\u00e9nographie immersive. Le parcours rappelle d\u2019abord la filiation du premier cin\u00e9ma avec les arts populaires du spectacle. \u00c0 la mani\u00e8re des repr\u00e9sentations de th\u00e9\u00e2tres d\u2019ombres, de lanternes magiques et des conteurs itin\u00e9rants, les premiers films sont projet\u00e9s dans des salles ambulantes et r\u00e9adaptent des r\u00e9cits mythologiques mill\u00e9naires. <\/p>\n\n\n\n<p>Dans le contexte de construction nationale et de l\u2019ind\u00e9pendance indienne, les dieux et les grands monarques inspirent les premiers blockbusters capables de f\u00e9d\u00e9rer un vaste public, au-del\u00e0 des clivages r\u00e9gionaux et linguistiques du sous-continent. L\u2019exposition se termine avec les acteurs et le ph\u00e9nom\u00e8ne du \u00ab star system \u00bb indien. Acteurs et actrices sont des ic\u00f4nes qui perp\u00e9tuent aujourd\u2019hui toute la magie du premier cin\u00e9ma.<\/p>\n\n\n\n<p>Cet automne, rendez-vous tous les dimanches pour un voyage en Inde en danses et en musiques \u00e0 la d\u00e9couverte de Bollywood !<\/p>\n\n\n\n<p>Tous les dimanches de 15h \u00e0 17h, danses et musiques vous transportent sur le continent qui a donn\u00e9 naissance au cin\u00e9ma Bollywood ! Du Pendjab au Tamil Nadu, des cours royales du Rajasthan jusqu\u2019aux nightclubs de Mumbai, voyagez \u00e0 travers toute la richesse musicale et culturelle de l\u2019Inde actuelle.<\/p>\n\n\n\n<p>Une fois par mois, les Bals Bollywood vous entrainent sur la piste de danse pour une initiation festive inspir\u00e9e des plus grands films du sous-continent.&nbsp;<\/p>\n\n\n\n<p>Tous les dimanches de 15h \u00e0 17h &#8211; d\u00e8s le 1er octobre 2023 (sauf les 24 d\u00e9cembre et 31 d\u00e9cembre)<\/p>\n\n\n\n<p>1er octobre 2023 : Bons baisers de Bombay<\/p>\n\n\n\n<p>8 octobre 2023 : Bollywood Swag<\/p>\n\n\n\n<p>15 octobre 2023 : Bal Bollywood \u00ab\u00a0Colours of Navratri\u00a0\u00bb<\/p>\n\n\n\n<p>29 octobre 2023 : Bons baisers de Bombay<\/p>\n\n\n\n<p>5 novembre 2023 : Dance Masala<\/p>\n\n\n\n<p>12 novembre 2023 : Bal Bollywood \u00ab\u00a0Happy Diwali\u00a0\u00bb<\/p>\n\n\n\n<p>17 novembre th Levi-strauss 19h\/23h59(projections, performances, initiations \u00e0 la danse, visites in\u00e9dites et ateliers, DJ set, animations culinaires\u2026 et bien plus encore !)<\/p>\n\n\n\n<p>19 novembre 2023 : Bollywood Swag<\/p>\n\n\n\n<p>26 novembre 2023 : Dance Masala<\/p>\n\n\n\n<p>3 d\u00e9cembre 2023 : Bollywood Swag<\/p>\n\n\n\n<p>10 d\u00e9cembre 2023 : Bons baisers de Bombay<\/p>\n\n\n\n<p>17 d\u00e9cembre 2023 : Bal Bollywood \u00ab\u00a0Jaipur Calling\u00a0\u00bb<\/p>\n\n\n\n<p>7 janvier 2024 : Dance Masala<\/p>\n\n\n\n<p>14 janvier 2024 : Bal Bollywood \u00ab\u00a0Chennai Expres<\/p>\n\n\n\n<p>Du mardi 26 septembre 2023 au dimanche 14 janvier 2024<\/p>\n\n\n\n<p>Fermeture le lundi<\/p>\n\n\n\n<p>mardi, mercredi, vendredi, samedi, dimanche : 10h30-19h00<\/p>\n\n\n\n<p>jeudi : 10h30-22h00<\/p>\n\n\n\n<p>37,quai Branly Paris 75007.<\/p>\n\n\n\n<p><a href=\"https:\/\/www.quaibranly.fr\/\">https:\/\/www.quaibranly.fr\/<\/a><\/p>\n","protected":false},"excerpt":{"rendered":"<p>Avec plus de 2000 films par an, l\u2019industrie cin\u00e9matographique indienne est la plus importante au monde. Depuis les premiers films muets des ann\u00e9es 1920 inspir\u00e9s de r\u00e9cits hindous, jusqu\u2019aux blockbusters contemporains port\u00e9s par leurs superstars, les cin\u00e9mas indiens suscitent une&#8230;<\/p>\n","protected":false},"author":2,"featured_media":25268,"comment_status":"open","ping_status":"open","sticky":false,"template":"","format":"standard","meta":{"ngg_post_thumbnail":0,"jetpack_post_was_ever_published":false,"_jetpack_newsletter_access":"","footnotes":""},"categories":[375,14,20],"tags":[],"class_list":["post-25267","post","type-post","status-publish","format-standard","has-post-thumbnail","hentry","category-bal","category-cinema","category-cultures-du-monde"],"jetpack_featured_media_url":"http:\/\/www.letourismeaparis.fr\/wp-content\/uploads\/2023\/08\/Capture-decran-2023-08-31-a-17.22.36.png","jetpack-related-posts":[{"id":13819,"url":"http:\/\/www.letourismeaparis.fr\/index.php\/2013\/10\/17\/cent-ans-de-cinema-indien-au-musee-guimet-du-9-septembre-au-30-octobre\/","url_meta":{"origin":25267,"position":0},"title":"Cent ans de cin\u00e9ma indien au mus\u00e9e Guimet du 9 septembre au 30 octobre","author":"Fabienne TM","date":"17 octobre 2013","format":false,"excerpt":"La dixi\u00e8me \u00e9dition de l\u2019Et\u00e9 indien, plac\u00e9e sous le Haut Patronage de l\u2019Ambassade de l\u2019Inde \u00e0 Paris, c\u00e9l\u00e8bre en 2013 le centenaire du premier film indien, un film mythologique une \u00a0conf\u00e9rence, \u00a0deux spectacles de danse, et un concert vous seront pr\u00e9sent\u00e9s \u00e9galement.\u00a0 \u00a0 Auditorium du mus\u00e9e Guimet \u00a0 \u00a0\u00a06, place\u2026","rel":"","context":"Dans &quot;Cin\u00e9ma&quot;","block_context":{"text":"Cin\u00e9ma","link":"http:\/\/www.letourismeaparis.fr\/index.php\/category\/spectacle\/cinema\/"},"img":{"alt_text":"","src":"https:\/\/i0.wp.com\/www.letourismeaparis.fr\/wp-content\/uploads\/2013\/09\/affiche_ete_indien_2013-212x300.jpg?resize=350%2C200","width":350,"height":200},"classes":[]},{"id":2163,"url":"http:\/\/www.letourismeaparis.fr\/index.php\/2009\/03\/02\/au-fil-du-mekong-au-musee-guimet\/","url_meta":{"origin":25267,"position":1},"title":"Au fil du M\u00e9kong au mus\u00e9e Guimet","author":"Fabienne TM","date":"2 mars 2009","format":false,"excerpt":"Le programme Au fil du M\u00e9kong accompagne l\u2019exposition au mus\u00e9e national des arts asiatiques-Guimet :Dv\u00e2rav\u00e2ti, aux sources de l\u2019art bouddhique en Tha\u00eflande, du 11 f\u00e9vrier au 25 mai 2009. Films ,concerts, spectacles de danse et conf\u00e9rences. Films : lundi 2 mars \u00e0 12h15\u00a0\u00a0 :Mlabri. Les esprits des feuilles jaunes .Une\u2026","rel":"","context":"Dans &quot;Non class\u00e9&quot;","block_context":{"text":"Non class\u00e9","link":"http:\/\/www.letourismeaparis.fr\/index.php\/category\/non-classe\/"},"img":{"alt_text":"","src":"","width":0,"height":0},"classes":[]},{"id":11431,"url":"http:\/\/www.letourismeaparis.fr\/index.php\/2012\/01\/12\/spielberg-a-la-cinematheque-jusquau-3-mars\/","url_meta":{"origin":25267,"position":2},"title":"Spielberg \u00e0 la cin\u00e9math\u00e8que jusqu&#039;au 3 mars","author":"Fabienne TM","date":"12 janvier 2012","format":false,"excerpt":"Un des enfants prodiges du cin\u00e9ma am\u00e9ricain. De nombreuses projections pour adultes et pour le jeune public.cf http:\/\/www.cinematheque.fr Spielberg\/Eastwood : Chroniques du chaos et de l'au-del\u00e0 Lundi 16 Janvier 2012 - 19h00 Conf\u00e9rence de Pierre Berthomieu. D\u00e8s la fin des ann\u00e9es 1970, \u00e0 l'\u00e9poque o\u00f9 le cin\u00e9ma am\u00e9ricain affronte les\u2026","rel":"","context":"Dans &quot;Non class\u00e9&quot;","block_context":{"text":"Non class\u00e9","link":"http:\/\/www.letourismeaparis.fr\/index.php\/category\/non-classe\/"},"img":{"alt_text":"","src":"","width":0,"height":0},"classes":[]},{"id":933,"url":"http:\/\/www.letourismeaparis.fr\/index.php\/2008\/12\/17\/le-musee-carnavalet-presente-paris-au-temps-des-miserables-de-victor-hugo\/","url_meta":{"origin":25267,"position":3},"title":"Le mus\u00e9e Carnavalet pr\u00e9sente :Paris au temps des Mis\u00e9rables de Victor Hugo","author":"Fabienne TM","date":"17 d\u00e9cembre 2008","format":false,"excerpt":"www.letourismeaparis.fr 220 peintures, photographies, cartes et objets d\u2019art vous font revivre \"les mis\u00e9rables\". Jean Valjean, Cosette, Fantine vous accompagnent \u00e0 la d\u00e9couverte du Paris du XIXe\u00a0 si\u00e8cle. Vous compl\u00e9terez votre visite\u00a0 \u00e0 la Maison de Victor Hugo ,6, Place des Vosges Paris- 75004: l\u2019exposition \u00ab Les Mis\u00e9rables, un roman inconnu\u2026","rel":"","context":"Dans &quot;Non class\u00e9&quot;","block_context":{"text":"Non class\u00e9","link":"http:\/\/www.letourismeaparis.fr\/index.php\/category\/non-classe\/"},"img":{"alt_text":"","src":"","width":0,"height":0},"classes":[]},{"id":935,"url":"http:\/\/www.letourismeaparis.fr\/index.php\/2008\/12\/17\/salon-du-cinema-a-la-villette\/","url_meta":{"origin":25267,"position":4},"title":"Salon du Cin\u00e9ma \u00e0 La Villette","author":"Fabienne TM","date":"17 d\u00e9cembre 2008","format":false,"excerpt":"www.letourismeaparis.fr d\u00e9couvrez les coulisses de l\u2019industrie cin\u00e9matographique: Le Salon du Cin\u00e9ma vous propose\u00a0 rencontres et ateliers : tournage, effets sp\u00e9ciaux, \u00e9laboration de films d\u2019animation, cascades,... bruitages, techniques de projections\u2026des extraits de films en avant-premi\u00e8re, des jeux, le cin\u00e9ma indien est \u00e0 l\u2019honneur. www.salonducinema.com www.villette.com jusqu'au 18 Janvier 2009","rel":"","context":"Dans &quot;Non class\u00e9&quot;","block_context":{"text":"Non class\u00e9","link":"http:\/\/www.letourismeaparis.fr\/index.php\/category\/non-classe\/"},"img":{"alt_text":"","src":"","width":0,"height":0},"classes":[]},{"id":24954,"url":"http:\/\/www.letourismeaparis.fr\/index.php\/2022\/11\/01\/art-deco-france-amerique-du-nord\/","url_meta":{"origin":25267,"position":5},"title":"Art d\u00e9co France \/ Am\u00e9rique du Nord","author":"Fabienne TM","date":"1 novembre 2022","format":false,"excerpt":"EXPOSITION , FILMS ET JEUNE PUBLIC JUSQU'AU 6 MARS Cette exposition montre comment le style fran\u00e7ais Art d\u00e9co a influenc\u00e9 l'architecture, les d\u00e9cors, le mode de vie et le go\u00fbt des Am\u00e9ricains du Nord. Style populaire, caract\u00e9ris\u00e9 notamment par un travail de la ligne, de l'ornementation, des arrondis, ou encore\u2026","rel":"","context":"Dans &quot;Mus\u00e9es \/ Expositions&quot;","block_context":{"text":"Mus\u00e9es \/ Expositions","link":"http:\/\/www.letourismeaparis.fr\/index.php\/category\/culture\/musees-expositions\/"},"img":{"alt_text":"","src":"https:\/\/i0.wp.com\/www.letourismeaparis.fr\/wp-content\/uploads\/2022\/11\/Capture-de%CC%81cran-2022-11-01-a%CC%80-16.43.38.png?resize=350%2C200","width":350,"height":200},"classes":[]}],"jetpack_sharing_enabled":true,"jetpack_likes_enabled":true,"_links":{"self":[{"href":"http:\/\/www.letourismeaparis.fr\/index.php\/wp-json\/wp\/v2\/posts\/25267","targetHints":{"allow":["GET"]}}],"collection":[{"href":"http:\/\/www.letourismeaparis.fr\/index.php\/wp-json\/wp\/v2\/posts"}],"about":[{"href":"http:\/\/www.letourismeaparis.fr\/index.php\/wp-json\/wp\/v2\/types\/post"}],"author":[{"embeddable":true,"href":"http:\/\/www.letourismeaparis.fr\/index.php\/wp-json\/wp\/v2\/users\/2"}],"replies":[{"embeddable":true,"href":"http:\/\/www.letourismeaparis.fr\/index.php\/wp-json\/wp\/v2\/comments?post=25267"}],"version-history":[{"count":2,"href":"http:\/\/www.letourismeaparis.fr\/index.php\/wp-json\/wp\/v2\/posts\/25267\/revisions"}],"predecessor-version":[{"id":25270,"href":"http:\/\/www.letourismeaparis.fr\/index.php\/wp-json\/wp\/v2\/posts\/25267\/revisions\/25270"}],"wp:featuredmedia":[{"embeddable":true,"href":"http:\/\/www.letourismeaparis.fr\/index.php\/wp-json\/wp\/v2\/media\/25268"}],"wp:attachment":[{"href":"http:\/\/www.letourismeaparis.fr\/index.php\/wp-json\/wp\/v2\/media?parent=25267"}],"wp:term":[{"taxonomy":"category","embeddable":true,"href":"http:\/\/www.letourismeaparis.fr\/index.php\/wp-json\/wp\/v2\/categories?post=25267"},{"taxonomy":"post_tag","embeddable":true,"href":"http:\/\/www.letourismeaparis.fr\/index.php\/wp-json\/wp\/v2\/tags?post=25267"}],"curies":[{"name":"wp","href":"https:\/\/api.w.org\/{rel}","templated":true}]}}