{"id":25312,"date":"2023-10-02T12:52:31","date_gmt":"2023-10-02T10:52:31","guid":{"rendered":"http:\/\/www.letourismeaparis.fr\/?p=25312"},"modified":"2023-10-02T12:55:57","modified_gmt":"2023-10-02T10:55:57","slug":"je-ne-cours-pas-je-vole-un-bon-spectacle","status":"publish","type":"post","link":"http:\/\/www.letourismeaparis.fr\/index.php\/2023\/10\/02\/je-ne-cours-pas-je-vole-un-bon-spectacle\/","title":{"rendered":"JE NE COURS PAS, JE VOLE ! un bon spectacle !"},"content":{"rendered":"\n<p>Une pi\u00e8ce d&rsquo;Elodie Menant tr\u00e8s rythm\u00e9e sur le monde du sport et le d\u00e9passement de soi m\u00eame.<\/p>\n\n\n\n<p>Bons com\u00e9diens et excellente mise en sc\u00e8ne&#8230;<\/p>\n\n\n\n<hr class=\"wp-block-separator has-alpha-channel-opacity\"\/>\n\n\n\n<p>\u00ab \u00catre\u2026 INTOUCHABLE ! D\u00e9tendre mes muscles\u2026 Dans 40 minutes, moi, Julie Linard, je courrai la demi-finale du 800 m\u00e8tres des Jeux olympiques. 12 ans que je m\u2019entra\u00eene pour ces 2 minutes de course ! 12 ans que je r\u00eave d\u2019un destin en or. Aujourd\u2019hui je vais marquer l\u2019histoire.<\/p>\n\n\n\n<hr class=\"wp-block-separator has-alpha-channel-opacity\"\/>\n\n\n\n<p>6 Com\u00e9diens jouent 23 personnages et nous embarquent dans le monde effr\u00e9n\u00e9 du sportif de haut niveau mais aussi surtout, au c\u0153ur de la famille de Julie Linard. Comment se d\u00e9tacher des injonctions familiales, qu\u2019est-ce que la r\u00e9ussite, faut-il toujours chercher le d\u00e9passement de soi ?<\/p>\n\n\n\n<p><\/p>\n\n\n\n<p>Du mercredi au samedi \u00e0 21h, dimanche \u00e0 16h.<\/p>\n\n\n\n<p>A partir de d\u00e9cembre, du mardi au samedi \u00e0 21h, dimanche \u00e0 16h<\/p>\n\n\n\n<p>&nbsp;<\/p>\n\n\n\n<p>Com\u00e9die &amp; Studio des Champs-Elys\u00e9es<\/p>\n\n\n\n<p>15, av Montaigne<\/p>\n\n\n\n<p>75008 PARIS<\/p>\n","protected":false},"excerpt":{"rendered":"<p>Une pi\u00e8ce d&rsquo;Elodie Menant tr\u00e8s rythm\u00e9e sur le monde du sport et le d\u00e9passement de soi m\u00eame. Bons com\u00e9diens et excellente mise en sc\u00e8ne&#8230; \u00ab \u00catre\u2026 INTOUCHABLE ! D\u00e9tendre mes muscles\u2026 Dans 40 minutes, moi, Julie Linard, je courrai la&#8230;<\/p>\n","protected":false},"author":2,"featured_media":25313,"comment_status":"open","ping_status":"open","sticky":false,"template":"","format":"standard","meta":{"ngg_post_thumbnail":0,"jetpack_post_was_ever_published":false,"_jetpack_newsletter_access":"","footnotes":""},"categories":[49],"tags":[],"class_list":["post-25312","post","type-post","status-publish","format-standard","has-post-thumbnail","hentry","category-theatre"],"jetpack_featured_media_url":"http:\/\/www.letourismeaparis.fr\/wp-content\/uploads\/2023\/10\/Capture-decran-2023-10-02-a-12.37.29.png","jetpack-related-posts":[{"id":26472,"url":"http:\/\/www.letourismeaparis.fr\/index.php\/2025\/10\/17\/drole-de-justiceexcellente-piece-au-theatre-de-passy\/","url_meta":{"origin":25312,"position":0},"title":"\u00ab\u00a0Dr\u00f4le de Justice\u00a0\u00bb,excellente pi\u00e8ce au Th\u00e9atre de Passy","author":"Fabienne TM","date":"17 octobre 2025","format":false,"excerpt":"Un vaudeville judiciaire de Jean-Marie Rouart qui fait une grande place \u00e0 l'humour. vous passerez une bonne soir\u00e9e.... De tr\u00e8s bons com\u00e9diens: Daniel Russo, Florence Darel ,Thibaut de Lussy, Baptiste Gonthier, Julie Savard, Eliott Cren... Mise en sc\u00e8ne : Daniel Colas Th\u00e9atre de Passy 95, rue de Passy Paris 75016\u2026","rel":"","context":"Dans &quot;Th\u00e9atre&quot;","block_context":{"text":"Th\u00e9atre","link":"http:\/\/www.letourismeaparis.fr\/index.php\/category\/spectacle\/theatre\/"},"img":{"alt_text":"","src":"","width":0,"height":0},"classes":[]},{"id":20796,"url":"http:\/\/www.letourismeaparis.fr\/index.php\/2018\/02\/11\/la-nuit-des-rois-une-comedie-de-william-shakespeare-au-theatre-du-funambule-un-bon-spectacle\/","url_meta":{"origin":25312,"position":1},"title":"La Nuit des rois ,une com\u00e9die de William Shakespeare au th\u00e9atre du funambule : un bon spectacle !","author":"Fabienne TM","date":"11 f\u00e9vrier 2018","format":false,"excerpt":"Une com\u00e9die dans laquelle les com\u00e9diens et les spectateurs s\u2019amusent\u00a0! Le palais d\u2019Olivia r\u00e9ouvre ses portes, gard\u00e9es par le terrible Malvolio. Une occasion toute trouv\u00e9e pour Sir Toby et Sir Andrew de venir festoyer \u00e0 coup de choppes et chansons sous le regard espi\u00e8gle de Maria. Sans compter nos deux\u2026","rel":"","context":"Dans &quot;Th\u00e9atre&quot;","block_context":{"text":"Th\u00e9atre","link":"http:\/\/www.letourismeaparis.fr\/index.php\/category\/spectacle\/theatre\/"},"img":{"alt_text":"","src":"","width":0,"height":0},"classes":[]},{"id":15332,"url":"http:\/\/www.letourismeaparis.fr\/index.php\/2014\/06\/09\/le-7eme-art-dans-le-7eme-un-cycle-de-cinema-en-espagnol\/","url_meta":{"origin":25312,"position":2},"title":"Le 7\u00e8me art dans le 7\u00e8me  : un cycle de cin\u00e9ma en espagnol","author":"Fabienne TM","date":"9 juin 2014","format":false,"excerpt":"13\u00e9me \u00e9dition du \u00a0Festival \u00a0Le 7\u00e8me art dans le 7\u00e8me, qui se tiendra du 10 au 13 juin 2014 , L'Espagne sera invit\u00e9e. Mercredi 11 juin \u00e0 12 h EN AVANT-PREMI\u00c8RE Una pistola en cada mano (\u00c9tats d\u2019hommes) En pr\u00e9sence du r\u00e9alisateur Cesc Gay et d\u2019un com\u00e9dien. (1 h 35)\u2026","rel":"","context":"Dans &quot;Cultures du Monde&quot;","block_context":{"text":"Cultures du Monde","link":"http:\/\/www.letourismeaparis.fr\/index.php\/category\/culture\/musees-expositions\/cultures-du-monde\/"},"img":{"alt_text":"","src":"","width":0,"height":0},"classes":[]},{"id":5703,"url":"http:\/\/www.letourismeaparis.fr\/index.php\/2009\/12\/18\/un-conte-choregraphie-a-la-maison-du-danemark-le-1912\/","url_meta":{"origin":25312,"position":3},"title":"Un conte chor\u00e9graphi\u00e9 \u00e0 la maison du Danemark le 19\/12","author":"Fabienne TM","date":"18 d\u00e9cembre 2009","format":false,"excerpt":"Inspir\u00e9 du conte de Andersen Le petit soldat de plomb, Soldat est un trio chor\u00e9graphique qui nous plonge, sur le mode du conte, dans les affres de la guerre moderne. Les com\u00e9diens-acrobates-danseurs \u00e9voluent autour d'un d\u00e9cor en forme de rubick's cube g\u00e9ant qui d\u00e9voile de multiples facettes au gr\u00e9 du\u2026","rel":"","context":"Dans &quot;Non class\u00e9&quot;","block_context":{"text":"Non class\u00e9","link":"http:\/\/www.letourismeaparis.fr\/index.php\/category\/non-classe\/"},"img":{"alt_text":"","src":"","width":0,"height":0},"classes":[]},{"id":11222,"url":"http:\/\/www.letourismeaparis.fr\/index.php\/2011\/11\/05\/montand-le-concert-hommage\/","url_meta":{"origin":25312,"position":4},"title":"MONTAND, LE CONCERT HOMMAGE : un excellent spectacle !","author":"Fabienne TM","date":"5 novembre 2011","format":false,"excerpt":"\u00ab Je voudrais tant que tu te souviennes \u00bb Sacha Spenger chante Montand jusqu' AU 13 NOVEMBRE 2011 Le 9 novembre 2011, il y aura 20 ans qu\u2019Yves Montand nous a quitt\u00e9s. Sacha Sprenger, com\u00e9dien, a d\u00e9cid\u00e9 de lui rendre hommage, \u00e0 l\u2019occasion d\u2019un concert reprenant une bonne vingtaine de\u2026","rel":"","context":"Dans &quot;Non class\u00e9&quot;","block_context":{"text":"Non class\u00e9","link":"http:\/\/www.letourismeaparis.fr\/index.php\/category\/non-classe\/"},"img":{"alt_text":"","src":"","width":0,"height":0},"classes":[]},{"id":18374,"url":"http:\/\/www.letourismeaparis.fr\/index.php\/2016\/06\/10\/opera-cote-cour-a-bercy-villages-des-spectacles-gratuits-le-dimanche-a-partir-du-12-juin\/","url_meta":{"origin":25312,"position":5},"title":"&quot;Op\u00e9ra cot\u00e9 cour&quot; \u00e0 Bercy village : des spectacles gratuits le dimanche \u00e0 partir du 12 juin","author":"Fabienne TM","date":"10 juin 2016","format":false,"excerpt":"le festival lyrique Op\u00e9ra c\u00f4t\u00e9 Cour, orchestr\u00e9 par Bercy Village et l\u2019association \u00ab Autres Voix \u00bb, revient pour sa 5e \u00e9dition. Rendez-vous d\u00e8s le dimanche 12 juin pour l'inauguration du festival sur la sc\u00e8ne de la Cour Saint-Emilion, puis tous les dimanches de juin et de septembre pour une \u00e9dition\u2026","rel":"","context":"Dans &quot;Familles&quot;","block_context":{"text":"Familles","link":"http:\/\/www.letourismeaparis.fr\/index.php\/category\/familles\/"},"img":{"alt_text":"","src":"","width":0,"height":0},"classes":[]}],"jetpack_sharing_enabled":true,"jetpack_likes_enabled":true,"_links":{"self":[{"href":"http:\/\/www.letourismeaparis.fr\/index.php\/wp-json\/wp\/v2\/posts\/25312","targetHints":{"allow":["GET"]}}],"collection":[{"href":"http:\/\/www.letourismeaparis.fr\/index.php\/wp-json\/wp\/v2\/posts"}],"about":[{"href":"http:\/\/www.letourismeaparis.fr\/index.php\/wp-json\/wp\/v2\/types\/post"}],"author":[{"embeddable":true,"href":"http:\/\/www.letourismeaparis.fr\/index.php\/wp-json\/wp\/v2\/users\/2"}],"replies":[{"embeddable":true,"href":"http:\/\/www.letourismeaparis.fr\/index.php\/wp-json\/wp\/v2\/comments?post=25312"}],"version-history":[{"count":1,"href":"http:\/\/www.letourismeaparis.fr\/index.php\/wp-json\/wp\/v2\/posts\/25312\/revisions"}],"predecessor-version":[{"id":25316,"href":"http:\/\/www.letourismeaparis.fr\/index.php\/wp-json\/wp\/v2\/posts\/25312\/revisions\/25316"}],"wp:featuredmedia":[{"embeddable":true,"href":"http:\/\/www.letourismeaparis.fr\/index.php\/wp-json\/wp\/v2\/media\/25313"}],"wp:attachment":[{"href":"http:\/\/www.letourismeaparis.fr\/index.php\/wp-json\/wp\/v2\/media?parent=25312"}],"wp:term":[{"taxonomy":"category","embeddable":true,"href":"http:\/\/www.letourismeaparis.fr\/index.php\/wp-json\/wp\/v2\/categories?post=25312"},{"taxonomy":"post_tag","embeddable":true,"href":"http:\/\/www.letourismeaparis.fr\/index.php\/wp-json\/wp\/v2\/tags?post=25312"}],"curies":[{"name":"wp","href":"https:\/\/api.w.org\/{rel}","templated":true}]}}