{"id":25335,"date":"2023-10-26T13:00:44","date_gmt":"2023-10-26T11:00:44","guid":{"rendered":"http:\/\/www.letourismeaparis.fr\/?p=25335"},"modified":"2023-10-26T13:04:21","modified_gmt":"2023-10-26T11:04:21","slug":"la-regence-au-musee-carnavalet","status":"publish","type":"post","link":"http:\/\/www.letourismeaparis.fr\/index.php\/2023\/10\/26\/la-regence-au-musee-carnavalet\/","title":{"rendered":"La R\u00e9gence au Mus\u00e9e  Carnavalet"},"content":{"rendered":"\n<p><strong>Le mus\u00e9e Carnavalet \u2013 Histoire de Paris pr\u00e9sente une exposition consacr\u00e9e \u00e0 la R\u00e9gence, p\u00e9riode oubli\u00e9e de l\u2019histoire qui marque le retour du roi et de la vie politique, \u00e9conomique et culturelle \u00e0 Paris.<\/strong><\/p>\n\n\n\n<hr class=\"wp-block-separator has-alpha-channel-opacity\"\/>\n\n\n\n<p><strong>Louis XIV meurt le 1er septembre 1715 \u00e0 Versailles. Il laisse derri\u00e8re lui une France endett\u00e9e et, comme h\u00e9ritier, un enfant de 5 ans trop jeune pour r\u00e9gner, Louis XV. Le 2 septembre, le duc Philippe d\u2019Orl\u00e9ans (1674-1723), neveu du d\u00e9funt, prend la r\u00e9gence du royaume. L\u2019exposition s\u2019inscrit dans la comm\u00e9moration du tricentenaire de la disparition du R\u00e9gent.<\/strong><\/p>\n\n\n\n<hr class=\"wp-block-separator has-alpha-channel-opacity\"\/>\n\n\n\n<p><strong>La structure th\u00e9matique choisie pour le parcours de l\u2019exposition met en \u00e9vidence les innovations de la p\u00e9riode pour en mesurer leur port\u00e9e historique. Plus de 200 \u0153uvres (peintures, sculptures, \u0153uvres graphiques, \u00e9l\u00e9ments de d\u00e9cors et de pi\u00e8ces de mobiliers), issues de collections publiques et priv\u00e9es, permettent d\u2019explorer cette p\u00e9riode de l\u2019histoire et de rendre compte des mutations de la soci\u00e9t\u00e9 au moment o\u00f9 Paris s\u2019impose comme la capitale culturelle de la France, et cela de mani\u00e8re durable.<\/strong><\/p>\n\n\n\n<p><strong>PARTENARIAT AVEC LA BANQUE DE FRANCE<\/strong><\/p>\n\n\n\n<p><strong>Galerie dor\u00e9e<\/strong><\/p>\n\n\n\n<p><strong>Ouverture exceptionnelle et gratuite de la Galerie dor\u00e9e de la Banque de France r\u00e9serv\u00e9e aux visiteurs de l\u2019exposition du mus\u00e9e Carnavalet \u2013 Histoire de Paris.<\/strong><\/p>\n\n\n\n<p><strong>www.billetterie-!parismusees.paris.fr<\/strong><\/p>\n\n\n\n<hr class=\"wp-block-separator has-alpha-channel-opacity\"\/>\n\n\n\n<p><strong>Visites et ateliers dans l&rsquo;exposition<\/strong><\/p>\n\n\n\n<p><strong>Visites guid\u00e9es : Tous les samedis \u00e0 10h, d\u00e9couverte de l\u2019exposition avec une intervenante culturelle du mus\u00e9e. R\u00e9server en ligne\u200b\u200b\u200b\u200b\u200b<\/strong><\/p>\n\n\n\n<p><strong>Visites-ateliers : \u00ab La R\u00e9gence en jeux \u00bb : A partir d\u2019une visite de l\u2019exposition, chaque participant cr\u00e9e, en atelier, un jeu de cartes inspir\u00e9 des arts et des savoirs de la R\u00e9gence. D\u00e9couvrez en famille ce qui a fait de cette p\u00e9riode l\u2019aube des Lumi\u00e8res. R\u00e9server en ligne<\/strong><\/p>\n\n\n\n<p><strong>Visites cont\u00e9es : \u00ab Le Paris du petit roi \u00bb : Une visite cont\u00e9e pour d\u00e9couvrir la capitale sur les pas du petit roi Louis XV. R\u00e9server en ligne<\/strong><\/p>\n\n\n\n<p><strong>Visites en groupes : Visites en autonomie ou accompagn\u00e9es par des intervenantes culturelles du mus\u00e9e. Renseignements et r\u00e9servations via la page d\u00e9di\u00e9e ou par mail \u00e0 l\u2019adresse : carnavalet.publics@paris.fr<\/strong><\/p>\n\n\n\n<p><strong>Activit\u00e9s &amp; \u00e9v\u00e9nements autour de l&rsquo;exposition<\/strong><\/p>\n\n\n\n<p><strong>Rencontres &amp; Conf\u00e9rences&nbsp;<\/strong><\/p>\n\n\n\n<p><strong>Musique, litt\u00e9rature, th\u00e9\u00e2tre et arts visuels : la programmation culturelle autour de l\u2019exposition fait la part belle aux disciplines artistiques. Pour red\u00e9couvrir la vie artistique et culturelle de la R\u00e9gence, le mus\u00e9e propose des soir\u00e9es-rencontres avec des chercheurs, des musiciens et des auteurs, d\u00e9di\u00e9es \u00e0 la vie parisienne de cette \u00e9poque. En savoir plus.<\/strong><\/p>\n\n\n\n<p><strong>Les enfants sont rois \u00e0 Carnavalet !<\/strong><\/p>\n\n\n\n<p><strong>La R\u00e9gence, c&rsquo;est l&rsquo;histoire d&rsquo;un enfant qui devient roi. En suivant le fil de sa nouvelle exposition temporaire, le mus\u00e9e Carnavalet a souhait\u00e9 poursuivre et r\u00e9affirmer son engagement envers les plus jeunes. En savoir plus<\/strong><\/p>\n\n\n\n<p><strong>&lt;&nbsp;<\/strong><\/p>\n\n\n\n<p><strong>23, rue de S\u00e9vign\u00e9<\/strong><\/p>\n\n\n\n<p><strong>75003 Paris<\/strong><\/p>\n\n\n\n<p><strong>Ouverture du mardi au dimanche de 10h \u00e0 18h.<\/strong><\/p>\n\n\n\n<p><a href=\"https:\/\/www.carnavalet.paris.fr\/expositions\/la-regence-paris-1715-1723\">https:\/\/www.carnavalet.paris.fr\/expositions\/la-regence-paris-1715-1723<\/a><\/p>\n","protected":false},"excerpt":{"rendered":"<p>Le mus\u00e9e Carnavalet \u2013 Histoire de Paris pr\u00e9sente une exposition consacr\u00e9e \u00e0 la R\u00e9gence, p\u00e9riode oubli\u00e9e de l\u2019histoire qui marque le retour du roi et de la vie politique, \u00e9conomique et culturelle \u00e0 Paris. Louis XIV meurt le 1er septembre&#8230;<\/p>\n","protected":false},"author":2,"featured_media":25337,"comment_status":"open","ping_status":"open","sticky":false,"template":"","format":"standard","meta":{"ngg_post_thumbnail":0,"jetpack_post_was_ever_published":false,"_jetpack_newsletter_access":"","footnotes":""},"categories":[9,363,22,31,27],"tags":[],"class_list":["post-25335","post","type-post","status-publish","format-standard","has-post-thumbnail","hentry","category-beaux-arts","category-culture","category-decoration","category-histoire","category-musees-expositions"],"jetpack_featured_media_url":"http:\/\/www.letourismeaparis.fr\/wp-content\/uploads\/2023\/10\/Capture-decran-2023-10-26-a-13.00.17.png","jetpack-related-posts":[{"id":9742,"url":"http:\/\/www.letourismeaparis.fr\/index.php\/2011\/05\/17\/les-prochaines-activites-du-musee-carnavalet-conferences-et-concerts\/","url_meta":{"origin":25335,"position":0},"title":"Les&quot; expositions universelles &quot;\u00e0 Carnavalet et des concerts","author":"Fabienne TM","date":"17 mai 2011","format":false,"excerpt":"Mercredi 18 mai \u00e0 16h : conf\u00e9rence Les Expositions Universelles Fruits de la r\u00e9volution industrielle, les Expositions Universelles sont mont\u00e9es p\u00e9riodiquement \u00e0 Paris, entre 1855 et 1937. S\u2019adressant \u00e0 des foules innombrables, elles sont la vitrine des techniques, du commerce et de l\u2019art. Paris en sort m\u00e9tamorphos\u00e9. Anne Lecoq (conf\u00e9renci\u00e8re\u2026","rel":"","context":"Dans &quot;Non class\u00e9&quot;","block_context":{"text":"Non class\u00e9","link":"http:\/\/www.letourismeaparis.fr\/index.php\/category\/non-classe\/"},"img":{"alt_text":"","src":"","width":0,"height":0},"classes":[]},{"id":24315,"url":"http:\/\/www.letourismeaparis.fr\/index.php\/2021\/06\/15\/henri-cartier-bresson-revoir-paris\/","url_meta":{"origin":25335,"position":1},"title":"HENRI CARTIER-BRESSON &#8211; REVOIR PARIS","author":"Fabienne TM","date":"15 juin 2021","format":false,"excerpt":"au mus\u00e9e Carnavalet jusqu'au dimanche 31 octobre 2021 Pour sa premi\u00e8re exposition apr\u00e8s r\u00e9ouverture, le mus\u00e9e Carnavalet \u2013 Histoire de Paris s\u2019associe avec la Fondation Henri Cartier-Bresson pour mettre en lumi\u00e8re l\u2019importance de Paris dans la vie et l\u2019\u0153uvre d\u2019Henri Cartier-Bresson, l\u2019un des plus grands photographes fran\u00e7ais du 20e si\u00e8cle.\u2026","rel":"","context":"Dans &quot;Culture&quot;","block_context":{"text":"Culture","link":"http:\/\/www.letourismeaparis.fr\/index.php\/category\/culture\/"},"img":{"alt_text":"","src":"https:\/\/i0.wp.com\/www.letourismeaparis.fr\/wp-content\/uploads\/2021\/06\/Capture-d%E2%80%99e%CC%81cran-2021-06-15-a%CC%80-11.31.34.png?resize=350%2C200","width":350,"height":200},"classes":[]},{"id":19736,"url":"http:\/\/www.letourismeaparis.fr\/index.php\/2017\/04\/23\/le-gouvernement-des-parisiens-paris-ses-habitants-letat-une-histoire-partagee-une-exposition-gratuite-a-lhotel-de-ville\/","url_meta":{"origin":25335,"position":2},"title":"Le gouvernement des Parisiens. Paris, ses habitants, l\u2019\u00c9tat, une histoire partag\u00e9e : une exposition gratuite  \u00e0 l&#039;h\u00f4tel de ville","author":"Fabienne TM","date":"23 avril 2017","format":false,"excerpt":"L\u2019exposition rassemble tableaux, sculptures, gravures, manuscrits, affiches, sceaux et photographies\u2026 pr\u00e8s de 300 \u0153uvres issues des collections des mus\u00e9es du Louvre, d\u2019Orsay, de Carnavalet, du Petit Palais et des Archives nationales \u00a0 Le gouvernement des Parisiens (\u00a9 Petit Palais \/ Roger-Viollet) \u00a0 Exposition gratuite du 22 avril au 22 juillet\u2026","rel":"","context":"Dans &quot;Histoire&quot;","block_context":{"text":"Histoire","link":"http:\/\/www.letourismeaparis.fr\/index.php\/category\/culture\/musees-expositions\/histoire\/"},"img":{"alt_text":"","src":"","width":0,"height":0},"classes":[]},{"id":11656,"url":"http:\/\/www.letourismeaparis.fr\/index.php\/2012\/08\/01\/eugene-atget-au-musee-carnavalet\/","url_meta":{"origin":25335,"position":3},"title":"&quot;Eug\u00e8ne ATGET&quot; au mus\u00e9e Carnavalet et &quot;Vies \u00e0 vies&quot;, portraits d\u2019hier et d\u2019aujourd\u2019hui de Thomas Bilanges","author":"Fabienne TM","date":"1 ao\u00fbt 2012","format":false,"excerpt":"le mus\u00e9e Carnavalet pr\u00e9sente l\u2019\u0153uvre parisienne de l\u2019un des plus c\u00e9l\u00e8bres\u00a0 photographes du XXe si\u00e8cle,\u00a0 Eug\u00e8ne Atget (Libourne, 1857 - Paris, 1927). : 230 \u00e9preuves r\u00e9alis\u00e9es \u00e0 Paris entre 1898 et 1927, \u00e0 partir des fonds du mus\u00e9e Carnavalet, compl\u00e9t\u00e9s par ceux de la George Eastman House de Rochester et\u2026","rel":"","context":"Dans &quot;Non class\u00e9&quot;","block_context":{"text":"Non class\u00e9","link":"http:\/\/www.letourismeaparis.fr\/index.php\/category\/non-classe\/"},"img":{"alt_text":"","src":"","width":0,"height":0},"classes":[]},{"id":16552,"url":"http:\/\/www.letourismeaparis.fr\/index.php\/2015\/04\/22\/napoleon-et-paris-reves-dune-capitale-a-carnavalet\/","url_meta":{"origin":25335,"position":4},"title":"Napol\u00e9on et Paris : R\u00eaves d&#039;une capitale \u00e0 Carnavalet","author":"Fabienne TM","date":"22 avril 2015","format":false,"excerpt":"jusqu'au 30 AO\u00dbT 2015 Principal th\u00e9\u00e2tre politique de l\u2019\u00e9pop\u00e9e napol\u00e9onienne, Paris fut aussi une des pr\u00e9occupations majeures du premier consul puis de l\u2019empereur. Le propos de cette exposition est d\u2019illustrer les rapports complexes entretenus par Napol\u00e9on Bonaparte avec la capitale. Paris fut le lieu o\u00f9 se montra sous le jour\u2026","rel":"","context":"Dans &quot;Mus\u00e9es \/ Expositions&quot;","block_context":{"text":"Mus\u00e9es \/ Expositions","link":"http:\/\/www.letourismeaparis.fr\/index.php\/category\/culture\/musees-expositions\/"},"img":{"alt_text":"","src":"","width":0,"height":0},"classes":[]},{"id":26343,"url":"http:\/\/www.letourismeaparis.fr\/index.php\/2025\/09\/20\/louis-vuitton-art-deco-une-nouvelle-exposition-gratuite-a-paris\/","url_meta":{"origin":25335,"position":5},"title":"\u00ab\u00a0Louis Vuitton Art D\u00e9co\u00a0\u00bb, une nouvelle exposition( gratuite) \u00e0 Paris.","author":"Fabienne TM","date":"20 septembre 2025","format":false,"excerpt":"\u00c0 l\u2019occasion du centenaire de l\u2019Exposition internationale des Arts d\u00e9coratifs et industriels modernes, une exp\u00e9rience immersive retrace les d\u00e9buts du mouvement Art d\u00e9co et rend hommage \u00e0 Louis Vuitton . \"\u00a0Louis Vuitton Art D\u00e9co\" d\u00e9bute jeudi 25 septembre dans son espace LV Dream . Vuitton avait un stand lors de\u2026","rel":"","context":"Dans &quot;Beaux arts&quot;","block_context":{"text":"Beaux arts","link":"http:\/\/www.letourismeaparis.fr\/index.php\/category\/culture\/musees-expositions\/beaux-arts\/"},"img":{"alt_text":"","src":"https:\/\/i0.wp.com\/www.letourismeaparis.fr\/wp-content\/uploads\/2025\/09\/Capture-decran-2025-09-20-a-17.20.02.png?resize=350%2C200","width":350,"height":200},"classes":[]}],"jetpack_sharing_enabled":true,"jetpack_likes_enabled":true,"_links":{"self":[{"href":"http:\/\/www.letourismeaparis.fr\/index.php\/wp-json\/wp\/v2\/posts\/25335","targetHints":{"allow":["GET"]}}],"collection":[{"href":"http:\/\/www.letourismeaparis.fr\/index.php\/wp-json\/wp\/v2\/posts"}],"about":[{"href":"http:\/\/www.letourismeaparis.fr\/index.php\/wp-json\/wp\/v2\/types\/post"}],"author":[{"embeddable":true,"href":"http:\/\/www.letourismeaparis.fr\/index.php\/wp-json\/wp\/v2\/users\/2"}],"replies":[{"embeddable":true,"href":"http:\/\/www.letourismeaparis.fr\/index.php\/wp-json\/wp\/v2\/comments?post=25335"}],"version-history":[{"count":1,"href":"http:\/\/www.letourismeaparis.fr\/index.php\/wp-json\/wp\/v2\/posts\/25335\/revisions"}],"predecessor-version":[{"id":25338,"href":"http:\/\/www.letourismeaparis.fr\/index.php\/wp-json\/wp\/v2\/posts\/25335\/revisions\/25338"}],"wp:featuredmedia":[{"embeddable":true,"href":"http:\/\/www.letourismeaparis.fr\/index.php\/wp-json\/wp\/v2\/media\/25337"}],"wp:attachment":[{"href":"http:\/\/www.letourismeaparis.fr\/index.php\/wp-json\/wp\/v2\/media?parent=25335"}],"wp:term":[{"taxonomy":"category","embeddable":true,"href":"http:\/\/www.letourismeaparis.fr\/index.php\/wp-json\/wp\/v2\/categories?post=25335"},{"taxonomy":"post_tag","embeddable":true,"href":"http:\/\/www.letourismeaparis.fr\/index.php\/wp-json\/wp\/v2\/tags?post=25335"}],"curies":[{"name":"wp","href":"https:\/\/api.w.org\/{rel}","templated":true}]}}