{"id":25370,"date":"2023-11-13T16:28:28","date_gmt":"2023-11-13T15:28:28","guid":{"rendered":"http:\/\/www.letourismeaparis.fr\/?p=25370"},"modified":"2023-11-13T16:36:43","modified_gmt":"2023-11-13T15:36:43","slug":"le-repas-des-fauves-au-theatre-hebertot","status":"publish","type":"post","link":"http:\/\/www.letourismeaparis.fr\/index.php\/2023\/11\/13\/le-repas-des-fauves-au-theatre-hebertot\/","title":{"rendered":"Le repas des Fauves au Th\u00e9atre H\u00e9bertot"},"content":{"rendered":"\n<p>Une pi\u00e8ce qui avait re\u00e7u 3 Moli\u00e8res du th\u00e9\u00e2tre en 2011.<\/p>\n\n\n\n<p>De tr\u00e8s bons com\u00e9diens . Un sujet difficile \u00e0 notre \u00e9poque&#8230;.<\/p>\n\n\n\n<p>Paris 1942. Sept convives, s\u2019\u00e9tant plus ou moins bien accommod\u00e9s \u00e0 l\u2019Occupation allemande, se retrouvent chez l\u2019un d\u2019eux pour f\u00eater l\u2019anniversaire de leur h\u00f4te. La soir\u00e9e se d\u00e9roule sous les meilleurs auspices, lorsqu&rsquo;au pied de leur immeuble sont abattus deux officiers allemands&#8230;.<\/p>\n\n\n\n<hr class=\"wp-block-separator has-alpha-channel-opacity\"\/>\n\n\n\n<p> En repr\u00e9sailles, la Gestapo investit l&rsquo;immeuble et d\u00e9cide de prendre deux otages par appartement. Mais le Commandant Kaubach, qui dirige l\u2019op\u00e9ration, reconna\u00eet en la personne du propri\u00e9taire de l&rsquo;appartement, M. P\u00e9lissier, un libraire \u00e0 qui il ach\u00e8te r\u00e9guli\u00e8rement des ouvrages. Soucieux d&rsquo;entretenir les rapports courtois qu&rsquo;il a toujours eus avec lui, il d\u00e9cide de les laisser finir leur d\u00eener et de ne passer prendre ses otages qu\u2019au dessert. Mieux\u2026 il leur laisse la libert\u00e9 de choisir eux-m\u00eames les deux otages qui l\u2019accompagneront. C&rsquo;est ainsi que peut commencer \u00ab\u00a0Le Repas des Fauves\u00a0\u00bb.<\/p>\n\n\n\n<hr class=\"wp-block-separator has-alpha-channel-opacity\"\/>\n\n\n\n<p>Une pi\u00e8ce de&nbsp;<strong>Vah\u00e9 Katcha&nbsp;<\/strong>Adaptation et mise en sc\u00e8ne&nbsp;<strong>Julien Sibre&nbsp;<\/strong>Avec&nbsp;<strong>Thierry Fr\u00e9mont, Cyril Aubin, Olivier Bouana, St\u00e9phanie Caillol, S\u00e9bastien Desjours, Benjamin Egner, Jochen H\u00e4gele, St\u00e9phanie H\u00e9din, J\u00e9r\u00e9my Prevost, Julien Sibre, Barbara Tissier, Alexis Victor&nbsp;<\/strong>Cr\u00e9ation lumi\u00e8res&nbsp;<strong>Jean Fran\u00e7ois Domingues<\/strong>&nbsp;Sc\u00e9nographie&nbsp;<strong>Camille Duchemin<\/strong>&nbsp;R\u00e9alisation graphique&nbsp;<strong>Cyril Drouin<\/strong>&nbsp;Costumes&nbsp;<strong>M\u00e9lisande de Serres<\/strong>&nbsp;Musique originale&nbsp;<strong>J\u00e9r\u00f4me H\u00e9din.<\/strong><\/p>\n\n\n\n<p><\/p>\n\n\n\n<hr class=\"wp-block-separator has-alpha-channel-opacity\"\/>\n\n\n\n<p>78 bis boulevard des Batignolles 75017 Paris<\/p>\n\n\n\n<p>mercredi au samedi \u00e0 21h, les samedis \u00e0 16h et les dimanches \u00e0 15h<\/p>\n","protected":false},"excerpt":{"rendered":"<p>Une pi\u00e8ce qui avait re\u00e7u 3 Moli\u00e8res du th\u00e9\u00e2tre en 2011. De tr\u00e8s bons com\u00e9diens . Un sujet difficile \u00e0 notre \u00e9poque&#8230;. Paris 1942. Sept convives, s\u2019\u00e9tant plus ou moins bien accommod\u00e9s \u00e0 l\u2019Occupation allemande, se retrouvent chez l\u2019un d\u2019eux&#8230;<\/p>\n","protected":false},"author":2,"featured_media":25372,"comment_status":"open","ping_status":"open","sticky":false,"template":"","format":"standard","meta":{"ngg_post_thumbnail":0,"jetpack_post_was_ever_published":false,"_jetpack_newsletter_access":"","footnotes":""},"categories":[49],"tags":[],"class_list":["post-25370","post","type-post","status-publish","format-standard","has-post-thumbnail","hentry","category-theatre"],"jetpack_featured_media_url":"http:\/\/www.letourismeaparis.fr\/wp-content\/uploads\/2023\/11\/Capture-decran-2023-11-13-a-16.20.38.png","jetpack-related-posts":[{"id":24591,"url":"http:\/\/www.letourismeaparis.fr\/index.php\/2022\/02\/06\/berlin-berlin-au-theatre-fontaine-un-bon-spectacle-divertissant\/","url_meta":{"origin":25370,"position":0},"title":"Berlin Berlin au Th\u00e9atre Fontaine, un bon spectacle divertissant .","author":"Fabienne TM","date":"6 f\u00e9vrier 2022","format":false,"excerpt":"La nouvelle com\u00e9die compl\u00e8tement folle de Patrick Haudec\u0153ur et G\u00e9rald Sibleyras ! Berlin Est. Emma et Ludwig veulent s\u2019enfuir et passer \u00e0 l\u2019Ouest. Emma se fait engager comme aide-soignante chez Werner Hofmann pour s\u2019occuper de sa vieille m\u00e8re s\u00e9nile. Elle n\u2019est pas l\u00e0 par hasard, cet appartement poss\u00e8de un passage\u2026","rel":"","context":"Dans &quot;Culture&quot;","block_context":{"text":"Culture","link":"http:\/\/www.letourismeaparis.fr\/index.php\/category\/culture\/"},"img":{"alt_text":"","src":"https:\/\/i0.wp.com\/www.letourismeaparis.fr\/wp-content\/uploads\/2022\/02\/Capture-d%E2%80%99e%CC%81cran-2022-02-06-a%CC%80-14.10.33.png?resize=350%2C200","width":350,"height":200},"classes":[]},{"id":10133,"url":"http:\/\/www.letourismeaparis.fr\/index.php\/2011\/05\/04\/une-comedie-petillante-et-burlesque-un-cocktail-explosif-la-porte-au-theatre-la-bruyere\/","url_meta":{"origin":25370,"position":1},"title":"Une com\u00e9die p\u00e9tillante et burlesque. Un cocktail explosif : &quot;La Porte&quot; au th\u00e9atre la Bruy\u00e8re!","author":"Fabienne TM","date":"4 mai 2011","format":false,"excerpt":"Une com\u00e9die p\u00e9tillante et burlesque. Un cocktail explosif : \"la porte\" au th\u00e9atre la Bruy\u00e8re ! \u00c0 l\u2019occasion de la tourn\u00e9e de son spectacle narrant l\u2019\u00e9pop\u00e9e du c\u00e9l\u00e8bre aviateur allemand, le baron Von Richthofen, un metteur en sc\u00e8ne se voit oblig\u00e9 de remplacer au pied lev\u00e9 un de ses com\u00e9diens,\u2026","rel":"","context":"Dans &quot;Non class\u00e9&quot;","block_context":{"text":"Non class\u00e9","link":"http:\/\/www.letourismeaparis.fr\/index.php\/category\/non-classe\/"},"img":{"alt_text":"","src":"","width":0,"height":0},"classes":[]},{"id":25902,"url":"http:\/\/www.letourismeaparis.fr\/index.php\/2024\/11\/14\/le-cake-aux-olives-au-theatre-de-passy-une-bonne-soiree\/","url_meta":{"origin":25370,"position":2},"title":"\u00ab\u00a0Le cake aux olives \u00a0\u00bb au Th\u00e9atre de Passy : une bonne soir\u00e9e !","author":"Fabienne TM","date":"14 novembre 2024","format":false,"excerpt":"Le Cake aux Olives de J\u00e9r\u00f4me de Verdi\u00e8re : une com\u00e9die dont le spectateur se paye une bonne tranche\u2026de rires ! Lles excellents com\u00e9diens Philippe Chevaller et Bernard Mabille seront appr\u00e9ci\u00e9s ! Bernard a mis, \u00e0 plein volume, la cinqui\u00e8me de Beethoven sur sa chaine Hifi et nettoie m\u00e9ticuleusement un\u2026","rel":"","context":"Dans &quot;Spectacle&quot;","block_context":{"text":"Spectacle","link":"http:\/\/www.letourismeaparis.fr\/index.php\/category\/spectacle\/"},"img":{"alt_text":"","src":"https:\/\/i0.wp.com\/www.letourismeaparis.fr\/wp-content\/uploads\/2024\/11\/Capture-decran-2024-11-14-a-12.34.39.png?resize=350%2C200","width":350,"height":200},"classes":[]},{"id":26021,"url":"http:\/\/www.letourismeaparis.fr\/index.php\/2025\/01\/25\/je-mappelle-georges-une-comedie-romantique-au-theatre-la-bruyere\/","url_meta":{"origin":25370,"position":3},"title":"\u00a0\u00bb Je m&rsquo;appelle Georges \u00ab\u00a0, une com\u00e9die romantique au Th\u00e9atre La Bruy\u00e8re","author":"Fabienne TM","date":"25 janvier 2025","format":false,"excerpt":"Une bonne soir\u00e9e au Th\u00e9atre. Plongez dans cette folle histoire d\u2019amour \u00e0 l\u2019humour d\u00e9capant qui revisite l\u2019univers de la bande dessin\u00e9e. Un beau matin, Georges d\u00e9couvre quelque chose d\u2019\u00e9trange qui va bouleverser son quotidien : toutes les r\u00e9sidences autour de son nouvel appartement portent les pr\u00e9noms de ses ex-compagnes :\u2026","rel":"","context":"Dans &quot;Th\u00e9atre&quot;","block_context":{"text":"Th\u00e9atre","link":"http:\/\/www.letourismeaparis.fr\/index.php\/category\/spectacle\/theatre\/"},"img":{"alt_text":"","src":"https:\/\/i0.wp.com\/www.letourismeaparis.fr\/wp-content\/uploads\/2025\/01\/Capture-decran-2025-01-25-a-19.25.43.png?resize=350%2C200","width":350,"height":200},"classes":[]},{"id":1362,"url":"http:\/\/www.letourismeaparis.fr\/index.php\/2009\/01\/08\/le-musee-de-montmartre-et-jean-marais\/","url_meta":{"origin":25370,"position":4},"title":"Jean Marais au mus\u00e9e de Montmartre","author":"Fabienne TM","date":"8 janvier 2009","format":false,"excerpt":"\"Jean Marais l'\u00e9ternel retour \" jusqu'au\u00a0 3 mai 2009 Jean Marais a touch\u00e9 \u00e0 tous les aspects de la vie artistique (com\u00e9die, peinture, mise en sc\u00e8ne,cr\u00e9ation de costumes, d\u00e9corateur, \u00e9crivain)sous l\u2019impulsion\u00a0 de Jean Cocteau... \"Il a interpr\u00e9t\u00e9 des r\u00f4les mettant \u00e0 l\u2019honneur Paris\u00a0\u00a0 \u00ab Si Paris m\u2019\u00e9tait cont\u00e9\u00a0 \u00bb\u00a0 \u00ab\u2026","rel":"","context":"Dans &quot;Non class\u00e9&quot;","block_context":{"text":"Non class\u00e9","link":"http:\/\/www.letourismeaparis.fr\/index.php\/category\/non-classe\/"},"img":{"alt_text":"","src":"","width":0,"height":0},"classes":[]},{"id":26596,"url":"http:\/\/www.letourismeaparis.fr\/index.php\/2025\/12\/02\/dolores-au-theatre-la-bruyere\/","url_meta":{"origin":25370,"position":5},"title":"Dolor\u00e8s au Th\u00e9atre La Bruy\u00e8re","author":"Fabienne TM","date":"2 d\u00e9cembre 2025","format":false,"excerpt":"UN FR\u00c8RE, UNE S\u0152UR, UNE PASSION\u2026 EMBARQUEZ DANS UN DESTIN HORS DU COMMUN D'apr\u00e8s une histoire vraie. Sylvin et Maria Rubinstein, fr\u00e8re et soeur jumeaux, rencontrent un succ\u00e8s international dans les cabarets des ann\u00e9es 30 avec un num\u00e9ro de flamenco ph\u00e9nom\u00e9nal. Ensemble, ils forment le couple vedette d\u2019Imperio et Dolor\u00e8s.\u2026","rel":"","context":"Dans &quot;Spectacle&quot;","block_context":{"text":"Spectacle","link":"http:\/\/www.letourismeaparis.fr\/index.php\/category\/spectacle\/"},"img":{"alt_text":"","src":"","width":0,"height":0},"classes":[]}],"jetpack_sharing_enabled":true,"jetpack_likes_enabled":true,"_links":{"self":[{"href":"http:\/\/www.letourismeaparis.fr\/index.php\/wp-json\/wp\/v2\/posts\/25370","targetHints":{"allow":["GET"]}}],"collection":[{"href":"http:\/\/www.letourismeaparis.fr\/index.php\/wp-json\/wp\/v2\/posts"}],"about":[{"href":"http:\/\/www.letourismeaparis.fr\/index.php\/wp-json\/wp\/v2\/types\/post"}],"author":[{"embeddable":true,"href":"http:\/\/www.letourismeaparis.fr\/index.php\/wp-json\/wp\/v2\/users\/2"}],"replies":[{"embeddable":true,"href":"http:\/\/www.letourismeaparis.fr\/index.php\/wp-json\/wp\/v2\/comments?post=25370"}],"version-history":[{"count":4,"href":"http:\/\/www.letourismeaparis.fr\/index.php\/wp-json\/wp\/v2\/posts\/25370\/revisions"}],"predecessor-version":[{"id":25377,"href":"http:\/\/www.letourismeaparis.fr\/index.php\/wp-json\/wp\/v2\/posts\/25370\/revisions\/25377"}],"wp:featuredmedia":[{"embeddable":true,"href":"http:\/\/www.letourismeaparis.fr\/index.php\/wp-json\/wp\/v2\/media\/25372"}],"wp:attachment":[{"href":"http:\/\/www.letourismeaparis.fr\/index.php\/wp-json\/wp\/v2\/media?parent=25370"}],"wp:term":[{"taxonomy":"category","embeddable":true,"href":"http:\/\/www.letourismeaparis.fr\/index.php\/wp-json\/wp\/v2\/categories?post=25370"},{"taxonomy":"post_tag","embeddable":true,"href":"http:\/\/www.letourismeaparis.fr\/index.php\/wp-json\/wp\/v2\/tags?post=25370"}],"curies":[{"name":"wp","href":"https:\/\/api.w.org\/{rel}","templated":true}]}}