{"id":25378,"date":"2023-11-16T17:14:19","date_gmt":"2023-11-16T16:14:19","guid":{"rendered":"http:\/\/www.letourismeaparis.fr\/?p=25378"},"modified":"2023-11-16T17:14:23","modified_gmt":"2023-11-16T16:14:23","slug":"gala-des-laureats-des-concours-internationaux-de-chant-georges-enesco-paris-et-george-enescu-bucarest","status":"publish","type":"post","link":"http:\/\/www.letourismeaparis.fr\/index.php\/2023\/11\/16\/gala-des-laureats-des-concours-internationaux-de-chant-georges-enesco-paris-et-george-enescu-bucarest\/","title":{"rendered":"Gala des Laur\u00e9ats des Concours Internationaux de chant Georges Enesco Paris et George Enescu Bucarest"},"content":{"rendered":"\n<p> Ue soir\u00e9e exceptionnelle mettant en lumi\u00e8re des talents exceptionnels dans le domaine du chant et de la composition musicale. <\/p>\n\n\n\n<p>Le Concours International de Chant Georges Enesco, cr\u00e9\u00e9 en 2014, offre une plateforme unique pour les Chanteurs Professionnels et les Grands Amateurs d&rsquo;Art Vocal. Les laur\u00e9ats de ce concours, tels qu&rsquo;Adela Liculescu, Am\u00e9lie Tatti, Gina-Gloria Tronel et Ana\u00efs Merlin, seront les vedettes de la soir\u00e9e, ils seront accompagn\u00e9s des pianistes Alina Pavalache et Thomas Palmer. <\/p>\n\n\n\n<p>Le programme musical comprendra des compositions envo\u00fbtantes de George Enescu, Massenet, Faur\u00e9, Poulenc, Nafilyan, ainsi qu&rsquo;une surprise sp\u00e9ciale : la premi\u00e8re performance de l&rsquo;\u0153uvre de Sebastian Androne-Nakanischi, laur\u00e9at du Concours International de Composition Georges Enescu \u00e0 Bucarest en 2022.<\/p>\n\n\n\n<hr class=\"wp-block-separator has-alpha-channel-opacity\"\/>\n\n\n\n<p>Cet \u00e9v\u00e9nement est une c\u00e9l\u00e9bration d\u00e9di\u00e9e au compositeur franco-roumain George Enescu, mettant en avant son h\u00e9ritage musical et son influence. En m\u00eame temps, il souligne l&rsquo;engagement continu des deux concours \u00e0 soutenir et promouvoir les cr\u00e9ations musicales contemporaines.<\/p>\n\n\n\n<figure class=\"wp-block-image\"><img decoding=\"async\" src=\"https:\/\/ssl.gstatic.com\/ui\/v1\/icons\/mail\/images\/cleardot.gif\" alt=\"\"\/><\/figure>\n\n\n\n<p> lundi 20 novembre 2023 \u00e0 20h dans la prestigieuse Salle de Concert de l&rsquo;Automobile Club de France, situ\u00e9e au 6 Place de la Concorde, 75008 Paris.<\/p>\n","protected":false},"excerpt":{"rendered":"<p>Ue soir\u00e9e exceptionnelle mettant en lumi\u00e8re des talents exceptionnels dans le domaine du chant et de la composition musicale. Le Concours International de Chant Georges Enesco, cr\u00e9\u00e9 en 2014, offre une plateforme unique pour les Chanteurs Professionnels et les Grands&#8230;<\/p>\n","protected":false},"author":2,"featured_media":25379,"comment_status":"open","ping_status":"open","sticky":false,"template":"","format":"standard","meta":{"ngg_post_thumbnail":0,"jetpack_post_was_ever_published":false,"_jetpack_newsletter_access":"","footnotes":""},"categories":[376,362,365],"tags":[],"class_list":["post-25378","post","type-post","status-publish","format-standard","has-post-thumbnail","hentry","category-chant","category-concerts-musique","category-opera"],"jetpack_featured_media_url":"http:\/\/www.letourismeaparis.fr\/wp-content\/uploads\/2023\/11\/Capture-decran-2023-11-16-a-17.07.48.png","jetpack-related-posts":[{"id":20894,"url":"http:\/\/www.letourismeaparis.fr\/index.php\/2018\/04\/18\/ilot-helsinki-la-seine-musicale-les-26-et-27-mai-2018\/","url_meta":{"origin":25378,"position":0},"title":"\u00ceLOT HELSINKI \u00c0 LA SEINE MUSICALE    Les 26 et 27 mai 2018","author":"Fabienne TM","date":"18 avril 2018","format":false,"excerpt":"Le D\u00e9partement des Hauts-de-Seine et Insula orchestra se forme \u00e0 l'heure finlandaise. L'Orchestre philharmonique d'Helsinki, sous la direction du chef d'orchestre finlandais Susanna M\u00e4lkki, qui tient la baguette pour la somptueuse Symphonie n \u00b0 9 de Mahler. V\u00e9ritable chant du cygne d'un compositeur au soir de sa vie, c'est une\u2026","rel":"","context":"Dans &quot;Musique&quot;","block_context":{"text":"Musique","link":"http:\/\/www.letourismeaparis.fr\/index.php\/category\/culture\/concerts-musique\/musique\/"},"img":{"alt_text":"","src":"","width":0,"height":0},"classes":[]},{"id":18136,"url":"http:\/\/www.letourismeaparis.fr\/index.php\/2016\/04\/13\/le-16-avril-au-cirque-dhiver-2-concerts-exceptionnels-de-lorchestre-national-des-petites-mains-symphoniques\/","url_meta":{"origin":25378,"position":1},"title":"LE 16 AVRIL, AU CIRQUE D&#039;HIVER 2 CONCERTS EXCEPTIONNELS DE L&#039;ORCHESTRE NATIONAL DES PETITES MAINS SYMPHONIQUES","author":"Fabienne TM","date":"13 avril 2016","format":false,"excerpt":"A D\u00c9COUVRIR ABSOLUMENT LE 16 AVRIL AU CIRQUE D'HIVER 2 CONCERTS EXCEPTIONNELS( 15H ET 20H) DE L'ORCHESTRE NATIONAL DES PETITES MAINS SYMPHONIQUES 350 ENFANTS DE 6 \u00c0 17 ANS SUR SC\u00c8NE \u00c0 L'OCCASION DE LA 5\u00c8ME \u00c9DITION DES ORF\u00c9\u00c9RIES AU PROGRAMME \u00c9GALEMENT DES INVITES D'HONNEUR : DIDIER LOCKWOOD, THOMAS BOISSY\u2026","rel":"","context":"Dans &quot;Non class\u00e9&quot;","block_context":{"text":"Non class\u00e9","link":"http:\/\/www.letourismeaparis.fr\/index.php\/category\/non-classe\/"},"img":{"alt_text":"","src":"https:\/\/i0.wp.com\/www.letourismeaparis.fr\/wp-content\/uploads\/2016\/04\/cirque-209x300.png?resize=350%2C200","width":350,"height":200},"classes":[]},{"id":25095,"url":"http:\/\/www.letourismeaparis.fr\/index.php\/2023\/04\/08\/concours-international-de-chant-et-comedie-musicale\/","url_meta":{"origin":25378,"position":2},"title":"Concours International de Chant et Com\u00e9die Musicale","author":"Fabienne TM","date":"8 avril 2023","format":false,"excerpt":"Il a pour vocation de mettre en lumi\u00e8re des artistes complets et pluridisciplinaires dans les disciplines du chant, du th\u00e9\u00e2tre et de la danse.Comme chaque ann\u00e9e, de jeunes artistes vont pouvoir monter sur sc\u00e8ne et pr\u00e9senter leurs talents devant des professionnels du spectacle vivant. La date de la grande finale\u2026","rel":"","context":"Dans &quot;Com\u00e9die Musicale&quot;","block_context":{"text":"Com\u00e9die Musicale","link":"http:\/\/www.letourismeaparis.fr\/index.php\/category\/spectacle\/comedie-musicale\/"},"img":{"alt_text":"","src":"https:\/\/i0.wp.com\/www.letourismeaparis.fr\/wp-content\/uploads\/2023\/04\/Capture-decran-2023-04-08-a-16.47.26.png?resize=350%2C200","width":350,"height":200},"classes":[]},{"id":9057,"url":"http:\/\/www.letourismeaparis.fr\/index.php\/2010\/11\/20\/des-concerts-gratuits-dans-les-mairies-du-4-eme-et-du-11-eme-samedi-20-novembre\/","url_meta":{"origin":25378,"position":3},"title":"Des concerts gratuits  dans les mairies du 4 \u00e8me  et du 11 \u00e8me samedi 20 novembre","author":"Fabienne TM","date":"20 novembre 2010","format":false,"excerpt":"MELOMANIA - De Piazzolla a Gershwin Samedi 20 novembre, 15h00 De Piazzolla \u00e0 Gershwin : la rencontre de deux claviers. Un itin\u00e9raire musical joyeux, en passant par le Bol\u00e9ro de RAVEL, par un duo de musiciens talentueux vraiment original. PIAZZOLLA, Le Grand Tango RAVEL, Bol\u00e9ro RAVEL, Pavane pour une infante\u2026","rel":"","context":"Dans &quot;Non class\u00e9&quot;","block_context":{"text":"Non class\u00e9","link":"http:\/\/www.letourismeaparis.fr\/index.php\/category\/non-classe\/"},"img":{"alt_text":"","src":"","width":0,"height":0},"classes":[]},{"id":7694,"url":"http:\/\/www.letourismeaparis.fr\/index.php\/2010\/05\/27\/melomania-voyage-au-coeur-de-lame-slave-samedi-29-mai-a-15-h\/","url_meta":{"origin":25378,"position":4},"title":"MELOMANIA &#8211; Voyage au coeur de l&#039;\u00e2me slave samedi 29 mai \u00e0 15 h","author":"Fabienne TM","date":"27 mai 2010","format":false,"excerpt":"Oeuvres pour piano de SCRIABINE - BALAKIEREV - CHOPIN par la pianiste russe Natalia MOROZOVA Laur\u00e9ate de plusieurs concours internationaux Entr\u00e9e libre Mairie du 4e 2 place Baudoyer 75004 Paris","rel":"","context":"Dans &quot;Non class\u00e9&quot;","block_context":{"text":"Non class\u00e9","link":"http:\/\/www.letourismeaparis.fr\/index.php\/category\/non-classe\/"},"img":{"alt_text":"","src":"","width":0,"height":0},"classes":[]},{"id":4146,"url":"http:\/\/www.letourismeaparis.fr\/index.php\/2010\/05\/06\/concert-de-viole-de-gambe-et-clavecin-au-centre-coreen\/","url_meta":{"origin":25378,"position":5},"title":"Concerts classiques , au centre cor\u00e9en en  mai et juin","author":"Fabienne TM","date":"6 mai 2010","format":false,"excerpt":"Concert dans le cadre de la s\u00e9rie \u00ab Sunrising \u00bb le mercredi \u00e0 12 h30 12 mai Young viola virtuaoses de S\u00e9oul,9 juin laur\u00e9ats du concours international d'Osaka . un concert sans entracte d'environ une heure aura lieu au centre cor\u00e9en, 2 avenue d'I\u00e9na Paris 75016, entr\u00e9e libre http:\/\/www.coree-culture.org","rel":"","context":"Dans &quot;Non class\u00e9&quot;","block_context":{"text":"Non class\u00e9","link":"http:\/\/www.letourismeaparis.fr\/index.php\/category\/non-classe\/"},"img":{"alt_text":"","src":"","width":0,"height":0},"classes":[]}],"jetpack_sharing_enabled":true,"jetpack_likes_enabled":true,"_links":{"self":[{"href":"http:\/\/www.letourismeaparis.fr\/index.php\/wp-json\/wp\/v2\/posts\/25378","targetHints":{"allow":["GET"]}}],"collection":[{"href":"http:\/\/www.letourismeaparis.fr\/index.php\/wp-json\/wp\/v2\/posts"}],"about":[{"href":"http:\/\/www.letourismeaparis.fr\/index.php\/wp-json\/wp\/v2\/types\/post"}],"author":[{"embeddable":true,"href":"http:\/\/www.letourismeaparis.fr\/index.php\/wp-json\/wp\/v2\/users\/2"}],"replies":[{"embeddable":true,"href":"http:\/\/www.letourismeaparis.fr\/index.php\/wp-json\/wp\/v2\/comments?post=25378"}],"version-history":[{"count":1,"href":"http:\/\/www.letourismeaparis.fr\/index.php\/wp-json\/wp\/v2\/posts\/25378\/revisions"}],"predecessor-version":[{"id":25380,"href":"http:\/\/www.letourismeaparis.fr\/index.php\/wp-json\/wp\/v2\/posts\/25378\/revisions\/25380"}],"wp:featuredmedia":[{"embeddable":true,"href":"http:\/\/www.letourismeaparis.fr\/index.php\/wp-json\/wp\/v2\/media\/25379"}],"wp:attachment":[{"href":"http:\/\/www.letourismeaparis.fr\/index.php\/wp-json\/wp\/v2\/media?parent=25378"}],"wp:term":[{"taxonomy":"category","embeddable":true,"href":"http:\/\/www.letourismeaparis.fr\/index.php\/wp-json\/wp\/v2\/categories?post=25378"},{"taxonomy":"post_tag","embeddable":true,"href":"http:\/\/www.letourismeaparis.fr\/index.php\/wp-json\/wp\/v2\/tags?post=25378"}],"curies":[{"name":"wp","href":"https:\/\/api.w.org\/{rel}","templated":true}]}}