{"id":25385,"date":"2023-11-22T15:42:49","date_gmt":"2023-11-22T14:42:49","guid":{"rendered":"http:\/\/www.letourismeaparis.fr\/?p=25385"},"modified":"2023-11-22T15:44:54","modified_gmt":"2023-11-22T14:44:54","slug":"a-la-cour-du-prince-genji-mille-ans-dimaginaire-japonais-au-musee-guimet","status":"publish","type":"post","link":"http:\/\/www.letourismeaparis.fr\/index.php\/2023\/11\/22\/a-la-cour-du-prince-genji-mille-ans-dimaginaire-japonais-au-musee-guimet\/","title":{"rendered":"\u00c0 la cour du Prince Genji, mille ans d\u2019imaginaire japonais AU MUS\u00c9E GUIMET"},"content":{"rendered":"\n<p><\/p>\n\n\n\n<p>Premier roman de l\u2019Histoire,\u00e9crit par une femme au 11e si\u00e8cle,Murasaki Shikibu,le \u00ab\u00a0Dit du Genji\u00a0\u00bbraconte l\u2019histoire des intrigues amoureusesdu prince imp\u00e9rial, Hikaru Genji,dans le raffinement de la cour du Japon.<\/p>\n\n\n\n<hr class=\"wp-block-separator has-alpha-channel-opacity\"\/>\n\n\n\n<p>Une \u00e9poque de paix et de cr\u00e9ativit\u00e9o\u00f9 les femmes acqui\u00e8rentune certaine libert\u00e9.Un roman f\u00e9minin devenu mythique,illustr\u00e9 d\u00e8s sa parution,qui inspire les cr\u00e9ateurs japonais depuis 1000 ans,et continue encore de fasciner jusqu\u2019aux mangaka contemporains.<\/p>\n\n\n\n<hr class=\"wp-block-separator has-alpha-channel-opacity\"\/>\n\n\n\n<p>La sc\u00e9nographie de l\u2019exposition plonge les visiteursdans le Japon traditionnel et l\u2019univers des mangas et anim\u00e9s japonais.Quatre rouleaux tiss\u00e9s par Ma\u00eetre Itar\u00f4 Yamaguchiet illustrant le Dit du Genjisont pr\u00e9sent\u00e9s pour la premi\u00e8re fois dans leur int\u00e9gralit\u00e9 d\u00e9roul\u00e9s sur plus de 30 m de long<\/p>\n\n\n\n<p><\/p>\n\n\n\n<p><\/p>\n\n\n\n<p>Image mise en avant<\/p>\n\n\n\n<p>Itaro Yamaguchi (1901-2007)Premier rouleau tiss\u00e9 du Dit du GenjiAchev\u00e9 en 1986<\/p>\n\n\n\n<p>Soie, fil\u00e9s m\u00e9talloplastiques dor\u00e9 et argent\u00e9, lamelles de papierdor\u00e9 et argent\u00e9. Fa\u00e7onn\u00e9, partiellement double-\u00e9toffe, \u00e0 plusieurseffets, dominante trames lanc\u00e9es, broch\u00e9es et compl\u00e9mentaires(?), li\u00e9es en taffetas, serg\u00e9 et satin trame.Tiss\u00e9 sur m\u00e9tier \u00e0 m\u00e9canique Jacquar<\/p>\n\n\n\n<p>Don Itaro Yamaguchi, 1995, MA12236\u00a9 RMN-Grand Palais (Mus\u00e9e Guimet, Paris) \/ Thierry Ollivier<\/p>\n\n\n\n<p>Ouvert tous les jours sauf le mardi, de 10h \u00e0 18h.<\/p>\n\n\n\n<p>22 novembre 2023 &#8211; 10:00,25 mars 2024 &#8211; 18:00<\/p>\n\n\n\n<p>6, PLACE I\u00c9NA PARIS 75016<\/p>\n","protected":false},"excerpt":{"rendered":"<p>Premier roman de l\u2019Histoire,\u00e9crit par une femme au 11e si\u00e8cle,Murasaki Shikibu,le \u00ab\u00a0Dit du Genji\u00a0\u00bbraconte l\u2019histoire des intrigues amoureusesdu prince imp\u00e9rial, Hikaru Genji,dans le raffinement de la cour du Japon. Une \u00e9poque de paix et de cr\u00e9ativit\u00e9o\u00f9 les femmes acqui\u00e8rentune certaine&#8230;<\/p>\n","protected":false},"author":2,"featured_media":25386,"comment_status":"open","ping_status":"open","sticky":false,"template":"","format":"standard","meta":{"ngg_post_thumbnail":0,"jetpack_post_was_ever_published":false,"_jetpack_newsletter_access":"","footnotes":""},"categories":[9,20,27],"tags":[],"class_list":["post-25385","post","type-post","status-publish","format-standard","has-post-thumbnail","hentry","category-beaux-arts","category-cultures-du-monde","category-musees-expositions"],"jetpack_featured_media_url":"http:\/\/www.letourismeaparis.fr\/wp-content\/uploads\/2023\/11\/Capture-decran-2023-11-22-a-15.35.30.png","jetpack-related-posts":[{"id":21477,"url":"http:\/\/www.letourismeaparis.fr\/index.php\/2018\/10\/29\/meiji-splendeurs-du-japon-imperial-au-musee-guimet\/","url_meta":{"origin":25385,"position":0},"title":"Meiji, splendeurs du Japon imp\u00e9rial au Mus\u00e9e Guimet","author":"Fabienne TM","date":"29 octobre 2018","format":false,"excerpt":"jusqu'au 14 janvier 2019 A l'occasion de la comm\u00e9moration du 150e anniversaire de l'\u00e8re Meiji (1868-1912), cette exposition a \u00e9t\u00e9 mise en lumi\u00e8re par l'inventivit\u00e9 sans borne et l'extraordinaire vivacit\u00e9 des arts japonais \u00e0 la fin de la p\u00e9riode. Pourtant soumis \u00e0 des bouleversements sans pr\u00e9c\u00e9dent - ouverture \u00e0 l'Occident,\u2026","rel":"","context":"Dans &quot;Cultures du Monde&quot;","block_context":{"text":"Cultures du Monde","link":"http:\/\/www.letourismeaparis.fr\/index.php\/category\/culture\/musees-expositions\/cultures-du-monde\/"},"img":{"alt_text":"","src":"https:\/\/i0.wp.com\/www.letourismeaparis.fr\/wp-content\/uploads\/2018\/10\/Capture-d%C3%A2%C2%80%C2%99e%C3%8C%C2%81cran-2018-10-11-a%C3%8C%C2%80-16.20.28-200x300.png?resize=350%2C200","width":350,"height":200},"classes":[]},{"id":22129,"url":"http:\/\/www.letourismeaparis.fr\/index.php\/2019\/02\/28\/promenade-au-japon-un-regard-sur-la-collection-du-musee-cernuschi\/","url_meta":{"origin":25385,"position":1},"title":"Promenade au Japon, un regard sur la collection du mus\u00e9e Cernuschi","author":"Fabienne TM","date":"28 f\u00e9vrier 2019","format":false,"excerpt":"Cet accrochage in\u00e9dit invite les visiteurs \u00e0 d\u00e9couvrir de quelle mani\u00e8re les derni\u00e8res acquisitions du mus\u00e9e dialoguent avec les chefs-d\u2019\u0153uvre r\u00e9unis par son fondateur il y a plus de cent vingt ans. Accueil Expositions Promenade au Japon, un regard sur la collection Partager sur Facebook Partager sur Twitter Le fonds\u2026","rel":"","context":"Dans &quot;Non class\u00e9&quot;","block_context":{"text":"Non class\u00e9","link":"http:\/\/www.letourismeaparis.fr\/index.php\/category\/non-classe\/"},"img":{"alt_text":"","src":"","width":0,"height":0},"classes":[]},{"id":8892,"url":"http:\/\/www.letourismeaparis.fr\/index.php\/2010\/10\/24\/vacances-de-la-toussaint-exposition-costumes-denfants-miroir-des-grands-au-musee-guimet\/","url_meta":{"origin":25385,"position":2},"title":"Vacances de la Toussaint :Exposition Costumes d\u2019enfants, miroir des grands \u00bb au mus\u00e9e Guimet","author":"Fabienne TM","date":"24 octobre 2010","format":false,"excerpt":"Un panorama des v\u00eatements port\u00e9s \u00e0 l\u2019occasion de c\u00e9r\u00e9monies d\u2019apparat, de c\u00e9l\u00e9brations religieuses ou de fa\u00e7on quotidienne par les \u00ab petits d\u2019hommes \u00bb dans des pays diversifi\u00e9s : l\u2019Inde, la Chine, le Japon ou l\u2019Indon\u00e9sie. , un livret jeux est remis aux enfants de 7 \u00e0 12 ans, pour d\u00e9couvrir\u2026","rel":"","context":"Dans &quot;Non class\u00e9&quot;","block_context":{"text":"Non class\u00e9","link":"http:\/\/www.letourismeaparis.fr\/index.php\/category\/non-classe\/"},"img":{"alt_text":"","src":"","width":0,"height":0},"classes":[]},{"id":368,"url":"http:\/\/www.letourismeaparis.fr\/index.php\/2008\/09\/24\/peintures-japonaises-nihonga-de-lartiste-manda\/","url_meta":{"origin":25385,"position":3},"title":"Peintures japonaises (nihonga) de l&#039;artiste Manda","author":"Fabienne TM","date":"24 septembre 2008","format":false,"excerpt":"dans le cadre du mill\u00e9naire du \u00abDit du Genji\u00bb jusqu'au 8 octobre 2008 Le Roman du Genji, aujourd'hui mis au rang de \u00ab monument litt\u00e9raire du patrimoine mondial \u00bb par l'UNESCO est consid\u00e9r\u00e9 comme l'essence m\u00eame de la culture japonaise. Manda a r\u00e9alis\u00e9 une s\u00e9rie de peintures traditionnelles illustrant certaines\u2026","rel":"","context":"Dans &quot;Non class\u00e9&quot;","block_context":{"text":"Non class\u00e9","link":"http:\/\/www.letourismeaparis.fr\/index.php\/category\/non-classe\/"},"img":{"alt_text":"","src":"","width":0,"height":0},"classes":[]},{"id":21868,"url":"http:\/\/www.letourismeaparis.fr\/index.php\/2019\/01\/18\/japon-japonismes-objets-inspires-1867-2018-au-musee-des-arts-decoratifs\/","url_meta":{"origin":25385,"position":4},"title":"JAPON-JAPONISMES. OBJETS INSPIR\u00c9S, 1867-2018 au mus\u00e9e des arts d\u00e9coratifs","author":"Fabienne TM","date":"18 janvier 2019","format":false,"excerpt":"JAPON-JAPONISMES. OBJETS INSPIR\u00c9S, 1867-2018 du 15 novembre 2018 au 3 mars 2019 Dans le cadre de la saison \u00ab Japonismes 2018 : les \u00e2mes en r\u00e9sonance \u00bb, le Mus\u00e9e des Arts D\u00e9coratifs rend hommage au Japon et \u00e0 son art et r\u00e9v\u00e8le \u00e0 cette occasion toute la richesse de ses\u2026","rel":"","context":"Dans &quot;Non class\u00e9&quot;","block_context":{"text":"Non class\u00e9","link":"http:\/\/www.letourismeaparis.fr\/index.php\/category\/non-classe\/"},"img":{"alt_text":"","src":"","width":0,"height":0},"classes":[]},{"id":15871,"url":"http:\/\/www.letourismeaparis.fr\/index.php\/2014\/11\/11\/voila-les-delton-au-musee-de-la-chasse-et-de-la-nature\/","url_meta":{"origin":25385,"position":5},"title":"&quot;Voil\u00e0 les Delton&quot; au mus\u00e9e de la chasse et de la nature","author":"Fabienne TM","date":"11 novembre 2014","format":false,"excerpt":"\"Voil\u00e0 les Delton\u00a0\u00ab \u00a0: Premi\u00e8re exposition consacr\u00e9e au studio photographique Jean Delton, elle pr\u00e9sentera une\u00a0\u00a0centaine d\u2019oeuvres \u00e9voquant en images ce monde d\u00e9peint par Marcel Proust : princes des familles r\u00e9gnantes ou\u00a0d\u00e9tr\u00f4n\u00e9es (Napol\u00e9on III, Eug\u00e9nie, le prince Imp\u00e9rial, le duc de Chartres,\u00a0Edouard VII d\u2019Angleterre, le tsar Nicolas II, le roi de\u2026","rel":"","context":"Dans &quot;Non class\u00e9&quot;","block_context":{"text":"Non class\u00e9","link":"http:\/\/www.letourismeaparis.fr\/index.php\/category\/non-classe\/"},"img":{"alt_text":"","src":"","width":0,"height":0},"classes":[]}],"jetpack_sharing_enabled":true,"jetpack_likes_enabled":true,"_links":{"self":[{"href":"http:\/\/www.letourismeaparis.fr\/index.php\/wp-json\/wp\/v2\/posts\/25385","targetHints":{"allow":["GET"]}}],"collection":[{"href":"http:\/\/www.letourismeaparis.fr\/index.php\/wp-json\/wp\/v2\/posts"}],"about":[{"href":"http:\/\/www.letourismeaparis.fr\/index.php\/wp-json\/wp\/v2\/types\/post"}],"author":[{"embeddable":true,"href":"http:\/\/www.letourismeaparis.fr\/index.php\/wp-json\/wp\/v2\/users\/2"}],"replies":[{"embeddable":true,"href":"http:\/\/www.letourismeaparis.fr\/index.php\/wp-json\/wp\/v2\/comments?post=25385"}],"version-history":[{"count":1,"href":"http:\/\/www.letourismeaparis.fr\/index.php\/wp-json\/wp\/v2\/posts\/25385\/revisions"}],"predecessor-version":[{"id":25387,"href":"http:\/\/www.letourismeaparis.fr\/index.php\/wp-json\/wp\/v2\/posts\/25385\/revisions\/25387"}],"wp:featuredmedia":[{"embeddable":true,"href":"http:\/\/www.letourismeaparis.fr\/index.php\/wp-json\/wp\/v2\/media\/25386"}],"wp:attachment":[{"href":"http:\/\/www.letourismeaparis.fr\/index.php\/wp-json\/wp\/v2\/media?parent=25385"}],"wp:term":[{"taxonomy":"category","embeddable":true,"href":"http:\/\/www.letourismeaparis.fr\/index.php\/wp-json\/wp\/v2\/categories?post=25385"},{"taxonomy":"post_tag","embeddable":true,"href":"http:\/\/www.letourismeaparis.fr\/index.php\/wp-json\/wp\/v2\/tags?post=25385"}],"curies":[{"name":"wp","href":"https:\/\/api.w.org\/{rel}","templated":true}]}}