{"id":25405,"date":"2023-12-07T11:38:14","date_gmt":"2023-12-07T10:38:14","guid":{"rendered":"http:\/\/www.letourismeaparis.fr\/?p=25405"},"modified":"2023-12-07T11:40:45","modified_gmt":"2023-12-07T10:40:45","slug":"ateliers-culinaires-et-oenologiques-avec-les-chefs-du-cordon-bleu","status":"publish","type":"post","link":"http:\/\/www.letourismeaparis.fr\/index.php\/2023\/12\/07\/ateliers-culinaires-et-oenologiques-avec-les-chefs-du-cordon-bleu\/","title":{"rendered":"Ateliers Culinaires et \u0152nologiques avec les chefs du \u00ab\u00a0Cordon bleu\u00a0\u00bb"},"content":{"rendered":"\n<p>\u00e0 l&rsquo;H\u00f4tel de la Marine<\/p>\n\n\n\n<p>Que vous soyez un fin gourmet, que vous ayez envie de cuisiner de d\u00e9licieux plats maison pour vos convives, ou que vous souhaitiez simplement vous initier \u00e0 l&rsquo;art de cuisiner, un Chef Le Cordon Bleu partagera avec vous ses secrets culinaires.!<\/p>\n\n\n\n<p>Accueil au sein du  magnifique b\u00e2timent de l&rsquo;H\u00f4tel de la Marine, situ\u00e9 place de la Concorde.<\/p>\n\n\n\n<hr class=\"wp-block-separator has-alpha-channel-opacity\"\/>\n\n\n\n<p>Ateliers de cuisine, patisserie, oenologie&#8230;..<\/p>\n\n\n\n<p>D\u00e9monstrations de Cuisine <\/p>\n\n\n\n<p>Cuisine &#8211; Atelier Capitaine   Ateliers D\u00eenatoires Cuisine &#8211; Atelier Amiral<\/p>\n\n\n\n<p>Vous d\u00e9couvrirez que la cuisine est  un domaine en constante \u00e9volution, o\u00f9 chaque ingr\u00e9dient, chaque produit, chaque technique, et chaque geste ont leur importance dans l\u2019\u00e9laboration et la pr\u00e9paration des meilleures recettes<\/p>\n\n\n\n<p>Chaque atelier est con\u00e7u pour que vous puissiez mettre en application les recettes et techniques enseign\u00e9es par nos Chefs. Vous manipulerez les ingr\u00e9dients, manierez les ustensiles, et perfectionnerez vos comp\u00e9tences culinaires tout au long de l&rsquo;atelier dans un cadre \u00e0 la fois professionnel et convivial.<\/p>\n\n\n\n<p>Des master class &nbsp;cuisine invit\u00e9s. Cuisine cr\u00e9ole \u2026.<\/p>\n\n\n\n<p><a href=\"https:\/\/www.cordonbleu.edu\/paris-hoteldelamarine\/ateliers\/fr\">https:\/\/www.cordonbleu.edu\/paris-hoteldelamarine\/ateliers\/fr<\/a><\/p>\n","protected":false},"excerpt":{"rendered":"<p>\u00e0 l&rsquo;H\u00f4tel de la Marine Que vous soyez un fin gourmet, que vous ayez envie de cuisiner de d\u00e9licieux plats maison pour vos convives, ou que vous souhaitiez simplement vous initier \u00e0 l&rsquo;art de cuisiner, un Chef Le Cordon Bleu&#8230;<\/p>\n","protected":false},"author":2,"featured_media":25406,"comment_status":"open","ping_status":"open","sticky":false,"template":"","format":"standard","meta":{"ngg_post_thumbnail":0,"jetpack_post_was_ever_published":false,"_jetpack_newsletter_access":"","footnotes":""},"categories":[379,30,380],"tags":[],"class_list":["post-25405","post","type-post","status-publish","format-standard","has-post-thumbnail","hentry","category-cuisine","category-gastronomie","category-oenologie"],"jetpack_featured_media_url":"http:\/\/www.letourismeaparis.fr\/wp-content\/uploads\/2023\/12\/Capture-decran-2023-12-07-a-11.33.10.png","jetpack-related-posts":[{"id":26717,"url":"http:\/\/www.letourismeaparis.fr\/index.php\/2026\/02\/28\/le-salon-international-de-lagriculture-2\/","url_meta":{"origin":25405,"position":0},"title":"LE SALON INTERNATIONAL DE L&rsquo;AGRICULTURE","author":"Fabienne TM","date":"28 f\u00e9vrier 2026","format":false,"excerpt":"PORTE DE VERSAILES PARIS 75015 JUSQU'AU 1ER MARS Vous y d\u00e9couvrirez d'excellents produits, une belle animation... Pr\u00e9sentation cheval de course\/sport D\u00e9gustation anim\u00e9e des produits de nos r\u00e9gions A LA RENCONTRE DES VINS DU SUD OUEST ! Atelier sensoriel pour les mini-explorateurs D\u00e9gustation anim\u00e9e des produits de nos r\u00e9gions D\u00e9monstrations culinaires\u2026","rel":"","context":"Dans &quot;Actualit\u00e9s&quot;","block_context":{"text":"Actualit\u00e9s","link":"http:\/\/www.letourismeaparis.fr\/index.php\/category\/actualite\/"},"img":{"alt_text":"","src":"https:\/\/i0.wp.com\/www.letourismeaparis.fr\/wp-content\/uploads\/2026\/02\/Capture-decran-2026-02-28-a-14.44.36.png?resize=350%2C200","width":350,"height":200,"srcset":"https:\/\/i0.wp.com\/www.letourismeaparis.fr\/wp-content\/uploads\/2026\/02\/Capture-decran-2026-02-28-a-14.44.36.png?resize=350%2C200 1x, https:\/\/i0.wp.com\/www.letourismeaparis.fr\/wp-content\/uploads\/2026\/02\/Capture-decran-2026-02-28-a-14.44.36.png?resize=525%2C300 1.5x"},"classes":[]},{"id":5128,"url":"http:\/\/www.letourismeaparis.fr\/index.php\/2009\/11\/12\/salon-papilles-en-fete-du-13-au-16-novembre-a-la-villette\/","url_meta":{"origin":25405,"position":1},"title":"Salon Papilles en f\u00eate du 13 au 16 novembre \u00e0 La Villette","author":"Fabienne TM","date":"12 novembre 2009","format":false,"excerpt":"Le salon \u00ab Papilles en f\u00eate \u00bb est enti\u00e8rement d\u00e9di\u00e9e \u00e0 la gastronomie fran\u00e7aise. Cette manifestation r\u00e9unit plus de 200 exposants et acteurs du monde de la cuisine pour pr\u00e9senter une s\u00e9lection de produits authentiques et raffin\u00e9s. Papilles en f\u00eate : c\u2019est la promotion des producteurs, \u00e9leveurs, viticulteurs et professionnels\u2026","rel":"","context":"Dans &quot;Non class\u00e9&quot;","block_context":{"text":"Non class\u00e9","link":"http:\/\/www.letourismeaparis.fr\/index.php\/category\/non-classe\/"},"img":{"alt_text":"","src":"","width":0,"height":0},"classes":[]},{"id":4514,"url":"http:\/\/www.letourismeaparis.fr\/index.php\/2009\/10\/15\/foire-dautomne-jusquau-18-octobre-porte-de-versailles\/","url_meta":{"origin":25405,"position":2},"title":"Foire d&#039;Automne ,jusqu&#039;au 18 octobre Porte de Versailles","author":"Fabienne TM","date":"15 octobre 2009","format":false,"excerpt":"Vous trouverez 4 sections : Maison,am\u00e9nagement en ext\u00e9rieur,caves & saveurs,temps libre. De nombreux ateliers vous y seront propos\u00e9es : - Librairie des c\u00e9l\u00e9brit\u00e9s - \u0152nologie - D\u00e9couverte du Web - Diagnostic' Maison - Design - D\u00e9coration Florale - D\u00e9coration - Envie de Cuisine - Sushi Bar - Zen Attitude -\u2026","rel":"","context":"Dans &quot;Non class\u00e9&quot;","block_context":{"text":"Non class\u00e9","link":"http:\/\/www.letourismeaparis.fr\/index.php\/category\/non-classe\/"},"img":{"alt_text":"","src":"","width":0,"height":0},"classes":[]},{"id":15198,"url":"http:\/\/www.letourismeaparis.fr\/index.php\/2014\/05\/13\/une-semaine-dateliers-culinaires-gratuits-et-de-degustation-chez-petitjean\/","url_meta":{"origin":25405,"position":3},"title":"Une semaine d\u2019ateliers culinaires  gratuits et de d\u00e9gustation \u00ab Chez Petitjean du 13 au 18 mai","author":"Fabienne TM","date":"13 mai 2014","format":false,"excerpt":"Petitjean a concoct\u00e9 un programme d\u2019ateliers et de d\u00e9gustations qui devrait surprendre les papilles. Un programme particuli\u00e8rement all\u00e9chant Pendant une semaine, dans un cadre convivial et chaleureux, Petitjean proposera des ateliers de cuisine, des shows culinaires et des d\u00e9gustations pour apprendre - ou red\u00e9couvrir \u2013 comment s\u2019approprier quenelles et garnitures\u2026","rel":"","context":"Dans &quot;Gastronomie&quot;","block_context":{"text":"Gastronomie","link":"http:\/\/www.letourismeaparis.fr\/index.php\/category\/gastronomie\/"},"img":{"alt_text":"","src":"","width":0,"height":0},"classes":[]},{"id":16421,"url":"http:\/\/www.letourismeaparis.fr\/index.php\/2015\/04\/10\/des-ateliers-de-cuisine-a-l-atel-ier-des-arts-cul-inaires\/","url_meta":{"origin":25405,"position":4},"title":"Des ateliers de cuisine \u00e0 l&#039;atelier des arts culinaires !","author":"Fabienne TM","date":"10 avril 2015","format":false,"excerpt":"Dans la continuit\u00e9 du succ\u00e8s rencontr\u00e9 par ses animations de la\u00a0Chandeleur, l\u2019ATELIER DES ARTS CULINAIRES, situ\u00e9 au coeur du Viaduc des Arts \u00e0 Paris, organise une s\u00e9rie de nouveaux ateliers gratuits. Autour de\u00a0trois th\u00e8mes f\u00e9d\u00e9rateurs pour la saison, le chocolat \u00e0 P\u00e2ques, la cuisson vapeur et les produits estivaux, ces\u2026","rel":"","context":"Dans &quot;Gastronomie&quot;","block_context":{"text":"Gastronomie","link":"http:\/\/www.letourismeaparis.fr\/index.php\/category\/gastronomie\/"},"img":{"alt_text":"","src":"","width":0,"height":0},"classes":[]},{"id":19092,"url":"http:\/\/www.letourismeaparis.fr\/index.php\/2016\/11\/29\/a-table-en-2030-festival-de-lalimentation-week-end-exceptionnel-cite-des-sciences-et-de-lindustrie-les-3-et-4-decembre-2016\/","url_meta":{"origin":25405,"position":5},"title":"A table en 2030 &#8211; Festival de l\u2019alimentation \u2013 Week end exceptionnel  Cit\u00e9 des sciences et de l\u2019industrie  Les 3 et 4 d\u00e9cembre 2016","author":"Fabienne TM","date":"29 novembre 2016","format":false,"excerpt":"\u00a0 Premi\u00e8re \u00e9dition de ce rendez-vous consacr\u00e9 \u00e0 l\u2019alimentation, A table en 2030 se penche sur les d\u00e9fis de la demande alimentaire et de la gastronomie horizon 2030. Quelle sera la composition des assiettes des pays occidentaux ? Quelles sont les tendances \u00e9mergentes de consommation ? \u00a0 Petite mise en\u2026","rel":"","context":"Dans &quot;Familles&quot;","block_context":{"text":"Familles","link":"http:\/\/www.letourismeaparis.fr\/index.php\/category\/familles\/"},"img":{"alt_text":"","src":"https:\/\/i0.wp.com\/www.letourismeaparis.fr\/wp-content\/uploads\/2016\/11\/unnamed2-212x300.jpg?resize=350%2C200","width":350,"height":200},"classes":[]}],"jetpack_sharing_enabled":true,"jetpack_likes_enabled":true,"_links":{"self":[{"href":"http:\/\/www.letourismeaparis.fr\/index.php\/wp-json\/wp\/v2\/posts\/25405","targetHints":{"allow":["GET"]}}],"collection":[{"href":"http:\/\/www.letourismeaparis.fr\/index.php\/wp-json\/wp\/v2\/posts"}],"about":[{"href":"http:\/\/www.letourismeaparis.fr\/index.php\/wp-json\/wp\/v2\/types\/post"}],"author":[{"embeddable":true,"href":"http:\/\/www.letourismeaparis.fr\/index.php\/wp-json\/wp\/v2\/users\/2"}],"replies":[{"embeddable":true,"href":"http:\/\/www.letourismeaparis.fr\/index.php\/wp-json\/wp\/v2\/comments?post=25405"}],"version-history":[{"count":2,"href":"http:\/\/www.letourismeaparis.fr\/index.php\/wp-json\/wp\/v2\/posts\/25405\/revisions"}],"predecessor-version":[{"id":25409,"href":"http:\/\/www.letourismeaparis.fr\/index.php\/wp-json\/wp\/v2\/posts\/25405\/revisions\/25409"}],"wp:featuredmedia":[{"embeddable":true,"href":"http:\/\/www.letourismeaparis.fr\/index.php\/wp-json\/wp\/v2\/media\/25406"}],"wp:attachment":[{"href":"http:\/\/www.letourismeaparis.fr\/index.php\/wp-json\/wp\/v2\/media?parent=25405"}],"wp:term":[{"taxonomy":"category","embeddable":true,"href":"http:\/\/www.letourismeaparis.fr\/index.php\/wp-json\/wp\/v2\/categories?post=25405"},{"taxonomy":"post_tag","embeddable":true,"href":"http:\/\/www.letourismeaparis.fr\/index.php\/wp-json\/wp\/v2\/tags?post=25405"}],"curies":[{"name":"wp","href":"https:\/\/api.w.org\/{rel}","templated":true}]}}