{"id":25411,"date":"2023-12-08T19:10:14","date_gmt":"2023-12-08T18:10:14","guid":{"rendered":"http:\/\/www.letourismeaparis.fr\/?p=25411"},"modified":"2023-12-08T19:10:17","modified_gmt":"2023-12-08T18:10:17","slug":"vivarta-au-quai-branly-les-9-et-10-decembre-danses-et-costumes-eblouissants","status":"publish","type":"post","link":"http:\/\/www.letourismeaparis.fr\/index.php\/2023\/12\/08\/vivarta-au-quai-branly-les-9-et-10-decembre-danses-et-costumes-eblouissants\/","title":{"rendered":"VIVARTA au quai Branly  les 9 et 10 d\u00e9cembre : danses et costumes \u00e9blouissants"},"content":{"rendered":"\n<p><\/p>\n\n\n\n<p>DANSE KATHAK<\/p>\n\n\n\n<p>Kadamb Centre for Dance(Ahmedabad)Kumudini Lakhya, fondatrice du Kadamb<\/p>\n\n\n\n<p>Centre for Dance d\u2019Ahmedabad, est une despremi\u00e8res danseuses de kathak \u00e0 pousser<\/p>\n\n\n\n<p>les formes de son art au-del\u00e0 des limites habituelles. <\/p>\n\n\n\n<hr class=\"wp-block-separator has-alpha-channel-opacity\"\/>\n\n\n\n<p>En s\u2019appuyant sur les qualit\u00e9s<\/p>\n\n\n\n<p>rythmiques et percussives du kathak, elle choisit de mener un chemin de cr\u00e9ation<\/p>\n\n\n\n<p>en \u00e9mancipant la danse des th\u00e8mes mythologiques traditionnels.<\/p>\n\n\n\n<p>Le spectacle Vivarta, qui r\u00e9unit sur sc\u00e8ne dix danseuses et danseurs, est un hommage<\/p>\n\n\n\n<p>\u00e0 cette danse classique du nord de l\u2019Inde. \u00c0 travers une dizaine de chor\u00e9graphies<\/p>\n\n\n\n<p>sublim\u00e9es par des costumes \u00e9blouissants, la compagnie Kadamb propose un voyage<\/p>\n\n\n\n<p>virtuose et r\u00e9jouissant.<\/p>\n\n\n\n<p>Dur\u00e9e : 1h15<\/p>\n\n\n\n<p>\/ Samedi 9 d\u00e9cembre 2023, 15h et 18h30<\/p>\n\n\n\n<p>\/ Dimanche 10 d\u00e9cembre 2023, 17hLe 27 d\u00e9c. 2023<\/p>\n\n\n\n<p>37, quai Branly Paris 75007<\/p>\n\n\n\n<p><\/p>\n","protected":false},"excerpt":{"rendered":"<p>DANSE KATHAK Kadamb Centre for Dance(Ahmedabad)Kumudini Lakhya, fondatrice du Kadamb Centre for Dance d\u2019Ahmedabad, est une despremi\u00e8res danseuses de kathak \u00e0 pousser les formes de son art au-del\u00e0 des limites habituelles. En s\u2019appuyant sur les qualit\u00e9s rythmiques et percussives du&#8230;<\/p>\n","protected":false},"author":2,"featured_media":25413,"comment_status":"open","ping_status":"open","sticky":false,"template":"","format":"standard","meta":{"ngg_post_thumbnail":0,"jetpack_post_was_ever_published":false,"_jetpack_newsletter_access":"","footnotes":""},"categories":[21,47],"tags":[],"class_list":["post-25411","post","type-post","status-publish","format-standard","has-post-thumbnail","hentry","category-danse","category-spectacle"],"jetpack_featured_media_url":"http:\/\/www.letourismeaparis.fr\/wp-content\/uploads\/2023\/12\/Capture-decran-2023-12-08-a-19.01.31.png","jetpack-related-posts":[{"id":7038,"url":"http:\/\/www.letourismeaparis.fr\/index.php\/2010\/03\/25\/le-kathak-des-maharaj-vendredi-26-et-samedi-27-mars-au-musee-guimet\/","url_meta":{"origin":25411,"position":0},"title":"Le kathak des Maharaj Vendredi 26 et samedi 27 mars au mus\u00e9e Guimet","author":"Fabienne TM","date":"25 mars 2010","format":false,"excerpt":"Le kathak s\u00e9duit et surprend le spectateur par les associations\u00a0 qu'il fait surgir : le flamenco, les danses soufies, le Moyen-Orient que\u00a0 semblent pimenter cette grande tradition chor\u00e9graphique . Le kathak associe les contrastes : retenue dans la d\u00e9votion, exhibition dans la virtuosit\u00e9, et sait faire jouer les nuances de\u2026","rel":"","context":"Dans &quot;Non class\u00e9&quot;","block_context":{"text":"Non class\u00e9","link":"http:\/\/www.letourismeaparis.fr\/index.php\/category\/non-classe\/"},"img":{"alt_text":"","src":"","width":0,"height":0},"classes":[]},{"id":10236,"url":"http:\/\/www.letourismeaparis.fr\/index.php\/2011\/05\/22\/vendredi-27-et-samedi-28-mai-2011-a-20h30-soiree-a-la-cour-de-wajid-ali-shah-au-musee-guimet\/","url_meta":{"origin":25411,"position":1},"title":"Vendredi 27 et samedi 28 mai 2011 \u00e0 20h30 : soir\u00e9e \u00e0 la cour de Wajid Ali Shah au mus\u00e9e Guimet","author":"Fabienne TM","date":"22 mai 2011","format":false,"excerpt":"La toute jeune troupe indienne de Kal\u00e9idans\u2019Scop est compos\u00e9e de brillants danseurs \u00e0 l\u2019aube de leur carri\u00e8re. Des chor\u00e9graphies sp\u00e9cialement con\u00e7ues et inspir\u00e9es de th\u00e8mes chers au Sultan feront se c\u00f4toyer Krishna et po\u00e8tes du monde moghol. Compos\u00e9 de solos majestueux, de duos complices, de jeux dans\u00e9s amoureux, de comp\u00e9titions\u2026","rel":"","context":"Dans &quot;Non class\u00e9&quot;","block_context":{"text":"Non class\u00e9","link":"http:\/\/www.letourismeaparis.fr\/index.php\/category\/non-classe\/"},"img":{"alt_text":"","src":"","width":0,"height":0},"classes":[]},{"id":309,"url":"http:\/\/www.letourismeaparis.fr\/index.php\/2008\/09\/04\/spectacle-de-danse-au-musee-guimet-les-12-et-130908\/","url_meta":{"origin":25411,"position":2},"title":"Spectacle de danse au mus\u00e9e Guimet   les 12 et 13\/09\/08","author":"Fabienne TM","date":"4 septembre 2008","format":false,"excerpt":"Vendredi 12 et samedi 13 septembre \u00e0 20h30 Mythili Prakash Danse bharatanatyam (Inde du sud) accompagn\u00e9e par Viji Prakash (nattuvangam), Debur Srivathsa et Aditya Prakash (chant), Mahesh Swamy (fl\u00fbte), V. Vedakrishnan (mridangam) Symbole artistique du renouveau des danses classiques de l\u2019Inde, la jeune danseuse et chor\u00e9graphe de bharatanatyam Mythili Prakash\u2026","rel":"","context":"Dans &quot;Non class\u00e9&quot;","block_context":{"text":"Non class\u00e9","link":"http:\/\/www.letourismeaparis.fr\/index.php\/category\/non-classe\/"},"img":{"alt_text":"","src":"","width":0,"height":0},"classes":[]},{"id":20841,"url":"http:\/\/www.letourismeaparis.fr\/index.php\/2018\/03\/02\/lets-dance-la-grande-halle-de-la-villette\/","url_meta":{"origin":25411,"position":3},"title":"Let&#039;s dance \u00e0 la Grande Halle de la Villette","author":"Fabienne TM","date":"2 mars 2018","format":false,"excerpt":"C\u2019est sous la Grande halle que se tiendra la deuxi\u00e8me \u00e9dition du salon de la danse, Let\u2019s DANCE \u00ae. Paris\u00a0 vibrera au rythme des tous les styles de danse. Sans oublier le Grand Prix de Paris Let\u2019s DANCE \u00ae ! Octavie Escure dans une volont\u00e9 de d\u00e9mocratiser la danse classique,\u2026","rel":"","context":"Dans &quot;Danse&quot;","block_context":{"text":"Danse","link":"http:\/\/www.letourismeaparis.fr\/index.php\/category\/spectacle\/danse\/"},"img":{"alt_text":"","src":"","width":0,"height":0},"classes":[]},{"id":216,"url":"http:\/\/www.letourismeaparis.fr\/index.php\/2008\/07\/26\/danse-au-jardin-des-tuileries-lundi-28-juillet-2008\/","url_meta":{"origin":25411,"position":4},"title":"Danse au jardin des Tuileries    lundi 28 juillet 2008","author":"Fabienne TM","date":"26 juillet 2008","format":false,"excerpt":"lundi 28 juillet 2008 de 13h \u00e0 15h et de 19h \u00e0 21h Early Works par Trisha Brown Dance Company Danse au jardin des Tuileries La danse contemporaine, d\u00e9j\u00e0 \u00e0 l'honneur au Louvre, avec les performances de Bill T. Jones, de Jan Fabre et les spectacles de J. Montalvo \u2013\u2026","rel":"","context":"Dans &quot;Non class\u00e9&quot;","block_context":{"text":"Non class\u00e9","link":"http:\/\/www.letourismeaparis.fr\/index.php\/category\/non-classe\/"},"img":{"alt_text":"","src":"","width":0,"height":0},"classes":[]},{"id":15795,"url":"http:\/\/www.letourismeaparis.fr\/index.php\/2014\/10\/08\/pole-dance-la-cigale-le-24-octobre\/","url_meta":{"origin":25411,"position":5},"title":"Pole Dance ,\u00e0&quot; la Cigale&quot;, le 24 octobre","author":"Fabienne TM","date":"8 octobre 2014","format":false,"excerpt":"\u00a0 La Pole Dance est une discipline gymnique : un m\u00e9lange de danse et d\u2019acrobatie sur et autour d\u2019une\u00a0barre m\u00e9tallique verticale,c\u2019est une activit\u00e9 extr\u00eamement physique, qui exige\u00a0une force et une souplesse son caract\u00e8re a\u00e9rien la rend tr\u00e8s spectaculaire ;\u00a0des \u00e9coles et des comp\u00e9titions voient le jour un peu\u00a0partout dans le\u2026","rel":"","context":"Dans &quot;Danse&quot;","block_context":{"text":"Danse","link":"http:\/\/www.letourismeaparis.fr\/index.php\/category\/spectacle\/danse\/"},"img":{"alt_text":"","src":"https:\/\/i0.wp.com\/www.letourismeaparis.fr\/wp-content\/uploads\/2014\/10\/pole-dance-paris-200x300.jpg?resize=350%2C200","width":350,"height":200},"classes":[]}],"jetpack_sharing_enabled":true,"jetpack_likes_enabled":true,"_links":{"self":[{"href":"http:\/\/www.letourismeaparis.fr\/index.php\/wp-json\/wp\/v2\/posts\/25411","targetHints":{"allow":["GET"]}}],"collection":[{"href":"http:\/\/www.letourismeaparis.fr\/index.php\/wp-json\/wp\/v2\/posts"}],"about":[{"href":"http:\/\/www.letourismeaparis.fr\/index.php\/wp-json\/wp\/v2\/types\/post"}],"author":[{"embeddable":true,"href":"http:\/\/www.letourismeaparis.fr\/index.php\/wp-json\/wp\/v2\/users\/2"}],"replies":[{"embeddable":true,"href":"http:\/\/www.letourismeaparis.fr\/index.php\/wp-json\/wp\/v2\/comments?post=25411"}],"version-history":[{"count":2,"href":"http:\/\/www.letourismeaparis.fr\/index.php\/wp-json\/wp\/v2\/posts\/25411\/revisions"}],"predecessor-version":[{"id":25414,"href":"http:\/\/www.letourismeaparis.fr\/index.php\/wp-json\/wp\/v2\/posts\/25411\/revisions\/25414"}],"wp:featuredmedia":[{"embeddable":true,"href":"http:\/\/www.letourismeaparis.fr\/index.php\/wp-json\/wp\/v2\/media\/25413"}],"wp:attachment":[{"href":"http:\/\/www.letourismeaparis.fr\/index.php\/wp-json\/wp\/v2\/media?parent=25411"}],"wp:term":[{"taxonomy":"category","embeddable":true,"href":"http:\/\/www.letourismeaparis.fr\/index.php\/wp-json\/wp\/v2\/categories?post=25411"},{"taxonomy":"post_tag","embeddable":true,"href":"http:\/\/www.letourismeaparis.fr\/index.php\/wp-json\/wp\/v2\/tags?post=25411"}],"curies":[{"name":"wp","href":"https:\/\/api.w.org\/{rel}","templated":true}]}}