{"id":25421,"date":"2023-12-13T11:38:14","date_gmt":"2023-12-13T10:38:14","guid":{"rendered":"http:\/\/www.letourismeaparis.fr\/?p=25421"},"modified":"2023-12-13T11:39:12","modified_gmt":"2023-12-13T10:39:12","slug":"le-paris-de-la-modernite-au-petit-palais","status":"publish","type":"post","link":"http:\/\/www.letourismeaparis.fr\/index.php\/2023\/12\/13\/le-paris-de-la-modernite-au-petit-palais\/","title":{"rendered":"\u00ab\u00a0Le Paris de la Modernit\u00e9\u00a0\u00bb au Petit Palais"},"content":{"rendered":"\n<p>L\u00e9ger,Picasso,Foujita,Lempicka,Severini,Gleize,Chagall, Delaunay,<\/p>\n\n\n\n<p>Cartier ,Duchamp,Laurencin, Valloton, Man Ray, Modigliani, Van Dongen, Pompon<\/p>\n\n\n\n<p>Vous attendent au Petit Palais \u2026<\/p>\n\n\n\n<p>Voiture, Avion, Montre sont \u00e9galement pr\u00e9sents ainsi que des films tr\u00e8s humoristiques sur les contemporains face \u00e0 l\u2019art de l\u2019\u00e9poque\u2026.<\/p>\n\n\n\n<hr class=\"wp-block-separator has-alpha-channel-opacity\"\/>\n\n\n\n<p>&nbsp;\u00ab&nbsp;De 1905 \u00e0 1925, Paris, la \u00ab ville-monde \u00bb, est au coeur de l\u2019innovation et le foyer d\u2019un rayonnement culturel sans pareil. \u00ab Le Paris de la modernit\u00e9 \u00bb invite \u00e0 se plonger dans cette capitale cosmopolite et foisonnante, o\u00f9 se croisent des artistes venus du monde entier et de tous horizons, de Pablo Picasso \u00e0 Sonia Delaunay, de Marie Vassilieff \u00e0 Paul Poiret, de Fernand L\u00e9ger \u00e0 Jos\u00e9phine Baker. <\/p>\n\n\n\n<p>Associant la mode, le cin\u00e9ma, la photographie, la peinture, la sculpture, le dessin, mais aussi la danse, la musique, la litt\u00e9rature, le design, les arts d\u00e9coratifs, l\u2019architecture et l\u2019industrie, cet ouvrage c\u00e9l\u00e8bre la fabuleuse \u00e9bullition cr\u00e9atrice de ces ann\u00e9es, sans \u00e9carter la p\u00e9riode douloureuse de la Grande Guerre.&nbsp;\u00bb<\/p>\n\n\n\n<p>Du mardi au dimanche de 10h \u00e0 18h. La derni\u00e8re entr\u00e9e est \u00e0 16h pour l&rsquo;exposition Le Paris de la modernit\u00e9. 1905-1925,<\/p>\n\n\n\n<p>Avenue Winston Churchill Paris 75008<\/p>\n\n\n\n<p>Robert Delaunay, Paris \u2013 Die Frau und der Turm (Ville de Paris \u2013 La femme et la tour),<\/p>\n\n\n\n<p>1925, (D\u00e9tail). Huile sur toile, 52,5 x 207,5 cm. Staatsgalerie Stuttgart.<\/p>\n\n\n\n<p>Photo \u00a9 BPK, Berlin, Dist. RMN-Grand Palais \/image Staatsgalerie Stuttgart<\/p>\n","protected":false},"excerpt":{"rendered":"<p>L\u00e9ger,Picasso,Foujita,Lempicka,Severini,Gleize,Chagall, Delaunay, Cartier ,Duchamp,Laurencin, Valloton, Man Ray, Modigliani, Van Dongen, Pompon Vous attendent au Petit Palais \u2026 Voiture, Avion, Montre sont \u00e9galement pr\u00e9sents ainsi que des films tr\u00e8s humoristiques sur les contemporains face \u00e0 l\u2019art de l\u2019\u00e9poque\u2026. &nbsp;\u00ab&nbsp;De 1905 \u00e0&#8230;<\/p>\n","protected":false},"author":2,"featured_media":25422,"comment_status":"open","ping_status":"open","sticky":false,"template":"","format":"standard","meta":{"ngg_post_thumbnail":0,"jetpack_post_was_ever_published":false,"_jetpack_newsletter_access":"","footnotes":""},"categories":[9,27],"tags":[],"class_list":["post-25421","post","type-post","status-publish","format-standard","has-post-thumbnail","hentry","category-beaux-arts","category-musees-expositions"],"jetpack_featured_media_url":"http:\/\/www.letourismeaparis.fr\/wp-content\/uploads\/2023\/12\/couv_paris_de_la_modernite_0.jpeg","jetpack-related-posts":[{"id":26060,"url":"http:\/\/www.letourismeaparis.fr\/index.php\/2025\/02\/14\/picasso-et-le-douanier-rousseau-a-latelier-des-lumieres\/","url_meta":{"origin":25421,"position":0},"title":"Picasso et Le Douanier Rousseau \u00e0\u00a0\u00bb l&rsquo;atelier des lumi\u00e8res\u00a0\u00bb","author":"Fabienne TM","date":"14 f\u00e9vrier 2025","format":false,"excerpt":"Picasso l'Art en mouvement Peintre de g\u00e9nie, sculpteur, graveur, c\u00e9ramiste ou encore d\u00e9corateur de th\u00e9\u00e2tre, ses nombreux proc\u00e9d\u00e9s cr\u00e9atifs et son insatiable soif de cr\u00e9er, tissent un parcours qui r\u00e9unit images d\u2019\u0153uvres, photos et vid\u00e9os, pour exp\u00e9rimenter l\u2019\u00e9nergie d\u00e9bordante d\u2019un artiste qui n\u2019a cess\u00e9 de r\u00e9inventer son art. Cette r\u00e9trospective\u2026","rel":"","context":"Dans &quot;Culture&quot;","block_context":{"text":"Culture","link":"http:\/\/www.letourismeaparis.fr\/index.php\/category\/culture\/"},"img":{"alt_text":"","src":"https:\/\/i0.wp.com\/www.letourismeaparis.fr\/wp-content\/uploads\/2025\/02\/Capture-decran-2025-02-14-a-11.47.33.png?resize=350%2C200","width":350,"height":200},"classes":[]},{"id":26448,"url":"http:\/\/www.letourismeaparis.fr\/index.php\/2025\/10\/03\/1925-2025-cent-ans-dart-deco-au-musee-des-arts-decoratifs\/","url_meta":{"origin":25421,"position":1},"title":"1925-2025. Cent ans d\u2019Art d\u00e9co au mus\u00e9e des arts d\u00e9coratifs : Exceptionnel !","author":"Fabienne TM","date":"3 octobre 2025","format":false,"excerpt":"jusqu' au 26 avril 2026 Mobilier sculptural, bijoux pr\u00e9cieux(Boucheron, Cartier...) objets d\u2019art, dessins, affiches et pi\u00e8ces de mode : pr\u00e8s de 1 000 \u0153uvres raconteront la richesse, l\u2019\u00e9l\u00e9gance et les contradictions d\u2019un style qui continue de fasciner. Un style audacieux, raffin\u00e9 et r\u00e9solument moderne.Sc\u00e9nographie immersive, mat\u00e9riaux somptueux, formes stylis\u00e9es et\u2026","rel":"","context":"Dans &quot;Art-Contemporain&quot;","block_context":{"text":"Art-Contemporain","link":"http:\/\/www.letourismeaparis.fr\/index.php\/category\/culture\/musees-expositions\/art-contemporain\/"},"img":{"alt_text":"","src":"https:\/\/i0.wp.com\/www.letourismeaparis.fr\/wp-content\/uploads\/2025\/10\/Capture-decran-2025-10-03-a-14.32.22.png?resize=350%2C200","width":350,"height":200},"classes":[]},{"id":16034,"url":"http:\/\/www.letourismeaparis.fr\/index.php\/2014\/12\/12\/hommage-charles-delaunay-concert-de-jazz-gratuit-samedi-13-decembre\/","url_meta":{"origin":25421,"position":2},"title":"Hommage \u00e0 Charles Delaunay : concert de jazz gratuit samedi 13 d\u00e9cembre","author":"Fabienne TM","date":"12 d\u00e9cembre 2014","format":false,"excerpt":"Hommage \u00e0 charles Delaunay le jeudi 11 d\u00e9cembre \u00e0 19h30, concert gratuit au mus\u00e9e d\u2019art moderne Duke ellington, Django Reinhardt 11 Avenue du Pr\u00e9sident Wilson \u202875116 PARIS","rel":"","context":"Dans &quot;Non class\u00e9&quot;","block_context":{"text":"Non class\u00e9","link":"http:\/\/www.letourismeaparis.fr\/index.php\/category\/non-classe\/"},"img":{"alt_text":"","src":"","width":0,"height":0},"classes":[]},{"id":8576,"url":"http:\/\/www.letourismeaparis.fr\/index.php\/2010\/09\/17\/hors-les-murs-du-musee-galliera-au-musee-dart-moderne-de-la-ville-de-paris-sonia-delaunay-1885-1979-et-natalia-gontcharova-1881-1962\/","url_meta":{"origin":25421,"position":3},"title":"Hors les murs du Mus\u00e9e Galliera au Mus\u00e9e d\u2019Art moderne de la Ville de Paris Sonia Delaunay (1885-1979) et Natalia Gontcharova (1881-1962)","author":"Fabienne TM","date":"17 septembre 2010","format":false,"excerpt":"On notera la parent\u00e9 d\u2019inspiration entre la cr\u00e9ation picturale et textile de Sonia Delaunay (1885-1979) et Natalia Gontcharova (1881-1962), deux artistes d\u2019origine russe install\u00e9es \u00e0 Paris. Cette pr\u00e9sentation est organis\u00e9e dans le cadre de l\u2019Ann\u00e9e France Russie 2010. A partir du 8 octobre. Natalia Gontcharova pour salon Myrbor .Satin de\u2026","rel":"","context":"Dans &quot;Non class\u00e9&quot;","block_context":{"text":"Non class\u00e9","link":"http:\/\/www.letourismeaparis.fr\/index.php\/category\/non-classe\/"},"img":{"alt_text":"","src":"http:\/\/www.letourismeaparis.fr\/wp-content\/uploads\/2010\/09\/galliera1.bmp","width":350,"height":200},"classes":[]},{"id":24633,"url":"http:\/\/www.letourismeaparis.fr\/index.php\/2022\/03\/01\/pionnieres\/","url_meta":{"origin":25421,"position":4},"title":"Pionni\u00e8res, Artistes dans les ann\u00e9e folles","author":"Fabienne TM","date":"1 mars 2022","format":false,"excerpt":"du 2 mars au 10 juillet 2022 MUS\u00c9E DU LUXEMBOURG Cette exposition propose de mettre en avant le r\u00f4le primordial des femmes dans le d\u00e9veloppement des grands mouvements artistiques de la modernit\u00e9. \u00a0Ces pionni\u00e8res, comme Tamara de Lempicka, Sonia Delaunay, Tarsila do Amaral ou encore Chana Orloff, n\u00e9es \u00e0 la\u2026","rel":"","context":"Dans &quot;Culture&quot;","block_context":{"text":"Culture","link":"http:\/\/www.letourismeaparis.fr\/index.php\/category\/culture\/"},"img":{"alt_text":"","src":"https:\/\/i0.wp.com\/www.letourismeaparis.fr\/wp-content\/uploads\/2022\/03\/20220228_165008.jpeg?resize=350%2C200","width":350,"height":200},"classes":[]},{"id":20179,"url":"http:\/\/www.letourismeaparis.fr\/index.php\/2017\/09\/24\/qulelques-grandes-expositions-20172018\/","url_meta":{"origin":25421,"position":5},"title":"Qulelques grandes expositions 2017\/2018","author":"Fabienne TM","date":"24 septembre 2017","format":false,"excerpt":"\u00a0 Exposition David Hockney Centre Pompidou \u00a0 Christian Dior Mus\u00e9e des Arts d\u00e9coratifs 107, Rue de Rivoli Paris 75001 \u00a0 Exposition Rubens, portraits princiers mus\u00e9e du Luxembourg 19,rue de Vaugirard Paris 75006 \u00a0 Monet Collectionneur Mus\u00e9e Marmottan 2, rue Louis Boilly Paris 75016 \u00a0 Gauguin Grand Palais Square Jean Pellerin\u2026","rel":"","context":"Dans &quot;Mus\u00e9es \/ Expositions&quot;","block_context":{"text":"Mus\u00e9es \/ Expositions","link":"http:\/\/www.letourismeaparis.fr\/index.php\/category\/culture\/musees-expositions\/"},"img":{"alt_text":"","src":"","width":0,"height":0},"classes":[]}],"jetpack_sharing_enabled":true,"jetpack_likes_enabled":true,"_links":{"self":[{"href":"http:\/\/www.letourismeaparis.fr\/index.php\/wp-json\/wp\/v2\/posts\/25421","targetHints":{"allow":["GET"]}}],"collection":[{"href":"http:\/\/www.letourismeaparis.fr\/index.php\/wp-json\/wp\/v2\/posts"}],"about":[{"href":"http:\/\/www.letourismeaparis.fr\/index.php\/wp-json\/wp\/v2\/types\/post"}],"author":[{"embeddable":true,"href":"http:\/\/www.letourismeaparis.fr\/index.php\/wp-json\/wp\/v2\/users\/2"}],"replies":[{"embeddable":true,"href":"http:\/\/www.letourismeaparis.fr\/index.php\/wp-json\/wp\/v2\/comments?post=25421"}],"version-history":[{"count":2,"href":"http:\/\/www.letourismeaparis.fr\/index.php\/wp-json\/wp\/v2\/posts\/25421\/revisions"}],"predecessor-version":[{"id":25424,"href":"http:\/\/www.letourismeaparis.fr\/index.php\/wp-json\/wp\/v2\/posts\/25421\/revisions\/25424"}],"wp:featuredmedia":[{"embeddable":true,"href":"http:\/\/www.letourismeaparis.fr\/index.php\/wp-json\/wp\/v2\/media\/25422"}],"wp:attachment":[{"href":"http:\/\/www.letourismeaparis.fr\/index.php\/wp-json\/wp\/v2\/media?parent=25421"}],"wp:term":[{"taxonomy":"category","embeddable":true,"href":"http:\/\/www.letourismeaparis.fr\/index.php\/wp-json\/wp\/v2\/categories?post=25421"},{"taxonomy":"post_tag","embeddable":true,"href":"http:\/\/www.letourismeaparis.fr\/index.php\/wp-json\/wp\/v2\/tags?post=25421"}],"curies":[{"name":"wp","href":"https:\/\/api.w.org\/{rel}","templated":true}]}}