{"id":25426,"date":"2024-01-03T15:58:39","date_gmt":"2024-01-03T14:58:39","guid":{"rendered":"http:\/\/www.letourismeaparis.fr\/?p=25426"},"modified":"2024-01-03T15:58:43","modified_gmt":"2024-01-03T14:58:43","slug":"bel-canto-au-tce-lundi-8-janvier-a-20h","status":"publish","type":"post","link":"http:\/\/www.letourismeaparis.fr\/index.php\/2024\/01\/03\/bel-canto-au-tce-lundi-8-janvier-a-20h\/","title":{"rendered":"Bel canto au TCE lundi 8 janvier \u00e0 20h"},"content":{"rendered":"\n<p>Un plateau de r\u00eave avec la soprano sud-africaine, Golda Schultz et les fr\u00e8res t\u00e9nors, Pene Pati et son cadet Amitai.<\/p>\n\n\n\n<p>Golda Schultz | soprano Amitai Pati | t\u00e9nor Pene Pati | t\u00e9nor          Les Frivolit\u00e9s Parisiennes<\/p>\n\n\n\n<p>Quentin Hindley | direction<\/p>\n\n\n\n<p>PROGRAMME<\/p>\n\n\n\n<p>Meyerbeer&nbsp; Le Pardon de Plo\u00ebrmel, ouverture<\/p>\n\n\n\n<p>Puccini \u00ab Recondita armonia \u00bb air extrait de Tosca<\/p>\n\n\n\n<hr class=\"wp-block-separator has-alpha-channel-opacity\"\/>\n\n\n\n<p>\u00ab Chi\u2019il bel sogno di Doretta \u00bb, air extrait de La Rondine<\/p>\n\n\n\n<p>Donizetti&nbsp; \u00ab Lallarallara&#8230; Chi \u00e8 mai quel matto? \u00bb, duo extrait de L\u2019Elisir d\u2019amore<\/p>\n\n\n\n<p>\u00ab Una furtiva lagrima \u00bb air extrait de L\u2019Elisir d\u2019amore<\/p>\n\n\n\n<p>Bizet \u00ab Parle moi de ma m\u00e8re \u00bb, duo extrait de Carmen<\/p>\n\n\n\n<p>\u00ab Je dis que rien ne m\u2019\u00e9pouvante \u00bb, air extrait de Carmen<\/p>\n\n\n\n<p>Meyerbeer \u00ab Pri\u00e8re\u00bb, extrait de Robert le Diable<\/p>\n\n\n\n<p>Verdi \u00ab De\u2019 miei bollenti spititi \u00bb, duo extrait de La Traviata<\/p>\n\n\n\n<hr class=\"wp-block-separator has-alpha-channel-opacity\"\/>\n\n\n\n<p>Entracte<\/p>\n\n\n\n<p>Donizetti \u00ab Com\u2019e gentil\u00bb, air extrait de Don Pasquale<\/p>\n\n\n\n<p>Gounod \u00ab Ah ! L\u00e8ve-toi soleil \u00bb, \u00ab Je veux vivre \u00bb et<\/p>\n\n\n\n<p>\u00ab Ange adorable \u00bb, airs et duo extraits de Rom\u00e9o et Juliette<\/p>\n\n\n\n<p>Hahn Le Temps d\u2019aimer, Charleston for orchestra<\/p>\n\n\n\n<p>N. Brodszky&nbsp; \u00ab Be my love \u00bb<\/p>\n\n\n\n<p>S. Sondheim \u00ab The Glamorous Life \u00bb, air extrait de A little Night Music \u00bb<\/p>\n\n\n\n<p>Leh\u00e1r\u00a0 \u00ab Dein ist mein ganzes herz \u00bb, air extrait du Pays du sourire<\/p>\n\n\n\n<hr class=\"wp-block-separator has-alpha-channel-opacity\"\/>\n\n\n\n<p>C. Trenet&nbsp; \u00ab Boom \u00bb et \u00ab La Mer \u00bb, trio<\/p>\n\n\n\n<p>En fran\u00e7ais, allemand, italien et anglais, les drames, trag\u00e9dies et d\u00e9nouements heureux irriguent ce concert. L\u2019humour de la com\u00e9die napolitaine, la trahison, les tensions sociales, les chass\u00e9s-crois\u00e9s amoureux, le d\u00e9sir et la sentimentalit\u00e9 de l\u2019op\u00e9ra fran\u00e7ais nourrissent les airs, duos et trios vocaux de cette soir\u00e9e.<\/p>\n\n\n\n<p>Th\u00e9atre des Champs Elys\u00e9es<\/p>\n\n\n\n<p>15 avenue Montaigne Paris 75008<\/p>\n","protected":false},"excerpt":{"rendered":"<p>Un plateau de r\u00eave avec la soprano sud-africaine, Golda Schultz et les fr\u00e8res t\u00e9nors, Pene Pati et son cadet Amitai. Golda Schultz | soprano Amitai Pati | t\u00e9nor Pene Pati | t\u00e9nor Les Frivolit\u00e9s Parisiennes Quentin Hindley | direction PROGRAMME&#8230;<\/p>\n","protected":false},"author":2,"featured_media":25427,"comment_status":"open","ping_status":"open","sticky":false,"template":"","format":"standard","meta":{"ngg_post_thumbnail":0,"jetpack_post_was_ever_published":false,"_jetpack_newsletter_access":"","footnotes":""},"categories":[376,362,365,47],"tags":[],"class_list":["post-25426","post","type-post","status-publish","format-standard","has-post-thumbnail","hentry","category-chant","category-concerts-musique","category-opera","category-spectacle"],"jetpack_featured_media_url":"http:\/\/www.letourismeaparis.fr\/wp-content\/uploads\/2024\/01\/Capture-decran-2024-01-03-a-15.42.21.png","jetpack-related-posts":[{"id":16160,"url":"http:\/\/www.letourismeaparis.fr\/index.php\/2015\/01\/19\/concerts-dhiver-la-mairie-du-19-eme-du-6-au-14-fevrier\/","url_meta":{"origin":25426,"position":0},"title":"Concerts  d&#039;hiver \u00e0 la mairie du 19 \u00e8me du 6 au 14 f\u00e9vrier","author":"Fabienne TM","date":"19 janvier 2015","format":false,"excerpt":"\u00a0 Du 6 au 14 f\u00e9vrier, la Mairie du 19e vous invite aux \u201cConcerts d\u2019hiver\u201d, un festival de musique classique et d\u2019art lyrique, organis\u00e9 en partenariat avec \u00ab La Fabrique \u00e0 Enchantements \u00bb. Au programme : 14 spectacles musicaux gratuits sont donn\u00e9s dans la salle des f\u00eates de la Mairie\u2026","rel":"","context":"Dans &quot;Musique&quot;","block_context":{"text":"Musique","link":"http:\/\/www.letourismeaparis.fr\/index.php\/category\/culture\/concerts-musique\/musique\/"},"img":{"alt_text":"","src":"","width":0,"height":0},"classes":[]},{"id":20001,"url":"http:\/\/www.letourismeaparis.fr\/index.php\/2017\/06\/26\/viva-verdi-au-theatre-des-champs-elysees-les-30-juin-et-1er-juillet\/","url_meta":{"origin":25426,"position":1},"title":"VIVA VERDI au Th\u00e9atre des Champs Elys\u00e9es les 30 juin et 1er juillet","author":"Fabienne TM","date":"26 juin 2017","format":false,"excerpt":"Radio Classique vous fera vivre les plus belles \u00e9motions de l\u2019op\u00e9ra avec l\u2019un des ma\u00eetres incontest\u00e9s du genre. De\u00a0Nabucco\u00a0\u00e0\u00a0La\u00a0Traviata,\u00a0de\u00a0Rigoletto\u00a0\u00e0\u00a0A\u00efda, vous pourrez \u00e9couter les airs d\u2019op\u00e9ra les plus beaux et les plus populaires du Maestro Verdi interpr\u00e9t\u00e9s par les stars d\u2019aujourd\u2019hui et de demain, sous la direction du maestro Giampaolo Bisanti,\u2026","rel":"","context":"Dans &quot;Musique&quot;","block_context":{"text":"Musique","link":"http:\/\/www.letourismeaparis.fr\/index.php\/category\/culture\/concerts-musique\/musique\/"},"img":{"alt_text":"","src":"","width":0,"height":0},"classes":[]},{"id":21274,"url":"http:\/\/www.letourismeaparis.fr\/index.php\/2018\/09\/20\/concert-des-laureats-du-concours-voix-nouvelles-2018-au-tce-le-24-septembre-a-20-h\/","url_meta":{"origin":25426,"position":2},"title":"Concert des laur\u00e9ats du Concours Voix Nouvelles 2018 au TCE le 24 septembre \u00e0 20 h","author":"Fabienne TM","date":"20 septembre 2018","format":false,"excerpt":"\u00a0 \u00a0 \u00a0 \u00a0 \u00a0 \u00a0 \u00a0Orchestre Colonne\u00a0\u00a0 Jean-Yves Ossonce \u00a0\u00a0direction \u00a0 \u00a0 \u00a0 \u00a0 \u00a0 \u00a0 \u00a0V\u00e9ritable d\u00e9nicheur de talents lyriques, le Concours Voix Nouvelles propose un concert regroupant ses r\u00e9cents laur\u00e9ats. \u00a0 \u00a0 \u00a0 \u00a0 \u00a0 \u00a0 PROGRAMME \u00a0 \u00a0 \u00a0 \u00a0 \u00a0 \u00a0 Rossini \u00a0\u00abLargo al factotum\u2026","rel":"","context":"Dans &quot;Concert&quot;","block_context":{"text":"Concert","link":"http:\/\/www.letourismeaparis.fr\/index.php\/category\/culture\/concerts-musique\/concert\/"},"img":{"alt_text":"","src":"","width":0,"height":0},"classes":[]},{"id":24321,"url":"http:\/\/www.letourismeaparis.fr\/index.php\/2021\/06\/29\/la-folle-soiree-de-lopera-au-tce-les-2-et-3-juillet\/","url_meta":{"origin":25426,"position":3},"title":"La folle soir\u00e9e de l&rsquo;Op\u00e9ra au TCE les 2 et 3 juillet","author":"Fabienne TM","date":"29 juin 2021","format":false,"excerpt":"Une magnifique soir\u00e9e en perspective ! Bizet Carmen, Pr\u00e9lude Mozart \"Der Vogelf\u00e4nger bin ich ja\" extrait de La Fl\u00fbte enchant\u00e9e Saint-Sa\u00ebns \"Mon c\u0153ur s'ouvre \u00e0 ta voix\" extrait de Samson et Dalila Donizetti \"Ah ! Mes amis quel jour de f\u00eate\" extrait de La Fille du R\u00e9giment Verdi La Force\u2026","rel":"","context":"Dans &quot;Concerts \/ Musique&quot;","block_context":{"text":"Concerts \/ Musique","link":"http:\/\/www.letourismeaparis.fr\/index.php\/category\/culture\/concerts-musique\/"},"img":{"alt_text":"","src":"https:\/\/i0.wp.com\/www.letourismeaparis.fr\/wp-content\/uploads\/2021\/06\/Capture-d%E2%80%99e%CC%81cran-2021-06-29-a%CC%80-15.24.22.png?resize=350%2C200","width":350,"height":200,"srcset":"https:\/\/i0.wp.com\/www.letourismeaparis.fr\/wp-content\/uploads\/2021\/06\/Capture-d%E2%80%99e%CC%81cran-2021-06-29-a%CC%80-15.24.22.png?resize=350%2C200 1x, https:\/\/i0.wp.com\/www.letourismeaparis.fr\/wp-content\/uploads\/2021\/06\/Capture-d%E2%80%99e%CC%81cran-2021-06-29-a%CC%80-15.24.22.png?resize=525%2C300 1.5x, https:\/\/i0.wp.com\/www.letourismeaparis.fr\/wp-content\/uploads\/2021\/06\/Capture-d%E2%80%99e%CC%81cran-2021-06-29-a%CC%80-15.24.22.png?resize=700%2C400 2x"},"classes":[]},{"id":21071,"url":"http:\/\/www.letourismeaparis.fr\/index.php\/2018\/06\/26\/rossini-au-theatre-des-champs-elysees-les-25-et-26-juin\/","url_meta":{"origin":25426,"position":4},"title":"Rossini au  Th\u00e9atre des Champs Elys\u00e9es les 25 et 26 juin","author":"Fabienne TM","date":"26 juin 2018","format":false,"excerpt":"A l'occasion des 150 ans de la disparition de Rossini, Radio Classique a d\u00e9cid\u00e9 de consacrer son grand concert de l'\u00e9t\u00e9 aux plus beaux airs du maestro italien. Les 25 et 26 juin prochains, le Th\u00e9\u00e2tre des Champs-Elys\u00e9es accueillera ainsi deux soir\u00e9es aux allures de feu d'artifice, pour prolonger id\u00e9alement\u2026","rel":"","context":"Dans &quot;Musique&quot;","block_context":{"text":"Musique","link":"http:\/\/www.letourismeaparis.fr\/index.php\/category\/culture\/concerts-musique\/musique\/"},"img":{"alt_text":"","src":"","width":0,"height":0},"classes":[]},{"id":17372,"url":"http:\/\/www.letourismeaparis.fr\/index.php\/2015\/11\/17\/concert-caritatif-au-benefice-de-la-maison-de-solenn-mercredi-9-decembre-a-20-h\/","url_meta":{"origin":25426,"position":5},"title":"Concert caritatif  au b\u00e9n\u00e9fice de la Maison de Solenn ,mercredi 9 d\u00e9cembre \u00e0 20 h","author":"Fabienne TM","date":"17 novembre 2015","format":false,"excerpt":"\u00a0Un magnifique programme , une soir\u00e9e pr\u00e9sent\u00e9e par Patrick Poivre d\u2019Arvor et Alain Duault Mozart\u00a0Les Noces de Figaro, ouverture Andante du concerto pour piano n\u00b0 21 \u00ab La ci darem \u00bb duo extrait de\u00a0Don Giovanni Faur\u00e9\u00a0\u00a0El\u00e9gie\u00a0pour violoncelle et orchestre Offenbach\u00a0Chanson de Klienzach extrait des\u00a0Contes d\u2019Hoffmann Saint-Sa\u00ebns\u00a0Final du concerto pour piano\u2026","rel":"","context":"Dans &quot;Musique&quot;","block_context":{"text":"Musique","link":"http:\/\/www.letourismeaparis.fr\/index.php\/category\/culture\/concerts-musique\/musique\/"},"img":{"alt_text":"","src":"","width":0,"height":0},"classes":[]}],"jetpack_sharing_enabled":true,"jetpack_likes_enabled":true,"_links":{"self":[{"href":"http:\/\/www.letourismeaparis.fr\/index.php\/wp-json\/wp\/v2\/posts\/25426","targetHints":{"allow":["GET"]}}],"collection":[{"href":"http:\/\/www.letourismeaparis.fr\/index.php\/wp-json\/wp\/v2\/posts"}],"about":[{"href":"http:\/\/www.letourismeaparis.fr\/index.php\/wp-json\/wp\/v2\/types\/post"}],"author":[{"embeddable":true,"href":"http:\/\/www.letourismeaparis.fr\/index.php\/wp-json\/wp\/v2\/users\/2"}],"replies":[{"embeddable":true,"href":"http:\/\/www.letourismeaparis.fr\/index.php\/wp-json\/wp\/v2\/comments?post=25426"}],"version-history":[{"count":1,"href":"http:\/\/www.letourismeaparis.fr\/index.php\/wp-json\/wp\/v2\/posts\/25426\/revisions"}],"predecessor-version":[{"id":25428,"href":"http:\/\/www.letourismeaparis.fr\/index.php\/wp-json\/wp\/v2\/posts\/25426\/revisions\/25428"}],"wp:featuredmedia":[{"embeddable":true,"href":"http:\/\/www.letourismeaparis.fr\/index.php\/wp-json\/wp\/v2\/media\/25427"}],"wp:attachment":[{"href":"http:\/\/www.letourismeaparis.fr\/index.php\/wp-json\/wp\/v2\/media?parent=25426"}],"wp:term":[{"taxonomy":"category","embeddable":true,"href":"http:\/\/www.letourismeaparis.fr\/index.php\/wp-json\/wp\/v2\/categories?post=25426"},{"taxonomy":"post_tag","embeddable":true,"href":"http:\/\/www.letourismeaparis.fr\/index.php\/wp-json\/wp\/v2\/tags?post=25426"}],"curies":[{"name":"wp","href":"https:\/\/api.w.org\/{rel}","templated":true}]}}