{"id":25511,"date":"2024-02-26T17:37:34","date_gmt":"2024-02-26T16:37:34","guid":{"rendered":"http:\/\/www.letourismeaparis.fr\/?p=25511"},"modified":"2024-02-26T17:42:17","modified_gmt":"2024-02-26T16:42:17","slug":"le-salon-de-lagriculture-jusquau-3-mars","status":"publish","type":"post","link":"http:\/\/www.letourismeaparis.fr\/index.php\/2024\/02\/26\/le-salon-de-lagriculture-jusquau-3-mars\/","title":{"rendered":"Le salon de l&rsquo;agriculture jusqu&rsquo;au 3 mars"},"content":{"rendered":"\n<p>Le Salon International de l\u2019agriculture est l\u2019occasion de mettre en lumi\u00e8re le m\u00e9tier d\u2019agriculteur et les services qui y sont li\u00e9s : formation, recrutement, emploi, mais aussi financement, banque ou assurance\u2026<\/p>\n\n\n\n<p>Petits producteurs, stands de d\u00e9gustation, restaurants\u2026les r\u00e9gions de France m\u00e9tropolitaine et d\u2019Outre-mer, tout comme de nombreux pays \u00e9trangers, profitent du Salon pour pr\u00e9senter leurs plus belles productions.<\/p>\n\n\n<div class=\"wp-block-image\">\n<figure class=\"aligncenter size-full\"><img loading=\"lazy\" decoding=\"async\" width=\"297\" height=\"166\" src=\"http:\/\/www.letourismeaparis.fr\/wp-content\/uploads\/2024\/02\/Capture-decran-2024-02-26-a-17.18.52.png\" alt=\"\" class=\"wp-image-25513\"\/><\/figure>\n<\/div>\n\n\n<hr class=\"wp-block-separator has-alpha-channel-opacity\"\/>\n\n\n\n<p>Une vitrine de l\u2019excellence g\u00e9n\u00e9tique fran\u00e7aise et une opportunit\u00e9 pour des centaines de milliers de visiteurs d\u2019\u00eatre au contact d\u2019animaux qu\u2019ils ne croisent pas forc\u00e9ment si souvent dans leur vie quotidienne.<\/p>\n\n\n\n<p> Chacun peut rencontrer les \u00e9leveurs et \u00e9changer avec eux,d\u00e9couvrir leur quotidien,leur passion, se familiariser avec les diff\u00e9rentes races, assister aux soins quotidiens et participer \u00e0 de nombreuses activit\u00e9s.<\/p>\n\n\n\n<hr class=\"wp-block-separator has-alpha-channel-opacity\"\/>\n\n\n\n<p>Excellence soulign\u00e9e par les m\u00e9dailles du Concours G\u00e9n\u00e9ral Agricole.<\/p>\n\n\n\n<p>Les organismes professionnels, les \u00e9coles et l\u2019ensemble des leaders et influenceurs se retrouvent ainsi au Pavillon 4 pendant toute la dur\u00e9e du Salon pour \u00e9changer et s\u2019informersur l\u2019agriculture<\/p>\n\n\n\n<p>AGRI\u2019TECH un \u00e9cosyst\u00e8me dynamique d\u2019entreprises et de start-ups innovantes.  est pr\u00e9sente.<\/p>\n\n\n\n<hr class=\"wp-block-separator has-alpha-channel-opacity\"\/>\n\n\n\n<p><\/p>\n\n\n\n<p><\/p>\n\n\n\n<p>Salon International de l\u2019Agriculture<\/p>\n\n\n\n<p>Paris Expo Porte de Versailles<\/p>\n\n\n\n<p>1, place de la Porte de Versailles<\/p>\n\n\n\n<p>75015 Paris<\/p>\n\n\n\n<p>Horaires<\/p>\n","protected":false},"excerpt":{"rendered":"<p>Le Salon International de l\u2019agriculture est l\u2019occasion de mettre en lumi\u00e8re le m\u00e9tier d\u2019agriculteur et les services qui y sont li\u00e9s : formation, recrutement, emploi, mais aussi financement, banque ou assurance\u2026 Petits producteurs, stands de d\u00e9gustation, restaurants\u2026les r\u00e9gions de France&#8230;<\/p>\n","protected":false},"author":2,"featured_media":25512,"comment_status":"open","ping_status":"open","sticky":false,"template":"","format":"standard","meta":{"ngg_post_thumbnail":0,"jetpack_post_was_ever_published":false,"_jetpack_newsletter_access":"","footnotes":""},"categories":[2,382],"tags":[],"class_list":["post-25511","post","type-post","status-publish","format-standard","has-post-thumbnail","hentry","category-actualite","category-agriculture"],"jetpack_featured_media_url":"http:\/\/www.letourismeaparis.fr\/wp-content\/uploads\/2024\/02\/Capture-decran-2024-02-26-a-17.14.59.png","jetpack-related-posts":[{"id":20823,"url":"http:\/\/www.letourismeaparis.fr\/index.php\/2018\/02\/26\/le-salon-de-lagriculture-paris-jusquau-4-mars\/","url_meta":{"origin":25511,"position":0},"title":"Le salon de l&#039;agriculture \u00e0 Paris jusqu&#039;au 4 mars","author":"Fabienne TM","date":"26 f\u00e9vrier 2018","format":false,"excerpt":"Une th\u00e9matique d'actualit\u00e9 A l\u2019heure o\u00f9 la soci\u00e9t\u00e9 est travers\u00e9e dans son ensemble par des tendances apparues ces derni\u00e8res ann\u00e9es, le Salon International de l\u2019Agriculture en propose une lecture pour le secteur agricole. Au c\u0153ur du Salon, les nouvelles habitudes de comportements contributifs ou collaboratifs et plus globalement tout ce\u2026","rel":"","context":"Dans &quot;Actualit\u00e9s&quot;","block_context":{"text":"Actualit\u00e9s","link":"http:\/\/www.letourismeaparis.fr\/index.php\/category\/actualite\/"},"img":{"alt_text":"","src":"","width":0,"height":0},"classes":[]},{"id":6631,"url":"http:\/\/www.letourismeaparis.fr\/index.php\/2010\/03\/01\/salon-de-lagriculture-2010-porte-de-versailles-du-27-fevrier-au-7-mars-2010\/","url_meta":{"origin":25511,"position":1},"title":"Salon de l&#039;agriculture 2010 , Porte de Versailles jusqu&#039;au 7 mars 2010","author":"Fabienne TM","date":"1 mars 2010","format":false,"excerpt":"D\u00e9couvrez un salon grandeur nature ! Amusez-vous dans une ambiance festive ! Le Salon International de l'Agriculture est le rendez-vous de la diversit\u00e9 et de la richesse de l\u2019agriculture fran\u00e7aise et internationale. A cette occasion, tous les repr\u00e9sentants du monde agricole se rassemblent dans une ambiance conviviale et festive.Plus de\u2026","rel":"","context":"Dans &quot;Non class\u00e9&quot;","block_context":{"text":"Non class\u00e9","link":"http:\/\/www.letourismeaparis.fr\/index.php\/category\/non-classe\/"},"img":{"alt_text":"","src":"","width":0,"height":0},"classes":[]},{"id":9364,"url":"http:\/\/www.letourismeaparis.fr\/index.php\/2011\/02\/23\/du-19-au-27-fevrier-2011-48e-edition-du-salon-de-lagriculture\/","url_meta":{"origin":25511,"position":2},"title":"Salon de l\u2019Agriculture du 19 au 27 f\u00e9vrier 2011","author":"Fabienne TM","date":"23 f\u00e9vrier 2011","format":false,"excerpt":"Nocturne du Salon de l'agriculture 2011 : Chaque ann\u00e9e, l\u2019ensemble de la fili\u00e8re agricole et du monde rural se donne rendez-vous \u00e0 Paris. Le 25 f\u00e9vrier, la nocturne du salon sera festive. Au programme : Un d\u00eener aux 4 coins de France ou du monde. Le grand show des animaux\u2026","rel":"","context":"Dans &quot;Non class\u00e9&quot;","block_context":{"text":"Non class\u00e9","link":"http:\/\/www.letourismeaparis.fr\/index.php\/category\/non-classe\/"},"img":{"alt_text":"","src":"","width":0,"height":0},"classes":[]},{"id":17992,"url":"http:\/\/www.letourismeaparis.fr\/index.php\/2016\/02\/24\/le-salon-de-lagriculture-du-27-fevrier-au-6-mars-porte-de-versailles-a-ne-pas-manquer\/","url_meta":{"origin":25511,"position":3},"title":"Le salon de l&#039;agriculture du 27 f\u00e9vrier au 6 mars, Porte de Versailles, \u00e0 ne pas manquer !","author":"Fabienne TM","date":"24 f\u00e9vrier 2016","format":false,"excerpt":"Retrouvez la FFE pavillon 6 all\u00e9e C stand 017 aux cot\u00e9s du Comit\u00e9 R\u00e9gional d'Equitation d'Ile-de-France (CREIF). Programme des bapt\u00eames de poney Hall 6 Ring Equin samedi 27 f\u00e9vrier : de 10h \u00e0 11h mercredi 2 mars : de 17h30 \u00e0 18h30 jeudi 3 mars : de 12h45 \u00e0 13h30\u2026","rel":"","context":"Dans &quot;Familles&quot;","block_context":{"text":"Familles","link":"http:\/\/www.letourismeaparis.fr\/index.php\/category\/familles\/"},"img":{"alt_text":"","src":"","width":0,"height":0},"classes":[]},{"id":26072,"url":"http:\/\/www.letourismeaparis.fr\/index.php\/2025\/02\/27\/le-salon-international-de-lagriculture\/","url_meta":{"origin":25511,"position":4},"title":"Le Salon International de l\u2019Agriculture","author":"Fabienne TM","date":"27 f\u00e9vrier 2025","format":false,"excerpt":"Du 22 f\u00e9vrier au 2 mars 2025 \u00e0 Paris Porte de Versailles de 9h \u00e0 19h Entre d\u00e9couverte, \u00e9merveillement et amusement, ce rendez-vous incontournable invite petits et grands \u00e0 plonger dans l\u2019univers fascinant de l\u2019agriculture. C\u2019est l\u2019occasion id\u00e9ale de passer une journ\u00e9e en famille, d\u2019apprendre ensemble et de vivre des\u2026","rel":"","context":"Dans &quot;Actualit\u00e9s&quot;","block_context":{"text":"Actualit\u00e9s","link":"http:\/\/www.letourismeaparis.fr\/index.php\/category\/actualite\/"},"img":{"alt_text":"","src":"","width":0,"height":0},"classes":[]},{"id":6894,"url":"http:\/\/www.letourismeaparis.fr\/index.php\/2010\/03\/04\/sacree-soiree-au-salon-de-lagriculture-le-vendredi-5-mars-de-nombreuses-activites-pendant-tout-le-salon\/","url_meta":{"origin":25511,"position":5},"title":"Sacr\u00e9e soir\u00e9e au salon de l&#039;agriculture le vendredi 5 mars !de nombreuses activit\u00e9s pendant tout le salon&#8230;","author":"Fabienne TM","date":"4 mars 2010","format":false,"excerpt":"Le salon vous propose une \"sacr\u00e9e\"soir\u00e9e : groupes folkloriques, d\u00e9gustations culinaires, ateliers et spectacles! Les animaux font leur show : Assistez au grand spectacle con\u00e7u sp\u00e9cialement pour cette \u00e9dition 2010. La troupe JEHOL vous emm\u00e8ne pendant 45 minutes aux confins de l'art et de l'agriculture... Un spectacle au plus pr\u00e8s\u2026","rel":"","context":"Dans &quot;Non class\u00e9&quot;","block_context":{"text":"Non class\u00e9","link":"http:\/\/www.letourismeaparis.fr\/index.php\/category\/non-classe\/"},"img":{"alt_text":"","src":"","width":0,"height":0},"classes":[]}],"jetpack_sharing_enabled":true,"jetpack_likes_enabled":true,"_links":{"self":[{"href":"http:\/\/www.letourismeaparis.fr\/index.php\/wp-json\/wp\/v2\/posts\/25511","targetHints":{"allow":["GET"]}}],"collection":[{"href":"http:\/\/www.letourismeaparis.fr\/index.php\/wp-json\/wp\/v2\/posts"}],"about":[{"href":"http:\/\/www.letourismeaparis.fr\/index.php\/wp-json\/wp\/v2\/types\/post"}],"author":[{"embeddable":true,"href":"http:\/\/www.letourismeaparis.fr\/index.php\/wp-json\/wp\/v2\/users\/2"}],"replies":[{"embeddable":true,"href":"http:\/\/www.letourismeaparis.fr\/index.php\/wp-json\/wp\/v2\/comments?post=25511"}],"version-history":[{"count":4,"href":"http:\/\/www.letourismeaparis.fr\/index.php\/wp-json\/wp\/v2\/posts\/25511\/revisions"}],"predecessor-version":[{"id":25517,"href":"http:\/\/www.letourismeaparis.fr\/index.php\/wp-json\/wp\/v2\/posts\/25511\/revisions\/25517"}],"wp:featuredmedia":[{"embeddable":true,"href":"http:\/\/www.letourismeaparis.fr\/index.php\/wp-json\/wp\/v2\/media\/25512"}],"wp:attachment":[{"href":"http:\/\/www.letourismeaparis.fr\/index.php\/wp-json\/wp\/v2\/media?parent=25511"}],"wp:term":[{"taxonomy":"category","embeddable":true,"href":"http:\/\/www.letourismeaparis.fr\/index.php\/wp-json\/wp\/v2\/categories?post=25511"},{"taxonomy":"post_tag","embeddable":true,"href":"http:\/\/www.letourismeaparis.fr\/index.php\/wp-json\/wp\/v2\/tags?post=25511"}],"curies":[{"name":"wp","href":"https:\/\/api.w.org\/{rel}","templated":true}]}}