{"id":25554,"date":"2024-03-19T16:54:57","date_gmt":"2024-03-19T15:54:57","guid":{"rendered":"http:\/\/www.letourismeaparis.fr\/?p=25554"},"modified":"2024-03-19T16:55:02","modified_gmt":"2024-03-19T15:55:02","slug":"le-gout-de-la-renaissance-et-odoramento","status":"publish","type":"post","link":"http:\/\/www.letourismeaparis.fr\/index.php\/2024\/03\/19\/le-gout-de-la-renaissance-et-odoramento\/","title":{"rendered":"Le\u00a0\u00bb go\u00fbt de la Renaissance \u00a0\u00bb et Odoramento"},"content":{"rendered":"\n<p><\/p>\n\n\n\n<p>Le Go\u00fbt de la Renaissance.<\/p>\n\n\n\n<p>\u00a0la Collection Al Thani \u00e0 l\u2019H\u00f4tel de la Marine pr\u00e9sente l\u2019exposition \u00ab Le Go\u00fbt de la Renaissance avec le Victoria and Albert Museum. <\/p>\n\n\n\n<p>Rassemblant des chefs-d\u2019\u0153uvre issus du mus\u00e9e londonien et de la Collection Al Thani, elle met en lumi\u00e8re les interconnexions du monde \u00e0 la Renaissance, \u00e9poque o\u00f9 explorations et d\u00e9couvertes favorisent les \u00e9changes de mat\u00e9riaux et d\u2019id\u00e9es tant \u00e0 travers l\u2019Europe qu\u2019en des contr\u00e9es lointaines.<\/p>\n\n\n\n<hr class=\"wp-block-separator has-alpha-channel-opacity\"\/>\n\n\n\n<p>R\u00e9unissant plus de 130 \u0153uvres, l\u2019exposition donne \u00e0 voir sculptures, pi\u00e8ces d\u2019orf\u00e8vrerie, bijoux, verres, textiles, livres, manuscrits, peintures, \u0153uvres graphiques et objets exotiques qui, pour beaucoup, n\u2019ont jamais \u00e9t\u00e9 pr\u00e9sent\u00e9s \u00e0 Paris. Se c\u00f4toieront ainsi des \u0153uvres de l\u2019Antico, Lucas Cranach le Jeune, Fran\u00e7ois Clouet, Vittore Crivelli, Donatello, Nicholas Hilliard, Hans Holbein le Jeune, et L\u00e9onard de Vinci, ainsi que des objets d\u2019art exceptionnels command\u00e9s aux artistes les plus talentueux de l\u2019\u00e9poque par des m\u00e9c\u00e8nes issus des familles royales ou de la haute aristocratie.<\/p>\n\n\n\n<p><\/p>\n\n\n\n<p><a href=\"https:\/\/www.hotel-de-la-marine.paris\/agenda\/le-gout-de-la-renaissance.-un-dialogue-entre-collections\">https:\/\/www.hotel-de-la-marine.paris\/agenda\/le-gout-de-la-renaissance.-un-dialogue-entre-collections<\/a><\/p>\n\n\n\n<hr class=\"wp-block-separator has-alpha-channel-opacity\"\/>\n\n\n\n<p><\/p>\n\n\n\n<p>Avec ODORAMENTO de Chantal Sanier, le Centre des monuments nationaux propose une exp\u00e9rience olfactive unique int\u00e9gr\u00e9e au parcours de visite de l\u2019H\u00f4tel de la Marine. L\u2019artiste et cr\u00e9atrice d\u2019odeurs cherche \u00e0 faire travailler la m\u00e9moire et l\u2019imagination des visiteurs \u00e0 travers des cr\u00e9ations in\u00e9dites : des sculptures odorantes en cire froide dispos\u00e9es dans six espaces des   somptueux appartements&#8230;. <\/p>\n\n\n\n<p>Joyau Heneage, Miniature : Nicholas Hilliard. Angleterre, vers 1595\u20131600. Or \u00e9maill\u00e9, diamants taill\u00e9s en table, rubis birmans, cristal de roche et miniature, Victoria and Albert Museum<\/p>\n\n\n\n<p>Hotel de la Marine, Place de la Concorde Paris 75008<\/p>\n\n\n\n<p>Tous les jours10h30 &#8211; 19h<\/p>\n\n\n\n<p>Nocturne le vendredi jusqu&rsquo;\u00e0 21h30<\/p>\n\n\n\n<p><\/p>\n","protected":false},"excerpt":{"rendered":"<p>Le Go\u00fbt de la Renaissance. \u00a0la Collection Al Thani \u00e0 l\u2019H\u00f4tel de la Marine pr\u00e9sente l\u2019exposition \u00ab Le Go\u00fbt de la Renaissance avec le Victoria and Albert Museum. Rassemblant des chefs-d\u2019\u0153uvre issus du mus\u00e9e londonien et de la Collection Al&#8230;<\/p>\n","protected":false},"author":2,"featured_media":25556,"comment_status":"open","ping_status":"open","sticky":false,"template":"","format":"standard","meta":{"ngg_post_thumbnail":0,"jetpack_post_was_ever_published":false,"_jetpack_newsletter_access":"","footnotes":""},"categories":[27],"tags":[],"class_list":["post-25554","post","type-post","status-publish","format-standard","has-post-thumbnail","hentry","category-musees-expositions"],"jetpack_featured_media_url":"http:\/\/www.letourismeaparis.fr\/wp-content\/uploads\/2024\/03\/Capture-decran-2024-03-19-a-16.47.30.png","jetpack-related-posts":[{"id":23656,"url":"http:\/\/www.letourismeaparis.fr\/index.php\/2019\/09\/12\/la-collection-alana-au-musee-jacquemart-andre-chefs-doeuvre-de-la-peinture-italienne\/","url_meta":{"origin":25554,"position":0},"title":"La collection  Alana au mus\u00e9e Jacquemart Andr\u00e9 , Chefs-d&rsquo;oeuvre de la peinture italienne","author":"Fabienne TM","date":"12 septembre 2019","format":false,"excerpt":"Du 13 septembre 2019 au 20 janvier 2020 le Mus\u00e9e Jacquemart-Andr\u00e9 met \u00e0 l\u2019honneur la Collection Alana, l\u2019une des plus pr\u00e9cieuses et secr\u00e8tes collections priv\u00e9es d\u2019art de la Renaissance italienne au monde, actuellement conserv\u00e9e aux Etats-Unis. Lorenzo Monaco, L'Annonciation (d\u00e9tail), vers 1420-1424, tempera et or sur bois, 169,6 x 120,7\u2026","rel":"","context":"Dans &quot;Non class\u00e9&quot;","block_context":{"text":"Non class\u00e9","link":"http:\/\/www.letourismeaparis.fr\/index.php\/category\/non-classe\/"},"img":{"alt_text":"","src":"https:\/\/i0.wp.com\/www.letourismeaparis.fr\/wp-content\/uploads\/2019\/09\/Capture-d%E2%80%99e%CC%81cran-2019-09-12-a%CC%80-12.43.58.png?resize=350%2C200","width":350,"height":200,"srcset":"https:\/\/i0.wp.com\/www.letourismeaparis.fr\/wp-content\/uploads\/2019\/09\/Capture-d%E2%80%99e%CC%81cran-2019-09-12-a%CC%80-12.43.58.png?resize=350%2C200 1x, https:\/\/i0.wp.com\/www.letourismeaparis.fr\/wp-content\/uploads\/2019\/09\/Capture-d%E2%80%99e%CC%81cran-2019-09-12-a%CC%80-12.43.58.png?resize=525%2C300 1.5x"},"classes":[]},{"id":24304,"url":"http:\/\/www.letourismeaparis.fr\/index.php\/2021\/05\/31\/augustin-rouart-la-peinture-en-heritage\/","url_meta":{"origin":25554,"position":1},"title":"Augustin Rouart ,                        La peinture en h\u00e9ritage","author":"Fabienne TM","date":"31 mai 2021","format":false,"excerpt":"Le Petit Palais a le plaisir de pr\u00e9senter l\u2019importante donation que vient d\u2019effectuer Jean-Marie Rouart, de l\u2019Acad\u00e9mie fran\u00e7aise, en sa faveur, riche de douze \u0153uvres d\u2019Henri Rouart, Henry Lerolle, Maurice Denis et Augustin Rouart. \u00a0\u00c0 cette occasion, le mus\u00e9e pr\u00e9sente une exposition gratuite au sein de ses collections, en dialogue\u2026","rel":"","context":"Dans &quot;Beaux arts&quot;","block_context":{"text":"Beaux arts","link":"http:\/\/www.letourismeaparis.fr\/index.php\/category\/culture\/musees-expositions\/beaux-arts\/"},"img":{"alt_text":"","src":"https:\/\/i0.wp.com\/www.letourismeaparis.fr\/wp-content\/uploads\/2021\/05\/Capture-d%E2%80%99e%CC%81cran-2021-05-31-a%CC%80-14.48.27.png?resize=350%2C200","width":350,"height":200},"classes":[]},{"id":19470,"url":"http:\/\/www.letourismeaparis.fr\/index.php\/2017\/02\/18\/des-grands-moghols-aux-maharajahs-au-grand-palais\/","url_meta":{"origin":25554,"position":2},"title":"DES GRANDS MOGHOLS AUX MAHARAJAHS  au Grand Palais","author":"Fabienne TM","date":"18 f\u00e9vrier 2017","format":false,"excerpt":"230 pi\u00e8ces extraordinaires, issues de la collection Al Thani, racontent l\u2019histoire de la joaillerie indienne, de la p\u00e9riode moghole \u00e0 nos jours. L\u2019\u0152il du Tigre, Collection Al Thani \u00a9 The Al Thani Collection 2013 all rights reserved. Photographs taken by Prudence Cuming r\u00e9unit des pi\u00e8ces historiques inestimables, exceptionnellement pr\u00e9sent\u00e9es en\u2026","rel":"","context":"Dans &quot;Cultures du Monde&quot;","block_context":{"text":"Cultures du Monde","link":"http:\/\/www.letourismeaparis.fr\/index.php\/category\/culture\/musees-expositions\/cultures-du-monde\/"},"img":{"alt_text":"","src":"","width":0,"height":0},"classes":[]},{"id":25762,"url":"http:\/\/www.letourismeaparis.fr\/index.php\/2024\/12\/05\/chefs-doeuvre-de-la-galerie-borghese-au-musee-jacquemart-andre\/","url_meta":{"origin":25554,"position":3},"title":"Chefs-d&rsquo;\u0153uvre de la Galerie Borgh\u00e8se au mus\u00e9e Jacquemart-Andr\u00e9 jusqu&rsquo;au 9 f\u00e9vrier","author":"Fabienne TM","date":"5 d\u00e9cembre 2024","format":false,"excerpt":"le Mus\u00e9e Jacquemart- Andr\u00e9 pr\u00e9sente des chefs-d'\u0153uvre de la c\u00e9l\u00e8bre Galerie Borgh\u00e8se \u00e0 Rome. Une occasion unique d\u2019admirer \u00e0 Paris un ensemble d\u2019\u0153uvres majeures d\u2019artistes c\u00e9l\u00e8bres de la Renaissance et de la p\u00e9riode baroque rarement pr\u00eat\u00e9es \u00e0 l\u2019\u00e9tranger, du Caravage \u00e0 Rubens, en passant par Botticelli, Rapha\u00ebl, Titien, ou encore\u2026","rel":"","context":"Dans &quot;Mus\u00e9es \/ Expositions&quot;","block_context":{"text":"Mus\u00e9es \/ Expositions","link":"http:\/\/www.letourismeaparis.fr\/index.php\/category\/culture\/musees-expositions\/"},"img":{"alt_text":"","src":"https:\/\/i0.wp.com\/www.letourismeaparis.fr\/wp-content\/uploads\/2024\/09\/Capture-decran-2024-09-05-a-18.13.19.png?resize=350%2C200","width":350,"height":200,"srcset":"https:\/\/i0.wp.com\/www.letourismeaparis.fr\/wp-content\/uploads\/2024\/09\/Capture-decran-2024-09-05-a-18.13.19.png?resize=350%2C200 1x, https:\/\/i0.wp.com\/www.letourismeaparis.fr\/wp-content\/uploads\/2024\/09\/Capture-decran-2024-09-05-a-18.13.19.png?resize=525%2C300 1.5x"},"classes":[]},{"id":21451,"url":"http:\/\/www.letourismeaparis.fr\/index.php\/2018\/10\/27\/un-reve-ditalie-la-collection-du-marquis-campana-au-louvre\/","url_meta":{"origin":25554,"position":4},"title":"Un r\u00eave d\u2019Italie : la collection du marquis Campana au Louvre","author":"Fabienne TM","date":"27 octobre 2018","format":false,"excerpt":"Giampietro Campana a constitu\u00e9 la plus grande collection priv\u00e9e du 19e si\u00e8cle, qui rassemblait aussi bien des objets arch\u00e9ologiques que des peintures, Image: All\u00e9gorie du printemps des sculptures et des objets de la Renaissance. Cette collection se caract\u00e9risait \u00e0 la fois par l\u2019abondance et la qualit\u00e9 de ses pi\u00e8ces, incluant\u2026","rel":"","context":"Dans &quot;Mus\u00e9es \/ Expositions&quot;","block_context":{"text":"Mus\u00e9es \/ Expositions","link":"http:\/\/www.letourismeaparis.fr\/index.php\/category\/culture\/musees-expositions\/"},"img":{"alt_text":"","src":"","width":0,"height":0},"classes":[]},{"id":2737,"url":"http:\/\/www.letourismeaparis.fr\/index.php\/2009\/05\/02\/filippo-et-filippino-lippi-au-musee-du-luxembourg\/","url_meta":{"origin":25554,"position":5},"title":"Filippo et Filippino LIPPI au  mus\u00e9e du Luxembourg","author":"Fabienne TM","date":"2 mai 2009","format":false,"excerpt":"La Renaissance \u00e0 Prato jusqu'au 2 ao\u00fbt 2009 L'exposition rassemble une soixantaine de tableaux et sculptures du XIVe au XVIe si\u00e8cle, encore jamais pr\u00e9sent\u00e9s en France . Elle offre une occasion unique de d\u00e9couvrir le riche patrimoine artistique de Prato. http:\/\/www.museeduluxembourg.fr","rel":"","context":"Dans &quot;Non class\u00e9&quot;","block_context":{"text":"Non class\u00e9","link":"http:\/\/www.letourismeaparis.fr\/index.php\/category\/non-classe\/"},"img":{"alt_text":"","src":"","width":0,"height":0},"classes":[]}],"jetpack_sharing_enabled":true,"jetpack_likes_enabled":true,"_links":{"self":[{"href":"http:\/\/www.letourismeaparis.fr\/index.php\/wp-json\/wp\/v2\/posts\/25554","targetHints":{"allow":["GET"]}}],"collection":[{"href":"http:\/\/www.letourismeaparis.fr\/index.php\/wp-json\/wp\/v2\/posts"}],"about":[{"href":"http:\/\/www.letourismeaparis.fr\/index.php\/wp-json\/wp\/v2\/types\/post"}],"author":[{"embeddable":true,"href":"http:\/\/www.letourismeaparis.fr\/index.php\/wp-json\/wp\/v2\/users\/2"}],"replies":[{"embeddable":true,"href":"http:\/\/www.letourismeaparis.fr\/index.php\/wp-json\/wp\/v2\/comments?post=25554"}],"version-history":[{"count":2,"href":"http:\/\/www.letourismeaparis.fr\/index.php\/wp-json\/wp\/v2\/posts\/25554\/revisions"}],"predecessor-version":[{"id":25557,"href":"http:\/\/www.letourismeaparis.fr\/index.php\/wp-json\/wp\/v2\/posts\/25554\/revisions\/25557"}],"wp:featuredmedia":[{"embeddable":true,"href":"http:\/\/www.letourismeaparis.fr\/index.php\/wp-json\/wp\/v2\/media\/25556"}],"wp:attachment":[{"href":"http:\/\/www.letourismeaparis.fr\/index.php\/wp-json\/wp\/v2\/media?parent=25554"}],"wp:term":[{"taxonomy":"category","embeddable":true,"href":"http:\/\/www.letourismeaparis.fr\/index.php\/wp-json\/wp\/v2\/categories?post=25554"},{"taxonomy":"post_tag","embeddable":true,"href":"http:\/\/www.letourismeaparis.fr\/index.php\/wp-json\/wp\/v2\/tags?post=25554"}],"curies":[{"name":"wp","href":"https:\/\/api.w.org\/{rel}","templated":true}]}}