{"id":25585,"date":"2024-04-13T19:34:00","date_gmt":"2024-04-13T17:34:00","guid":{"rendered":"http:\/\/www.letourismeaparis.fr\/?p=25585"},"modified":"2024-04-13T19:34:05","modified_gmt":"2024-04-13T17:34:05","slug":"une-soiree-chez-offenbach-au-theatre-de-passy","status":"publish","type":"post","link":"http:\/\/www.letourismeaparis.fr\/index.php\/2024\/04\/13\/une-soiree-chez-offenbach-au-theatre-de-passy\/","title":{"rendered":"Une soir\u00e9e chez Offenbach au Th\u00e9atre de Passy"},"content":{"rendered":"\n<p>Une tr\u00e8s bonne soir\u00e9e chez Offenbach.Un spectacle lyrique et joyeux autour du g\u00e9nial Offenbach!<\/p>\n\n\n\n<p>De bons solistes\u00a0 vous attendent au Th\u00e9atre de Passy .Ils interpr\u00eatent notamment la vie parisienne, la belle H\u00e9l\u00e8ne, la P\u00e9richole, les contes d\u2019Hoffmann\u2026.<\/p>\n\n\n\n<hr class=\"wp-block-separator has-alpha-channel-opacity\"\/>\n\n\n\n<p> Nous avons appr\u00e9ci\u00e9\u00a0 tout particuli\u00e8rement Nicolas Rigas, , Cl\u00e9mentine Decouture, , Guillaume Zhang,\u2014 Piano Ruta Lenciauskaite, le jour de notre visite.<\/p>\n\n\n\n<p>Un p\u00e9tillant voyage lyrique, dr\u00f4le et musical, , \u00a0un livret \u00ab \u00e0 la Feydeau \u00bb, simple et joyeux, pour vous entra\u00eener dans une soir\u00e9e lyrique d\u00e9jant\u00e9e.<\/p>\n\n\n\n<hr class=\"wp-block-separator has-alpha-channel-opacity\"\/>\n\n\n\n<p><\/p>\n\n\n\n<p>Auteur&nbsp; Martin Loizillon \u2014 Mise en sc\u00e8ne&nbsp; Martin Loizillon \u2014 Avec Chanteurs (en alternance) : Nicolas Rigas, Christine Tocci, Cl\u00e9mentine Decouture, Pierre-Antoine Chaumien, Guillaume Zhang, Xavier Flabat \u2014 Piano (en alternance) Ruta Lenciauskaite, F\u00e9lix Ramos \u2014 Musique Jacques Offenbach<\/p>\n\n\n\n<p>Th\u00e9atre de Passy<\/p>\n\n\n\n<p>95 rue de Passy Paris 75016<\/p>\n\n\n\n<p>Matin\u00e9es &nbsp;le samedi \u00e0 16h et soir\u00e9es le lundi \u00e0 19h<\/p>\n\n\n\n<p>R\u00e9servation 01 82 28 56 40<\/p>\n","protected":false},"excerpt":{"rendered":"<p>Une tr\u00e8s bonne soir\u00e9e chez Offenbach.Un spectacle lyrique et joyeux autour du g\u00e9nial Offenbach! De bons solistes\u00a0 vous attendent au Th\u00e9atre de Passy .Ils interpr\u00eatent notamment la vie parisienne, la belle H\u00e9l\u00e8ne, la P\u00e9richole, les contes d\u2019Hoffmann\u2026. Nous avons appr\u00e9ci\u00e9\u00a0&#8230;<\/p>\n","protected":false},"author":2,"featured_media":25586,"comment_status":"open","ping_status":"open","sticky":false,"template":"","format":"standard","meta":{"ngg_post_thumbnail":0,"jetpack_post_was_ever_published":false,"_jetpack_newsletter_access":"","footnotes":""},"categories":[362,47,49],"tags":[],"class_list":["post-25585","post","type-post","status-publish","format-standard","has-post-thumbnail","hentry","category-concerts-musique","category-spectacle","category-theatre"],"jetpack_featured_media_url":"http:\/\/www.letourismeaparis.fr\/wp-content\/uploads\/2024\/04\/Capture-decran-2024-04-13-a-19.18.46.png","jetpack-related-posts":[{"id":19718,"url":"http:\/\/www.letourismeaparis.fr\/index.php\/2017\/04\/21\/6-concerts-solidaires-au-profit-des-enfants-avecla-troupe-lyrique-oya-kephale-partenaire-de-long-vision-du-monde\/","url_meta":{"origin":25585,"position":0},"title":"6 concerts solidaires au profit des enfants avec la troupe lyrique Oya Kephale ,partenaire de l&#039;ONG Vision du  monde","author":"Fabienne TM","date":"21 avril 2017","format":false,"excerpt":"\u00a0 Les 12, 13, 14, 18, 19 et 20 mai, la troupe Oya Kephale donne 6 repr\u00e9sentations au Th\u00e9\u00e2tre Armande B\u00e9jart (Asni\u00e8res-sur-Seine, 92). Les b\u00e9n\u00e9fices seront int\u00e9gralement revers\u00e9s \u00e0 2 associations : l\u2019ONG Vision du Monde et l\u2019Espace Aquarelle. Avec les fonds collect\u00e9s gr\u00e2ce aux op\u00e9rettes, \u00a0 Chaque ann\u00e9e, la\u2026","rel":"","context":"Dans &quot;Musique&quot;","block_context":{"text":"Musique","link":"http:\/\/www.letourismeaparis.fr\/index.php\/category\/culture\/concerts-musique\/musique\/"},"img":{"alt_text":"","src":"","width":0,"height":0},"classes":[]},{"id":25902,"url":"http:\/\/www.letourismeaparis.fr\/index.php\/2024\/11\/14\/le-cake-aux-olives-au-theatre-de-passy-une-bonne-soiree\/","url_meta":{"origin":25585,"position":1},"title":"\u00ab\u00a0Le cake aux olives \u00a0\u00bb au Th\u00e9atre de Passy : une bonne soir\u00e9e !","author":"Fabienne TM","date":"14 novembre 2024","format":false,"excerpt":"Le Cake aux Olives de J\u00e9r\u00f4me de Verdi\u00e8re : une com\u00e9die dont le spectateur se paye une bonne tranche\u2026de rires ! Lles excellents com\u00e9diens Philippe Chevaller et Bernard Mabille seront appr\u00e9ci\u00e9s ! Bernard a mis, \u00e0 plein volume, la cinqui\u00e8me de Beethoven sur sa chaine Hifi et nettoie m\u00e9ticuleusement un\u2026","rel":"","context":"Dans &quot;Spectacle&quot;","block_context":{"text":"Spectacle","link":"http:\/\/www.letourismeaparis.fr\/index.php\/category\/spectacle\/"},"img":{"alt_text":"","src":"https:\/\/i0.wp.com\/www.letourismeaparis.fr\/wp-content\/uploads\/2024\/11\/Capture-decran-2024-11-14-a-12.34.39.png?resize=350%2C200","width":350,"height":200},"classes":[]},{"id":18374,"url":"http:\/\/www.letourismeaparis.fr\/index.php\/2016\/06\/10\/opera-cote-cour-a-bercy-villages-des-spectacles-gratuits-le-dimanche-a-partir-du-12-juin\/","url_meta":{"origin":25585,"position":2},"title":"&quot;Op\u00e9ra cot\u00e9 cour&quot; \u00e0 Bercy village : des spectacles gratuits le dimanche \u00e0 partir du 12 juin","author":"Fabienne TM","date":"10 juin 2016","format":false,"excerpt":"le festival lyrique Op\u00e9ra c\u00f4t\u00e9 Cour, orchestr\u00e9 par Bercy Village et l\u2019association \u00ab Autres Voix \u00bb, revient pour sa 5e \u00e9dition. Rendez-vous d\u00e8s le dimanche 12 juin pour l'inauguration du festival sur la sc\u00e8ne de la Cour Saint-Emilion, puis tous les dimanches de juin et de septembre pour une \u00e9dition\u2026","rel":"","context":"Dans &quot;Familles&quot;","block_context":{"text":"Familles","link":"http:\/\/www.letourismeaparis.fr\/index.php\/category\/familles\/"},"img":{"alt_text":"","src":"","width":0,"height":0},"classes":[]},{"id":12229,"url":"http:\/\/www.letourismeaparis.fr\/index.php\/2013\/02\/09\/vous-passerez-un-excellent-et-hilarant-moment-avec-attention-maitres-chanteurs-au-theatre-la-bruyere\/","url_meta":{"origin":25585,"position":3},"title":"&quot;Attention Ma\u00eetres Chanteurs&quot; au Th\u00e9atre La Bruy\u00e8re : hilarant, un tr\u00e8s bon moment &#8230;.jusqu&#039;au  8 juillet ! Prolongations !","author":"Fabienne TM","date":"9 f\u00e9vrier 2013","format":false,"excerpt":"de Jacques Gay et Rapha\u00eblle Farman : Une com\u00e9die hilarante qui\u00a0 vous entrainent dans un\u00a0 voyage lyrique, historique et humoristique !! 5 artistes sur sc\u00e8ne (4 chanteurs lyriques et un pianiste com\u00e9dien), vous font revivre l\u2019histoire de la famille Dugosier de la Glotte \u00e0 travers les \u00e2ges. Chaque p\u00e9riode historique\u2026","rel":"","context":"Dans &quot;Non class\u00e9&quot;","block_context":{"text":"Non class\u00e9","link":"http:\/\/www.letourismeaparis.fr\/index.php\/category\/non-classe\/"},"img":{"alt_text":"","src":"","width":0,"height":0},"classes":[]},{"id":25522,"url":"http:\/\/www.letourismeaparis.fr\/index.php\/2024\/03\/01\/revelations-au-theatre-de-passy-une-bonne-soiree\/","url_meta":{"origin":25585,"position":4},"title":"\u00ab\u00a0R\u00e9v\u00e9lations\u00a0\u00bb au Th\u00e9atre de Passy : une bonne soir\u00e9e !","author":"Fabienne TM","date":"1 mars 2024","format":false,"excerpt":"D'excellents com\u00e9diens nous parlent de situations de notre \u00e9poque : V\u00e9ronique Genest, Daniel Russo, Messaline Paillet et \u00c9douard Collin. Les r\u00e9v\u00e9lations sont surprenantes mais ne d\u00e9rapent pas trop.... Alice commence\u2026 Les parents s\u2019attendaient \u00e0 tout sauf \u00e0 \u00e7a..... leur fils continue puis les parents.....Chacun a son \u00ab jardin secret ....\u2026","rel":"","context":"Dans &quot;Th\u00e9atre&quot;","block_context":{"text":"Th\u00e9atre","link":"http:\/\/www.letourismeaparis.fr\/index.php\/category\/spectacle\/theatre\/"},"img":{"alt_text":"","src":"https:\/\/i0.wp.com\/www.letourismeaparis.fr\/wp-content\/uploads\/2024\/03\/Capture-decran-2024-03-01-a-16.26.21.png?resize=350%2C200","width":350,"height":200},"classes":[]},{"id":14061,"url":"http:\/\/www.letourismeaparis.fr\/index.php\/2013\/11\/04\/attention-maitres-chanteurs-une-soiree-hilarante-au-theatre-des-deux-anes\/","url_meta":{"origin":25585,"position":5},"title":"ATTENTION MAITRES CHANTEURS ! une soir\u00e9e hilarante au th\u00e9atre des deux \u00e2nes !","author":"Fabienne TM","date":"4 novembre 2013","format":false,"excerpt":"\u00a0 Venez partager les aventures lyriques et hilarantes de la famille Dugosier de la Glotte, dans une fresque historique\u00a0\u00e9tourdissante et interactive. 4 chanteurs professionnels et un pianiste-com\u00e9dien vous feront voyager \u00e0 travers les plus beaux airs d\u2019Op\u00e9ra, d\u2019Op\u00e9rette et de Com\u00e9die Musicale tout en revisitant l\u2019histoire \u00e0 leur mani\u00e8re. Cerise\u2026","rel":"","context":"Dans &quot;Th\u00e9atre&quot;","block_context":{"text":"Th\u00e9atre","link":"http:\/\/www.letourismeaparis.fr\/index.php\/category\/spectacle\/theatre\/"},"img":{"alt_text":"","src":"","width":0,"height":0},"classes":[]}],"jetpack_sharing_enabled":true,"jetpack_likes_enabled":true,"_links":{"self":[{"href":"http:\/\/www.letourismeaparis.fr\/index.php\/wp-json\/wp\/v2\/posts\/25585","targetHints":{"allow":["GET"]}}],"collection":[{"href":"http:\/\/www.letourismeaparis.fr\/index.php\/wp-json\/wp\/v2\/posts"}],"about":[{"href":"http:\/\/www.letourismeaparis.fr\/index.php\/wp-json\/wp\/v2\/types\/post"}],"author":[{"embeddable":true,"href":"http:\/\/www.letourismeaparis.fr\/index.php\/wp-json\/wp\/v2\/users\/2"}],"replies":[{"embeddable":true,"href":"http:\/\/www.letourismeaparis.fr\/index.php\/wp-json\/wp\/v2\/comments?post=25585"}],"version-history":[{"count":1,"href":"http:\/\/www.letourismeaparis.fr\/index.php\/wp-json\/wp\/v2\/posts\/25585\/revisions"}],"predecessor-version":[{"id":25587,"href":"http:\/\/www.letourismeaparis.fr\/index.php\/wp-json\/wp\/v2\/posts\/25585\/revisions\/25587"}],"wp:featuredmedia":[{"embeddable":true,"href":"http:\/\/www.letourismeaparis.fr\/index.php\/wp-json\/wp\/v2\/media\/25586"}],"wp:attachment":[{"href":"http:\/\/www.letourismeaparis.fr\/index.php\/wp-json\/wp\/v2\/media?parent=25585"}],"wp:term":[{"taxonomy":"category","embeddable":true,"href":"http:\/\/www.letourismeaparis.fr\/index.php\/wp-json\/wp\/v2\/categories?post=25585"},{"taxonomy":"post_tag","embeddable":true,"href":"http:\/\/www.letourismeaparis.fr\/index.php\/wp-json\/wp\/v2\/tags?post=25585"}],"curies":[{"name":"wp","href":"https:\/\/api.w.org\/{rel}","templated":true}]}}