{"id":25637,"date":"2024-05-15T18:25:11","date_gmt":"2024-05-15T16:25:11","guid":{"rendered":"http:\/\/www.letourismeaparis.fr\/?p=25637"},"modified":"2024-05-15T18:25:14","modified_gmt":"2024-05-15T16:25:14","slug":"la-ville-dansee-un-tres-bon-programme-le-8-juin","status":"publish","type":"post","link":"http:\/\/www.letourismeaparis.fr\/index.php\/2024\/05\/15\/la-ville-dansee-un-tres-bon-programme-le-8-juin\/","title":{"rendered":"\u00ab\u00a0La Ville dans\u00e9e\u00a0\u00bb : un tr\u00e8s bon programme le 8 juin"},"content":{"rendered":"\n<p>La Ville dans\u00e9e est une cr\u00e9ation originale et production de Paris Dance Project, r\u00e9alis\u00e9e avec le soutien de la Ville de Paris et en coproduction avec la Philharmonie de Paris.<\/p>\n\n\n\n<p><strong>\u00ab Paris Dance Project souhaite partager au plus grand nombre l\u2019exp\u00e9rience artisanale de la cr\u00e9ation artistique et offrir un regard in\u00e9dit sur la chor\u00e9graphie. \u00bb<\/strong>Solenne du Ha\u00ffs Mascr\u00e9 &amp; Benjamin Millepied<\/p>\n\n\n\n<hr class=\"wp-block-separator has-alpha-channel-opacity\"\/>\n\n\n\n<p>11h Parking de Grigny 91350<\/p>\n\n\n\n<p>12h Hangar Y Meudon 92190<\/p>\n\n\n\n<p>13h   Palais de Tokyo  Avenue du Pr\u00e9sident Wilson                                      Paris-  <strong>75016<\/strong><\/p>\n\n\n\n<p>14h Jardins des grands explorateurs  avenue de l&rsquo;observatoire                  Paris-<strong>75006<\/strong><\/p>\n\n\n\n<p>15h   25 bis rue des \u00e9coles                                    Paris-75005<\/p>\n\n\n\n<p>16h place Maubert.                                               Paris -75008<\/p>\n\n\n\n<p>17h Eglise Saint Bernard de La Chapelle              Paris -75008<\/p>\n\n\n\n<p>18h Toit de la Philharmonie                                    Paris -75019<\/p>\n\n\n\n<p>19h Th\u00e9atre de la Concorde. 1, Avenue Gabriel   Paris -75008<\/p>\n\n\n\n<p>21h Patinoire de Saint Ouen 93400<\/p>\n\n\n\n<p>22h. Place Jean Jaur\u00e8s.  Saint Ouen 93400<\/p>\n","protected":false},"excerpt":{"rendered":"<p>La Ville dans\u00e9e est une cr\u00e9ation originale et production de Paris Dance Project, r\u00e9alis\u00e9e avec le soutien de la Ville de Paris et en coproduction avec la Philharmonie de Paris. \u00ab Paris Dance Project souhaite partager au plus grand nombre&#8230;<\/p>\n","protected":false},"author":2,"featured_media":25639,"comment_status":"open","ping_status":"open","sticky":false,"template":"","format":"standard","meta":{"ngg_post_thumbnail":0,"jetpack_post_was_ever_published":false,"_jetpack_newsletter_access":"","footnotes":""},"categories":[21,47],"tags":[],"class_list":["post-25637","post","type-post","status-publish","format-standard","has-post-thumbnail","hentry","category-danse","category-spectacle"],"jetpack_featured_media_url":"http:\/\/www.letourismeaparis.fr\/wp-content\/uploads\/2024\/05\/Capture-decran-2024-05-15-a-17.38.36.png","jetpack-related-posts":[{"id":8576,"url":"http:\/\/www.letourismeaparis.fr\/index.php\/2010\/09\/17\/hors-les-murs-du-musee-galliera-au-musee-dart-moderne-de-la-ville-de-paris-sonia-delaunay-1885-1979-et-natalia-gontcharova-1881-1962\/","url_meta":{"origin":25637,"position":0},"title":"Hors les murs du Mus\u00e9e Galliera au Mus\u00e9e d\u2019Art moderne de la Ville de Paris Sonia Delaunay (1885-1979) et Natalia Gontcharova (1881-1962)","author":"Fabienne TM","date":"17 septembre 2010","format":false,"excerpt":"On notera la parent\u00e9 d\u2019inspiration entre la cr\u00e9ation picturale et textile de Sonia Delaunay (1885-1979) et Natalia Gontcharova (1881-1962), deux artistes d\u2019origine russe install\u00e9es \u00e0 Paris. Cette pr\u00e9sentation est organis\u00e9e dans le cadre de l\u2019Ann\u00e9e France Russie 2010. A partir du 8 octobre. Natalia Gontcharova pour salon Myrbor .Satin de\u2026","rel":"","context":"Dans &quot;Non class\u00e9&quot;","block_context":{"text":"Non class\u00e9","link":"http:\/\/www.letourismeaparis.fr\/index.php\/category\/non-classe\/"},"img":{"alt_text":"","src":"http:\/\/www.letourismeaparis.fr\/wp-content\/uploads\/2010\/09\/galliera1.bmp","width":350,"height":200},"classes":[]},{"id":14930,"url":"http:\/\/www.letourismeaparis.fr\/index.php\/2014\/08\/17\/paris-1900-la-ville-spectacle-au-petit-palais\/","url_meta":{"origin":25637,"position":1},"title":"\u00ab PARIS 1900, LA VILLE SPECTACLE \u00bb au Petit Palais : films, concerts et conf\u00e9rences","author":"Fabienne TM","date":"17 ao\u00fbt 2014","format":false,"excerpt":"\u00a0L'exposition invite le public \u00e0 revivre les heures fastes de la capitale fran\u00e7aise au moment o\u00f9 elle accueille l\u2019Exposition Universelle qui inaugure en fanfare le 20e si\u00e8cle. Plus que jamais la ville rayonne aux yeux du monde entier comme la cit\u00e9 du luxe et de l\u2019art de vivre. Plus de\u2026","rel":"","context":"Dans &quot;Mus\u00e9es \/ Expositions&quot;","block_context":{"text":"Mus\u00e9es \/ Expositions","link":"http:\/\/www.letourismeaparis.fr\/index.php\/category\/culture\/musees-expositions\/"},"img":{"alt_text":"","src":"","width":0,"height":0},"classes":[]},{"id":10408,"url":"http:\/\/www.letourismeaparis.fr\/index.php\/2011\/06\/03\/8e-edition-dentrez-dans-la-danse-de-nombreux-spectacles-gratuits-dimanche-5-juin\/","url_meta":{"origin":25637,"position":2},"title":"8e \u00e9dition d&#039;&quot;Entrez dans la danse&quot; : de nombreux spectacles gratuits , dimanche 5 juin","author":"Fabienne TM","date":"3 juin 2011","format":false,"excerpt":"\u00ab Entrez dans la danse \u00bb vous donne rendez-vous le dimanche 5 juin de 14h \u00e0 23h. Paris et notamment le quartier Bercy deviendront le cadre sc\u00e9nique de 200 artistes qui vous feront (re)d\u00e9couvrir la danse \u00e0 travers plus de 50 spectacles gratuits et 18 ateliers d'initiations. Pr\u00e9sentation de plus\u2026","rel":"","context":"Dans &quot;Non class\u00e9&quot;","block_context":{"text":"Non class\u00e9","link":"http:\/\/www.letourismeaparis.fr\/index.php\/category\/non-classe\/"},"img":{"alt_text":"","src":"","width":0,"height":0},"classes":[]},{"id":18181,"url":"http:\/\/www.letourismeaparis.fr\/index.php\/2016\/04\/30\/les-musiterriens-en-concert\/","url_meta":{"origin":25637,"position":3},"title":"Les Musi&#039;terriens en concert","author":"Fabienne TM","date":"30 avril 2016","format":false,"excerpt":"Les Musi'terriens en concert Les associations\u00a0Les Musi\u2019terriens\u00a0et l\u2019Ecole Normale Sociale\u00a0se sont r\u00e9unies pour collecter, arranger, travailler et interpr\u00e9ter sur sc\u00e8ne des chants de f\u00eate du monde entier.Rendez-vous le 5 juin \u00e0 la Halle Pajol pour un de leurs concerts. Les\u00a0Musi\u2019terriens\u00a0ont souhait\u00e9 aller \u00e0 la source de ces chants du monde\u2026","rel":"","context":"Dans &quot;Non class\u00e9&quot;","block_context":{"text":"Non class\u00e9","link":"http:\/\/www.letourismeaparis.fr\/index.php\/category\/non-classe\/"},"img":{"alt_text":"","src":"https:\/\/i0.wp.com\/www.letourismeaparis.fr\/wp-content\/uploads\/2016\/04\/mujiterriens.jpeg?resize=350%2C200","width":350,"height":200},"classes":[]},{"id":10867,"url":"http:\/\/www.letourismeaparis.fr\/index.php\/2011\/08\/01\/paris-quartier-dete-aux-invalides\/","url_meta":{"origin":25637,"position":4},"title":"Paris Quartier d\u2019Et\u00e9 aux Invalides !","author":"Fabienne TM","date":"1 ao\u00fbt 2011","format":false,"excerpt":"2 ao\u00fbt \u00e0 16h et 21h Obstacle Compagnie Trafic de Styles \/ S\u00e9bastien Lefran\u00e7ois Danse hip hop Gratuit Du 3 au 6 ao\u00fbt \u00e0 22h Brilliant Corners Emanuel Gat Dance \/ Emanuel Gat 19 juillet \u00e0 19h30 et 21h El como quieres Compagnie Toujours apr\u00e8s minuit \/ Brigitte Seth et\u2026","rel":"","context":"Dans &quot;Non class\u00e9&quot;","block_context":{"text":"Non class\u00e9","link":"http:\/\/www.letourismeaparis.fr\/index.php\/category\/non-classe\/"},"img":{"alt_text":"","src":"","width":0,"height":0},"classes":[]},{"id":20841,"url":"http:\/\/www.letourismeaparis.fr\/index.php\/2018\/03\/02\/lets-dance-la-grande-halle-de-la-villette\/","url_meta":{"origin":25637,"position":5},"title":"Let&#039;s dance \u00e0 la Grande Halle de la Villette","author":"Fabienne TM","date":"2 mars 2018","format":false,"excerpt":"C\u2019est sous la Grande halle que se tiendra la deuxi\u00e8me \u00e9dition du salon de la danse, Let\u2019s DANCE \u00ae. Paris\u00a0 vibrera au rythme des tous les styles de danse. Sans oublier le Grand Prix de Paris Let\u2019s DANCE \u00ae ! Octavie Escure dans une volont\u00e9 de d\u00e9mocratiser la danse classique,\u2026","rel":"","context":"Dans &quot;Danse&quot;","block_context":{"text":"Danse","link":"http:\/\/www.letourismeaparis.fr\/index.php\/category\/spectacle\/danse\/"},"img":{"alt_text":"","src":"","width":0,"height":0},"classes":[]}],"jetpack_sharing_enabled":true,"jetpack_likes_enabled":true,"_links":{"self":[{"href":"http:\/\/www.letourismeaparis.fr\/index.php\/wp-json\/wp\/v2\/posts\/25637","targetHints":{"allow":["GET"]}}],"collection":[{"href":"http:\/\/www.letourismeaparis.fr\/index.php\/wp-json\/wp\/v2\/posts"}],"about":[{"href":"http:\/\/www.letourismeaparis.fr\/index.php\/wp-json\/wp\/v2\/types\/post"}],"author":[{"embeddable":true,"href":"http:\/\/www.letourismeaparis.fr\/index.php\/wp-json\/wp\/v2\/users\/2"}],"replies":[{"embeddable":true,"href":"http:\/\/www.letourismeaparis.fr\/index.php\/wp-json\/wp\/v2\/comments?post=25637"}],"version-history":[{"count":2,"href":"http:\/\/www.letourismeaparis.fr\/index.php\/wp-json\/wp\/v2\/posts\/25637\/revisions"}],"predecessor-version":[{"id":25640,"href":"http:\/\/www.letourismeaparis.fr\/index.php\/wp-json\/wp\/v2\/posts\/25637\/revisions\/25640"}],"wp:featuredmedia":[{"embeddable":true,"href":"http:\/\/www.letourismeaparis.fr\/index.php\/wp-json\/wp\/v2\/media\/25639"}],"wp:attachment":[{"href":"http:\/\/www.letourismeaparis.fr\/index.php\/wp-json\/wp\/v2\/media?parent=25637"}],"wp:term":[{"taxonomy":"category","embeddable":true,"href":"http:\/\/www.letourismeaparis.fr\/index.php\/wp-json\/wp\/v2\/categories?post=25637"},{"taxonomy":"post_tag","embeddable":true,"href":"http:\/\/www.letourismeaparis.fr\/index.php\/wp-json\/wp\/v2\/tags?post=25637"}],"curies":[{"name":"wp","href":"https:\/\/api.w.org\/{rel}","templated":true}]}}