{"id":25662,"date":"2024-06-01T15:55:23","date_gmt":"2024-06-01T13:55:23","guid":{"rendered":"http:\/\/www.letourismeaparis.fr\/?p=25662"},"modified":"2024-06-01T16:01:49","modified_gmt":"2024-06-01T14:01:49","slug":"lexperience-paradox-attendez-vous-a-linattendu-courez-y","status":"publish","type":"post","link":"http:\/\/www.letourismeaparis.fr\/index.php\/2024\/06\/01\/lexperience-paradox-attendez-vous-a-linattendu-courez-y\/","title":{"rendered":"L&rsquo;EXP\u00c9RIENCE PARADOX , Attendez-vous \u00e0 l&rsquo;inattendu, Courez\u00a0-y\u00a0!"},"content":{"rendered":"\n<p>D\u00e9fiez la r\u00e9alit\u00e9 !<\/p>\n\n\n\n<p>Ici,rien n&rsquo;a de sens, et pourtant tout est totalement r\u00e9el ! le Paradox Museum est un lieu de visite et d&rsquo;exp\u00e9rience incontournable pour tous les \u00e2ges.<\/p>\n\n\n\n<hr class=\"wp-block-separator has-alpha-channel-opacity\"\/>\n\n\n\n<p>Signifiant \u00ab\u00a0contraire \u00e0 ce qui est attendu\u00a0\u00bb ou \u00ab\u00a0incroyable\u00a0\u00bb en grec ancien, le mot paradoxe a fini par signifier oppos\u00e9 ou contradictoire dans le langage actuel. En fait, les vrais paradoxes sont des choses qui, si elles sont vraies, sont fausses, et si elles sont fausses, sont vraies : d\u00e9fiez la r\u00e9alit\u00e9 !<\/p>\n\n\n\n<hr class=\"wp-block-separator has-alpha-channel-opacity\"\/>\n\n\n\n<p>Quelques exemples&nbsp;:!<\/p>\n\n\n\n<p>La salle invers\u00e9e<\/p>\n\n\n\n<p>Tout est \u00e0 l\u2019envers ici (ou presque) !<\/p>\n\n\n\n<p>Tout comme les magiciens qui flottent dans les airs sans \u00eatre attach\u00e9s, dans la salle invers\u00e9e tout semble d\u00e9fier la gravit\u00e9. Alors venez, prenez la pose et pr\u00e9parez-vous \u00e0 changer radicalement votre vision du monde !<\/p>\n\n\n\n<p>Dans ce tunnel, marcher droit vous semblera impossible !<\/p>\n\n\n\n<p>Pouvez-vous imaginer qu\u2019une t\u00e2che aussi simple que marcher droit vous semble impossible ? Le Tunnel Paradox perturbera votre perception de la direction gravitationnelle, vous donnant l\u2019impression que le monde autour de vous est d\u00e9form\u00e9. C\u2019est vraiment hallucinant !<\/p>\n\n\n\n<p>Magie, r\u00e9alit\u00e9 ou un bug du syst\u00e8me ?<\/p>\n\n\n\n<p>Le Paradox Sofa donne l\u2019impression que le corps de quelqu\u2019un a \u00e9t\u00e9 d\u00e9coup\u00e9. S\u2019agit-il d\u2019une v\u00e9ritable conspiration ou de deux complices qui s\u2019amusent et se d\u00e9tendent sur le canap\u00e9 ? Il faut le voir pour le croire !<\/p>\n\n\n\n<p>38, boulevard des Italiens &nbsp;&nbsp;Paris 75009<\/p>\n\n\n\n<p><a href=\"http:\/\/www.paradox.com\">http:\/\/www.paradox.com<\/a><\/p>\n","protected":false},"excerpt":{"rendered":"<p>D\u00e9fiez la r\u00e9alit\u00e9 ! Ici,rien n&rsquo;a de sens, et pourtant tout est totalement r\u00e9el ! le Paradox Museum est un lieu de visite et d&rsquo;exp\u00e9rience incontournable pour tous les \u00e2ges. Signifiant \u00ab\u00a0contraire \u00e0 ce qui est attendu\u00a0\u00bb ou \u00ab\u00a0incroyable\u00a0\u00bb en&#8230;<\/p>\n","protected":false},"author":2,"featured_media":25664,"comment_status":"open","ping_status":"open","sticky":false,"template":"","format":"standard","meta":{"ngg_post_thumbnail":0,"jetpack_post_was_ever_published":false,"_jetpack_newsletter_access":"","footnotes":""},"categories":[28,27],"tags":[],"class_list":["post-25662","post","type-post","status-publish","format-standard","has-post-thumbnail","hentry","category-familles","category-musees-expositions"],"jetpack_featured_media_url":"http:\/\/www.letourismeaparis.fr\/wp-content\/uploads\/2024\/06\/Capture-decran-2024-06-01-a-15.53.23.png","jetpack-related-posts":[{"id":26216,"url":"http:\/\/www.letourismeaparis.fr\/index.php\/2025\/06\/01\/le-bonheur-conjugal-de-leon-tolstoi\/","url_meta":{"origin":25662,"position":0},"title":"\u00ab\u00a0Le Bonheur Conjugal \u00a0\u00bb de L\u00e9on Tolsto\u00ef","author":"Fabienne TM","date":"1 juin 2025","format":false,"excerpt":"Anne Richard interpr\u00e8te avec talent cette oeuvre de L\u00e9on Tolsto\u00ef accompagn\u00e9e par le pianiste Nicolas Chevereau au th\u00e9atre de Poche. Une soir\u00e9e th\u00e9atrale de qualit\u00e9. Qu\u2019est-ce que le bonheur conjugal ? Une promesse, un paradoxe ? Macha fera une \u00e9mouvante confidence et nous prom\u00e8nera dans les m\u00e9andres de son \u00e2me,\u2026","rel":"","context":"Dans &quot;Th\u00e9atre&quot;","block_context":{"text":"Th\u00e9atre","link":"http:\/\/www.letourismeaparis.fr\/index.php\/category\/spectacle\/theatre\/"},"img":{"alt_text":"","src":"https:\/\/i0.wp.com\/www.letourismeaparis.fr\/wp-content\/uploads\/2025\/06\/Capture-decran-2025-06-01-a-15.37.54.png?resize=350%2C200","width":350,"height":200},"classes":[]},{"id":12760,"url":"http:\/\/www.letourismeaparis.fr\/index.php\/2013\/02\/04\/pulsions-spectacle-de-fin-detudes-de-la-24e-promotion-du-centre-national-des-arts-du-cirque-jusquau-10-fevrier\/","url_meta":{"origin":25662,"position":1},"title":"&quot;Pulsions&quot; spectacle de fin d&#039;\u00e9tudes de la 24e promotion du  Centre national des arts du cirque ,  jusqu&#039;au 10 f\u00e9vrier","author":"Fabienne TM","date":"4 f\u00e9vrier 2013","format":false,"excerpt":"La 24e promotion du Cnac s'installe \u00e0 la Villette pour 20 repr\u00e9sentations, afin de pr\u00e9senter son spectacle de fin d'\u00e9tudes, point final de leur dipl\u00f4me des m\u00e9tiers des arts du cirque. Guid\u00e9s par le metteur en sc\u00e8ne Laurent Laffargue, les dix-sept \u00e9tudiants, sur le seuil de leur vie d'artistes professionnels,\u2026","rel":"","context":"Dans &quot;Non class\u00e9&quot;","block_context":{"text":"Non class\u00e9","link":"http:\/\/www.letourismeaparis.fr\/index.php\/category\/non-classe\/"},"img":{"alt_text":"","src":"","width":0,"height":0},"classes":[]},{"id":24646,"url":"http:\/\/www.letourismeaparis.fr\/index.php\/2022\/03\/02\/eternelle-notre-dame-une-expedition-immersive-en-realite-virtuelle-superbe\/","url_meta":{"origin":25662,"position":2},"title":"\u00ab\u00a0Eternelle Notre Dame\u00a0\u00bb une   exp\u00e9dition immersive en r\u00e9alit\u00e9 virtuelle : superbe !","author":"Fabienne TM","date":"2 mars 2022","format":false,"excerpt":"La premi\u00e8re exp\u00e9dition en r\u00e9alit\u00e9 virtuelle de Notre-Dame de Paris La premi\u00e8re exp\u00e9rience totalement immersive en r\u00e9alit\u00e9 virtuelle sur Notre-Dame de Paris. Un formidable \u00a0spectacle in\u00e9dit et novateur pour faire revivre Notre-Dame gr\u00e2ce \u00e0 une technologie de pointe. Vous vivrez un inoubliable voyage dans le temps avec cette exp\u00e9rience produite\u2026","rel":"","context":"Dans &quot;Culture&quot;","block_context":{"text":"Culture","link":"http:\/\/www.letourismeaparis.fr\/index.php\/category\/culture\/"},"img":{"alt_text":"","src":"https:\/\/i0.wp.com\/www.letourismeaparis.fr\/wp-content\/uploads\/2022\/03\/Capture-d%E2%80%99e%CC%81cran-2022-03-02-a%CC%80-11.54.52.png?resize=350%2C200","width":350,"height":200},"classes":[]},{"id":17290,"url":"http:\/\/www.letourismeaparis.fr\/index.php\/2015\/01\/12\/des-cours-dhistoire-de-lart-a-la-mairie-du-11-eme-et-des-conferences\/","url_meta":{"origin":25662,"position":3},"title":"Des cours d&#039;histoire de l&#039;art \u00e0 la mairie du 11 \u00e8me et des conf\u00e9rences&#8230;..mercredi 9 d\u00e9cembre","author":"Fabienne TM","date":"12 janvier 2015","format":false,"excerpt":"Les cours d\u2019histoire des arts Cette s\u00e9rie de conf\u00e9rences propose un panorama de l'histoire des arts au 19e si\u00e8cle en huit volets. Pour d\u00e9couvrir les chefs-d'\u0153uvre du si\u00e8cle de l'industrie mais aussi les interactions entre beaux-arts et musique, litt\u00e9rature et architecture, philosophie et design. Un mercredi par mois \u00e0 19h\u2026","rel":"","context":"Dans &quot;Non class\u00e9&quot;","block_context":{"text":"Non class\u00e9","link":"http:\/\/www.letourismeaparis.fr\/index.php\/category\/non-classe\/"},"img":{"alt_text":"","src":"https:\/\/i0.wp.com\/www.letourismeaparis.fr\/wp-content\/uploads\/2015\/10\/mairie-du-11-%C3%83%C2%A8me-212x300.jpeg?resize=350%2C200","width":350,"height":200},"classes":[]},{"id":24600,"url":"http:\/\/www.letourismeaparis.fr\/index.php\/2022\/02\/09\/notre-dame-a-la-grande-arche\/","url_meta":{"origin":25662,"position":4},"title":"Notre Dame \u00e0 la Grande Arche","author":"Fabienne TM","date":"9 f\u00e9vrier 2022","format":false,"excerpt":"La premi\u00e8re exp\u00e9dition en r\u00e9alit\u00e9 virtuelle de Notre-Dame de Paris La premi\u00e8re exp\u00e9rience totalement immersive en r\u00e9alit\u00e9 virtuelle sur Notre-Dame de Paris. Un spectacle in\u00e9dit et novateur pour faire revivre Notre-Dame gr\u00e2ce \u00e0 une technologie de pointe. Vivez un inoubliable voyage dans le temps avec cette exp\u00e9rience produite par Amaclio\u2026","rel":"","context":"Dans &quot;Culture&quot;","block_context":{"text":"Culture","link":"http:\/\/www.letourismeaparis.fr\/index.php\/category\/culture\/"},"img":{"alt_text":"","src":"","width":0,"height":0},"classes":[]},{"id":24796,"url":"http:\/\/www.letourismeaparis.fr\/index.php\/2022\/09\/16\/le-survol-de-la-france-en-realite-virtuelle\/","url_meta":{"origin":25662,"position":5},"title":"\u00ab Le Survol de la France \u00bb en r\u00e9alit\u00e9 virtuelle","author":"Fabienne TM","date":"16 septembre 2022","format":false,"excerpt":"\u00a0\u00ab Le Survol de la France \u00bb, une fabuleuse exp\u00e9rience en r\u00e9alit\u00e9 virtuelle hors-norme qui combine des images a\u00e9riennes totalement in\u00e9dites et une technologie de pointe pour vous faire voler au-dessus des sites les plus remarquables de France. Les pilotes d\u2019un jour sont propuls\u00e9s dans les airs pour un incroyable\u2026","rel":"","context":"Dans &quot;Cin\u00e9ma&quot;","block_context":{"text":"Cin\u00e9ma","link":"http:\/\/www.letourismeaparis.fr\/index.php\/category\/spectacle\/cinema\/"},"img":{"alt_text":"","src":"https:\/\/i0.wp.com\/www.letourismeaparis.fr\/wp-content\/uploads\/2022\/09\/Capture-d%E2%80%99e%CC%81cran-2022-09-16-a%CC%80-19.00.34.png?resize=350%2C200","width":350,"height":200,"srcset":"https:\/\/i0.wp.com\/www.letourismeaparis.fr\/wp-content\/uploads\/2022\/09\/Capture-d%E2%80%99e%CC%81cran-2022-09-16-a%CC%80-19.00.34.png?resize=350%2C200 1x, https:\/\/i0.wp.com\/www.letourismeaparis.fr\/wp-content\/uploads\/2022\/09\/Capture-d%E2%80%99e%CC%81cran-2022-09-16-a%CC%80-19.00.34.png?resize=525%2C300 1.5x"},"classes":[]}],"jetpack_sharing_enabled":true,"jetpack_likes_enabled":true,"_links":{"self":[{"href":"http:\/\/www.letourismeaparis.fr\/index.php\/wp-json\/wp\/v2\/posts\/25662","targetHints":{"allow":["GET"]}}],"collection":[{"href":"http:\/\/www.letourismeaparis.fr\/index.php\/wp-json\/wp\/v2\/posts"}],"about":[{"href":"http:\/\/www.letourismeaparis.fr\/index.php\/wp-json\/wp\/v2\/types\/post"}],"author":[{"embeddable":true,"href":"http:\/\/www.letourismeaparis.fr\/index.php\/wp-json\/wp\/v2\/users\/2"}],"replies":[{"embeddable":true,"href":"http:\/\/www.letourismeaparis.fr\/index.php\/wp-json\/wp\/v2\/comments?post=25662"}],"version-history":[{"count":3,"href":"http:\/\/www.letourismeaparis.fr\/index.php\/wp-json\/wp\/v2\/posts\/25662\/revisions"}],"predecessor-version":[{"id":25668,"href":"http:\/\/www.letourismeaparis.fr\/index.php\/wp-json\/wp\/v2\/posts\/25662\/revisions\/25668"}],"wp:featuredmedia":[{"embeddable":true,"href":"http:\/\/www.letourismeaparis.fr\/index.php\/wp-json\/wp\/v2\/media\/25664"}],"wp:attachment":[{"href":"http:\/\/www.letourismeaparis.fr\/index.php\/wp-json\/wp\/v2\/media?parent=25662"}],"wp:term":[{"taxonomy":"category","embeddable":true,"href":"http:\/\/www.letourismeaparis.fr\/index.php\/wp-json\/wp\/v2\/categories?post=25662"},{"taxonomy":"post_tag","embeddable":true,"href":"http:\/\/www.letourismeaparis.fr\/index.php\/wp-json\/wp\/v2\/tags?post=25662"}],"curies":[{"name":"wp","href":"https:\/\/api.w.org\/{rel}","templated":true}]}}