{"id":25670,"date":"2024-06-07T19:31:53","date_gmt":"2024-06-07T17:31:53","guid":{"rendered":"http:\/\/www.letourismeaparis.fr\/?p=25670"},"modified":"2024-06-07T19:31:55","modified_gmt":"2024-06-07T17:31:55","slug":"festival-gratuit-a-la-seine-musicale-du-8-au-11-juillet","status":"publish","type":"post","link":"http:\/\/www.letourismeaparis.fr\/index.php\/2024\/06\/07\/festival-gratuit-a-la-seine-musicale-du-8-au-11-juillet\/","title":{"rendered":"Festival gratuit \u00e0 la Seine musicale du 8 au 11 juillet"},"content":{"rendered":"\n<p>Pour la 5<sup>e<\/sup>\u00a0ann\u00e9e cons\u00e9cutive, mk2, en partenariat avec le D\u00e9partement des Hauts-de-Seine, installe son Cin\u00e9club Paradiso sur le parvis de La Seine Musicale du 8 au 11 juillet pour quatre soir\u00e9es de cin\u00e9ma et de danse. Un festival gratuit pour faire vivre \u00e0 tous des soir\u00e9es inoubliables plac\u00e9es sous le signe de la culture.\u00a0<\/p>\n\n\n\n<hr class=\"wp-block-separator has-alpha-channel-opacity\"\/>\n\n\n\n<p><strong>Du lundi 8 au jeudi 11 juillet<\/strong><\/p>\n\n\n\n<p><strong>Programmation en ligne&nbsp;le 12 juin :&nbsp;<\/strong><em><a href=\"https:\/\/thepublicists.us12.list-manage.com\/track\/click?u=73e7fda2a33bc83bfc84c30b4&amp;id=89913299dd&amp;e=3634670062\" target=\"_blank\" rel=\"noreferrer noopener\">mk2festivalparadiso.com<\/a><\/em><\/p>\n","protected":false},"excerpt":{"rendered":"<p>Pour la 5e\u00a0ann\u00e9e cons\u00e9cutive, mk2, en partenariat avec le D\u00e9partement des Hauts-de-Seine, installe son Cin\u00e9club Paradiso sur le parvis de La Seine Musicale du 8 au 11 juillet pour quatre soir\u00e9es de cin\u00e9ma et de danse. Un festival gratuit pour&#8230;<\/p>\n","protected":false},"author":2,"featured_media":25671,"comment_status":"open","ping_status":"open","sticky":false,"template":"","format":"standard","meta":{"ngg_post_thumbnail":0,"jetpack_post_was_ever_published":false,"_jetpack_newsletter_access":"","footnotes":""},"categories":[14,362,21,34,47],"tags":[],"class_list":["post-25670","post","type-post","status-publish","format-standard","has-post-thumbnail","hentry","category-cinema","category-concerts-musique","category-danse","category-jardins","category-spectacle"],"jetpack_featured_media_url":"http:\/\/www.letourismeaparis.fr\/wp-content\/uploads\/2024\/06\/Capture-decran-2024-06-07-a-19.30.47.png","jetpack-related-posts":[{"id":15414,"url":"http:\/\/www.letourismeaparis.fr\/index.php\/2014\/07\/07\/festival-paris-cinema-jusquau-12-juillet-2\/","url_meta":{"origin":25670,"position":0},"title":"Festival Paris Cin\u00e9ma jusqu&#039;au 12 juillet","author":"Fabienne TM","date":"7 juillet 2014","format":false,"excerpt":"un programme \u00a0rythm\u00e9, vitamin\u00e9 et impertinent : performances et exp\u00e9riences musicales festives \u00a0en plein air sur les Berges de Seine, com\u00e9dies fran\u00e7aises \u00a0grandes avant-premi\u00e8res cannoises, chef-d\u2019oeuvres du patrimoine et nouvelles figures du jeune cin\u00e9ma fran\u00e7ais (French Lab)\u2026le cin\u00e9ma est un art \u00a0vital, http:\/\/www.pariscinema.org\/fr\/agenda.html http:\/\/www.pariscinema.org\/data\/classes\/page\/page_5469_pdfguide.pdf","rel":"","context":"Dans &quot;Cin\u00e9ma&quot;","block_context":{"text":"Cin\u00e9ma","link":"http:\/\/www.letourismeaparis.fr\/index.php\/category\/spectacle\/cinema\/"},"img":{"alt_text":"","src":"","width":0,"height":0},"classes":[]},{"id":16781,"url":"http:\/\/www.letourismeaparis.fr\/index.php\/2015\/06\/05\/le-paris-jazz-festival-au-parc-floral-du-7-juin-au-26-juillet-2015\/","url_meta":{"origin":25670,"position":1},"title":"Le Paris Jazz festival au Parc Floral, du 7 juin au 26 juillet 2015,","author":"Fabienne TM","date":"5 juin 2015","format":false,"excerpt":"Sur\u00a08 week-ends,\u00a015 journ\u00e9es\u00a0et\u00a03 soir\u00e9es,\u00a031 concerts\u00a0sont programm\u00e9s de nombreuses animations et ateliers d'initiation musicales vous seront propos\u00e9s. Ouverture le dimanche 7 juin, concerts \u00e0 12h, 14h15 et 16h Dimanche 7 juin :\u00a0Paris-Londres Samedi 13 et dimanche 14 juin :\u00a0Paris-Rome Samedi 20 et dimanche 21 juin -\u00a0Paris-Tokyo Samedi 27 et dimanche 28\u2026","rel":"","context":"Dans &quot;Musique&quot;","block_context":{"text":"Musique","link":"http:\/\/www.letourismeaparis.fr\/index.php\/category\/culture\/concerts-musique\/musique\/"},"img":{"alt_text":"","src":"","width":0,"height":0},"classes":[]},{"id":8187,"url":"http:\/\/www.letourismeaparis.fr\/index.php\/2010\/07\/22\/les-concerts-et-les-animations-de-paris-plage-du-23-au-31-juillet-a-ne-pas-manquer\/","url_meta":{"origin":25670,"position":2},"title":"Les concerts  et les animations de Paris Plage  du 23 au 31 juillet : \u00e0 ne pas manquer !","author":"Fabienne TM","date":"22 juillet 2010","format":false,"excerpt":"mardi 20 juillet Talents du XIX De 10h \u00e0 18h Pont de Sully Concerts, projections, ateliers au programme anim\u00e9s par des associations du XIXe arrondissement. Danse de Salon De 17h \u00e0 20h Pont Neuf et Quai de Seine Des cours de danse sur tous les styles de musiques. Tous les\u2026","rel":"","context":"Dans &quot;Non class\u00e9&quot;","block_context":{"text":"Non class\u00e9","link":"http:\/\/www.letourismeaparis.fr\/index.php\/category\/non-classe\/"},"img":{"alt_text":"","src":"","width":0,"height":0},"classes":[]},{"id":15316,"url":"http:\/\/www.letourismeaparis.fr\/index.php\/2014\/06\/24\/paris-jazz-festival-fete-ses-20-ans-partir-du-7-juin\/","url_meta":{"origin":25670,"position":3},"title":"Paris Jazz Festival f\u00eate ses 20 ans \u00e0 partir du 7 juin","author":"Fabienne TM","date":"24 juin 2014","format":false,"excerpt":"Paris Jazz Festival f\u00eate ses 20 ans Le Paris Jazz Festival, rendez-vous incontournable du parc floral, f\u00eate cette ann\u00e9e ses 20 ans du 7 juin au 27 juillet 2014. Soutenu par la Ville de Paris et la Direction des espaces verts et de l\u2019environnement, il est devenu le premier des\u2026","rel":"","context":"Dans &quot;Festivals \/ Manifestations&quot;","block_context":{"text":"Festivals \/ Manifestations","link":"http:\/\/www.letourismeaparis.fr\/index.php\/category\/spectacle\/festival\/"},"img":{"alt_text":"","src":"https:\/\/i0.wp.com\/www.letourismeaparis.fr\/wp-content\/uploads\/2014\/06\/jazz.jpeg?resize=350%2C200","width":350,"height":200},"classes":[]},{"id":10689,"url":"http:\/\/www.letourismeaparis.fr\/index.php\/2011\/07\/07\/du-3-au-13-juillet-2011-festival-paris-cinema\/","url_meta":{"origin":25670,"position":4},"title":"Festival Paris Cin\u00e9ma jusqu&#039;au 13 juillet","author":"Fabienne TM","date":"7 juillet 2011","format":false,"excerpt":"Le Festival Paris Cin\u00e9ma propose des avant-premi\u00e8res prestigieuses, une comp\u00e9tition internationale de longs m\u00e9trages, des films rares ou inattendus, et des rencontres avec des personnalit\u00e9s marquantes du cin\u00e9ma. Le Mexique\u00a0 est \u00e0 l\u2019honneur ; Hommages et r\u00e9trospectives .... Hommage \u00e0 Isabella Rossellini Michael Lonsdale Gael Garc\u00eda Bernal Dans le cadre\u2026","rel":"","context":"Dans &quot;Non class\u00e9&quot;","block_context":{"text":"Non class\u00e9","link":"http:\/\/www.letourismeaparis.fr\/index.php\/category\/non-classe\/"},"img":{"alt_text":"","src":"","width":0,"height":0},"classes":[]},{"id":25068,"url":"http:\/\/www.letourismeaparis.fr\/index.php\/2023\/06\/28\/le-festival-namaste-france\/","url_meta":{"origin":25670,"position":5},"title":"Le festival Namast\u00e9 France 6-9 juillet","author":"Fabienne TM","date":"28 juin 2023","format":false,"excerpt":"La Seine musicale accueille ce festival. L'Ambassade d'Inde \u00e0 Paris organise le festival Namast\u00e9 France afin de c\u00e9l\u00e9brer avec faste les 25 ans du partenariat strat\u00e9gique entre l'Inde et la France Pendant le festival, Namast\u00e9 France mettra en valeur un m\u00e9lange \u00e9clectique du meilleur des traditions culturelles vivantes et des\u2026","rel":"","context":"Dans &quot;Artisanat&quot;","block_context":{"text":"Artisanat","link":"http:\/\/www.letourismeaparis.fr\/index.php\/category\/culture\/musees-expositions\/artisanat\/"},"img":{"alt_text":"","src":"https:\/\/i0.wp.com\/www.letourismeaparis.fr\/wp-content\/uploads\/2023\/03\/Capture-decran-2023-03-21-a-18.10.01.png?resize=350%2C200","width":350,"height":200,"srcset":"https:\/\/i0.wp.com\/www.letourismeaparis.fr\/wp-content\/uploads\/2023\/03\/Capture-decran-2023-03-21-a-18.10.01.png?resize=350%2C200 1x, https:\/\/i0.wp.com\/www.letourismeaparis.fr\/wp-content\/uploads\/2023\/03\/Capture-decran-2023-03-21-a-18.10.01.png?resize=525%2C300 1.5x"},"classes":[]}],"jetpack_sharing_enabled":true,"jetpack_likes_enabled":true,"_links":{"self":[{"href":"http:\/\/www.letourismeaparis.fr\/index.php\/wp-json\/wp\/v2\/posts\/25670","targetHints":{"allow":["GET"]}}],"collection":[{"href":"http:\/\/www.letourismeaparis.fr\/index.php\/wp-json\/wp\/v2\/posts"}],"about":[{"href":"http:\/\/www.letourismeaparis.fr\/index.php\/wp-json\/wp\/v2\/types\/post"}],"author":[{"embeddable":true,"href":"http:\/\/www.letourismeaparis.fr\/index.php\/wp-json\/wp\/v2\/users\/2"}],"replies":[{"embeddable":true,"href":"http:\/\/www.letourismeaparis.fr\/index.php\/wp-json\/wp\/v2\/comments?post=25670"}],"version-history":[{"count":1,"href":"http:\/\/www.letourismeaparis.fr\/index.php\/wp-json\/wp\/v2\/posts\/25670\/revisions"}],"predecessor-version":[{"id":25672,"href":"http:\/\/www.letourismeaparis.fr\/index.php\/wp-json\/wp\/v2\/posts\/25670\/revisions\/25672"}],"wp:featuredmedia":[{"embeddable":true,"href":"http:\/\/www.letourismeaparis.fr\/index.php\/wp-json\/wp\/v2\/media\/25671"}],"wp:attachment":[{"href":"http:\/\/www.letourismeaparis.fr\/index.php\/wp-json\/wp\/v2\/media?parent=25670"}],"wp:term":[{"taxonomy":"category","embeddable":true,"href":"http:\/\/www.letourismeaparis.fr\/index.php\/wp-json\/wp\/v2\/categories?post=25670"},{"taxonomy":"post_tag","embeddable":true,"href":"http:\/\/www.letourismeaparis.fr\/index.php\/wp-json\/wp\/v2\/tags?post=25670"}],"curies":[{"name":"wp","href":"https:\/\/api.w.org\/{rel}","templated":true}]}}