{"id":25696,"date":"2024-07-05T17:45:19","date_gmt":"2024-07-05T15:45:19","guid":{"rendered":"http:\/\/www.letourismeaparis.fr\/?p=25696"},"modified":"2024-07-05T17:45:22","modified_gmt":"2024-07-05T15:45:22","slug":"mexica-une-exposition-unique-dans-lhistoire-de-larcheologie-mesoamericaine","status":"publish","type":"post","link":"http:\/\/www.letourismeaparis.fr\/index.php\/2024\/07\/05\/mexica-une-exposition-unique-dans-lhistoire-de-larcheologie-mesoamericaine\/","title":{"rendered":"MEXICA ,Une exposition unique dans l\u2019histoire de l\u2019arch\u00e9ologie m\u00e9soam\u00e9ricaine."},"content":{"rendered":"\n<p>MEXICA ,Une exposition unique dans l\u2019histoire de l\u2019arch\u00e9ologie m\u00e9soam\u00e9ricaine.<\/p>\n\n\n\n<p>Le 21 f\u00e9vrier 1978, les: les vestiges de l\u2019ancienne cit\u00e9 de Tenochtitlan, capitale de la civilisation mexica longtemps nomm\u00e9e \u00e0 tort azt\u00e8que et de son enceinte sacr\u00e9e, le Templo Mayor sont d\u00e9couverts. Un \u00e9norme monolithe circulaire figurant la d\u00e9esse de la lune Coyolxauhq inaugure alors un demi-si\u00e8cle de fouilles arch\u00e9ologiques d\u2019une ampleur in\u00e9dite.<\/p>\n\n\n\n<hr class=\"wp-block-separator has-alpha-channel-opacity\"\/>\n\n\n\n<p>Car si l\u2019histoire de l\u2019Empire mexica (1325-1521) est largement connue et document\u00e9e, sa culture demeurait ignor\u00e9e dans les domaines des rituels, de l\u2019art et de l\u2019architecture.<\/p>\n\n\n\n<p>L\u2019exposition l\u00e8ve le voile sur ces d\u00e9couvertes. Parmi les plus frappantes figurent 204 offrandes que le peuple mexica d\u00e9posait \u00e0 ses divinit\u00e9s les plus v\u00e9n\u00e9r\u00e9es pour s\u2019insinuer aupr\u00e8s d&rsquo;elles, leur rendre hommage et, quelquefois, tenter d\u2019obtenir certaines faveurs en retour.<\/p>\n\n\n\n<hr class=\"wp-block-separator has-alpha-channel-opacity\"\/>\n\n\n\n<p>Ces dons de toutes sortes font \u00e9cho \u00e0 l\u2019exorbitant pouvoir politique et \u00e9conomique que cet empire avait atteint \u00e0 l\u2019arriv\u00e9e des conquistadors espagnols en 1519. Leur \u00e9tude r\u00e9v\u00e8le non seulement une soci\u00e9t\u00e9 dynamique et pr\u00e9datrice, mais aussi une excellence artistique et une pens\u00e9e symbolique et religieuse complexe.<\/p>\n\n\n\n<p>jusqu&rsquo;au dimanche 06 octobre 2024<\/p>\n\n\n\n<p>mardi, mercredi, vendredi, samedi, dimanche : 10h30-19h00<\/p>\n\n\n\n<p>jeudi : 10h30-22h00<\/p>\n\n\n\n<p>37, quai Branly Paris- 75007<\/p>\n\n\n\n<p><a href=\"https:\/\/www.quaibranly.fr\">https:\/\/www.quaibranly.fr<\/a><\/p>\n","protected":false},"excerpt":{"rendered":"<p>MEXICA ,Une exposition unique dans l\u2019histoire de l\u2019arch\u00e9ologie m\u00e9soam\u00e9ricaine. Le 21 f\u00e9vrier 1978, les: les vestiges de l\u2019ancienne cit\u00e9 de Tenochtitlan, capitale de la civilisation mexica longtemps nomm\u00e9e \u00e0 tort azt\u00e8que et de son enceinte sacr\u00e9e, le Templo Mayor sont&#8230;<\/p>\n","protected":false},"author":2,"featured_media":25698,"comment_status":"open","ping_status":"open","sticky":false,"template":"","format":"standard","meta":{"ngg_post_thumbnail":0,"jetpack_post_was_ever_published":false,"_jetpack_newsletter_access":"","footnotes":""},"categories":[363,20,27],"tags":[],"class_list":["post-25696","post","type-post","status-publish","format-standard","has-post-thumbnail","hentry","category-culture","category-cultures-du-monde","category-musees-expositions"],"jetpack_featured_media_url":"http:\/\/www.letourismeaparis.fr\/wp-content\/uploads\/2024\/07\/Capture-decran-2024-07-05-a-17.44.34.png","jetpack-related-posts":[{"id":24028,"url":"http:\/\/www.letourismeaparis.fr\/index.php\/2020\/08\/11\/pompei-au-grand-palais-jusquau-27-septembre\/","url_meta":{"origin":25696,"position":0},"title":"POMPEI AU GRAND PALAIS jusqu&rsquo;au 27 septembre","author":"Fabienne TM","date":"11 ao\u00fbt 2020","format":false,"excerpt":"Un parcours immersif plonge le visiteur au c\u0153ur de Pomp\u00e9i, du temps de sa splendeur et pendant la trag\u00e9die de sa destruction, par des projections 360\u00b0 en tr\u00e8s haute d\u00e9finition, des cr\u00e9ations sonores et des reconstitutions en 3D des rues et habitations. Alliant technologies et arch\u00e9ologie, l\u2019exposition raconte l\u2019histoire fascinante\u2026","rel":"","context":"Dans &quot;Non class\u00e9&quot;","block_context":{"text":"Non class\u00e9","link":"http:\/\/www.letourismeaparis.fr\/index.php\/category\/non-classe\/"},"img":{"alt_text":"","src":"","width":0,"height":0},"classes":[]},{"id":10600,"url":"http:\/\/www.letourismeaparis.fr\/index.php\/2011\/08\/23\/mayas-de-laube-au-crepuscule-collections-nationales-du-guatemala-au-quai-branly\/","url_meta":{"origin":25696,"position":1},"title":"&quot;Mayas&quot; de l&#039;aube au cr\u00e9puscule, collections nationales du Guatemala au quai Branly","author":"Fabienne TM","date":"23 ao\u00fbt 2011","format":false,"excerpt":"A travers 150 pi\u00e8ces exceptionnelles qui, pour la plupart, ne sont jamais sorties de leur pays d\u2019origine, l\u2019exposition propose de d\u00e9couvrir les Mayas du Guatemala, l\u2019une des trois civilisations qui ont marqu\u00e9 l\u2019histoire de l\u2019Am\u00e9rique pr\u00e9colombienne. l\u2019exposition met en avant les derni\u00e8res grandes d\u00e9couvertes arch\u00e9ologiques sur plusieurs sites r\u00e9cemment \u00e9tudi\u00e9s\u2026","rel":"","context":"Dans &quot;Non class\u00e9&quot;","block_context":{"text":"Non class\u00e9","link":"http:\/\/www.letourismeaparis.fr\/index.php\/category\/non-classe\/"},"img":{"alt_text":"","src":"","width":0,"height":0},"classes":[]},{"id":25476,"url":"http:\/\/www.letourismeaparis.fr\/index.php\/2024\/02\/06\/toutankhamon-lexperience-immersive-pharaonique\/","url_meta":{"origin":25696,"position":2},"title":"Tout\u00e2nkhamon, L\u2019exp\u00e9rience immersive pharaonique","author":"Fabienne TM","date":"6 f\u00e9vrier 2024","format":false,"excerpt":"\u00a0Une nouvelle aventure historique en immersion et interactive, aux Galeries Montparnasse \u00e0 Paris. Ce jeu immersif, i pr\u00e9sente des 1.000 pi\u00e8ces et objets trouv\u00e9s dans le tombeau du pharaon reproduits \u00e0 l\u2019identique, offre une opportunit\u00e9 unique de vivre une aventure arch\u00e9ologique authentique, qui invite \u00e0 la curiosit\u00e9, \u00e0 la connaissance\u2026","rel":"","context":"Dans &quot;Cultures du Monde&quot;","block_context":{"text":"Cultures du Monde","link":"http:\/\/www.letourismeaparis.fr\/index.php\/category\/culture\/musees-expositions\/cultures-du-monde\/"},"img":{"alt_text":"","src":"","width":0,"height":0},"classes":[]},{"id":26027,"url":"http:\/\/www.letourismeaparis.fr\/index.php\/2025\/01\/29\/la-chine-des-tang-618-907\/","url_meta":{"origin":25696,"position":3},"title":"\u00abLa Chine des Tang\u00bb (618-907)","author":"Fabienne TM","date":"29 janvier 2025","format":false,"excerpt":"Des merveilles au mus\u00e9e Guimet Jusqu\u2019au 3 mars 2025 Organis\u00e9e en partenariat avec Art Exhibitions China, l\u2019exposition accueille 207 ensembles d\u2019\u0153uvres provenant de plus d\u2019une trentaine d\u2019institutions mus\u00e9ales chinoises. Elle raconte 300 ans de rayonnement des arts et des lettres, l\u2019\u00e9panouissement d\u2019une population cosmopolite et l\u2019essor d\u2019une administration centralis\u00e9e. Parmi\u2026","rel":"","context":"Dans &quot;Cultures du Monde&quot;","block_context":{"text":"Cultures du Monde","link":"http:\/\/www.letourismeaparis.fr\/index.php\/category\/culture\/musees-expositions\/cultures-du-monde\/"},"img":{"alt_text":"","src":"https:\/\/i0.wp.com\/www.letourismeaparis.fr\/wp-content\/uploads\/2025\/01\/Capture-decran-2025-01-29-a-15.19.42.png?resize=350%2C200","width":350,"height":200},"classes":[]},{"id":18814,"url":"http:\/\/www.letourismeaparis.fr\/index.php\/2016\/11\/17\/quoi-de-neuf-au-moyen-age-une-exposition-ludique-pour-petits-et-grands\/","url_meta":{"origin":25696,"position":4},"title":"QUOI DE NEUF AU MOYEN \u00c2GE ?   une exposition ludique pour petits et grands.","author":"Fabienne TM","date":"17 novembre 2016","format":false,"excerpt":"Ch\u00e2teaux assi\u00e9g\u00e9s, chevaliers secourant des princesses en d\u00e9tresse, \u00e9pid\u00e9mies de peste, les images convenues sur le Moyen \u00c2ge sont nombreuses et les lieux communs ont la vie dure. Or de nombreuses d\u00e9couvertes faites ces derni\u00e8res ann\u00e9es par les arch\u00e9ologues offrent un Moyen \u00c2ge plus complexe et plus passionnant qu\u2019on ne\u2026","rel":"","context":"Dans &quot;Familles&quot;","block_context":{"text":"Familles","link":"http:\/\/www.letourismeaparis.fr\/index.php\/category\/familles\/"},"img":{"alt_text":"","src":"https:\/\/i0.wp.com\/www.letourismeaparis.fr\/wp-content\/uploads\/2016\/10\/ma-300x225.jpg?resize=350%2C200","width":350,"height":200},"classes":[]},{"id":15778,"url":"http:\/\/www.letourismeaparis.fr\/index.php\/2014\/10\/02\/de-rouge-et-de-noir-la-bnf-les-vases-grecs-de-la-collection-de-luynes-28-octobre-2013-4-janvier-2015\/","url_meta":{"origin":25696,"position":5},"title":"&quot;De Rouge et de Noir&quot;.  \u00e0 la BNF :   Les vases grecs de la collection de Luynes     28 octobre 2013- I 4 janvier 2015","author":"Fabienne TM","date":"2 octobre 2014","format":false,"excerpt":"La Biblioth\u00e8que nationale de France pr\u00e9sente au site Richelieu, l\u2019int\u00e9gralit\u00e9 des vases grecs de la collection de Luynes. Les 100 c\u00e9ramiques qui proviennent des d\u00e9couvertes arch\u00e9ologiques r\u00e9alis\u00e9es en Italie au XIXe si\u00e8cle permettront \u00a0au visiteur de \u00a0d\u00e9couvrir les plus \u00a0belles pi\u00e8ces des \u00a0ateliers de potiers ath\u00e9niens des VIe et Ve\u2026","rel":"","context":"Dans &quot;Non class\u00e9&quot;","block_context":{"text":"Non class\u00e9","link":"http:\/\/www.letourismeaparis.fr\/index.php\/category\/non-classe\/"},"img":{"alt_text":"","src":"","width":0,"height":0},"classes":[]}],"jetpack_sharing_enabled":true,"jetpack_likes_enabled":true,"_links":{"self":[{"href":"http:\/\/www.letourismeaparis.fr\/index.php\/wp-json\/wp\/v2\/posts\/25696","targetHints":{"allow":["GET"]}}],"collection":[{"href":"http:\/\/www.letourismeaparis.fr\/index.php\/wp-json\/wp\/v2\/posts"}],"about":[{"href":"http:\/\/www.letourismeaparis.fr\/index.php\/wp-json\/wp\/v2\/types\/post"}],"author":[{"embeddable":true,"href":"http:\/\/www.letourismeaparis.fr\/index.php\/wp-json\/wp\/v2\/users\/2"}],"replies":[{"embeddable":true,"href":"http:\/\/www.letourismeaparis.fr\/index.php\/wp-json\/wp\/v2\/comments?post=25696"}],"version-history":[{"count":1,"href":"http:\/\/www.letourismeaparis.fr\/index.php\/wp-json\/wp\/v2\/posts\/25696\/revisions"}],"predecessor-version":[{"id":25699,"href":"http:\/\/www.letourismeaparis.fr\/index.php\/wp-json\/wp\/v2\/posts\/25696\/revisions\/25699"}],"wp:featuredmedia":[{"embeddable":true,"href":"http:\/\/www.letourismeaparis.fr\/index.php\/wp-json\/wp\/v2\/media\/25698"}],"wp:attachment":[{"href":"http:\/\/www.letourismeaparis.fr\/index.php\/wp-json\/wp\/v2\/media?parent=25696"}],"wp:term":[{"taxonomy":"category","embeddable":true,"href":"http:\/\/www.letourismeaparis.fr\/index.php\/wp-json\/wp\/v2\/categories?post=25696"},{"taxonomy":"post_tag","embeddable":true,"href":"http:\/\/www.letourismeaparis.fr\/index.php\/wp-json\/wp\/v2\/tags?post=25696"}],"curies":[{"name":"wp","href":"https:\/\/api.w.org\/{rel}","templated":true}]}}