{"id":25755,"date":"2024-08-17T18:16:58","date_gmt":"2024-08-17T16:16:58","guid":{"rendered":"http:\/\/www.letourismeaparis.fr\/?p=25755"},"modified":"2024-08-17T18:24:14","modified_gmt":"2024-08-17T16:24:14","slug":"reouverture-prochaine-de-la-nef-du-grand-palais","status":"publish","type":"post","link":"http:\/\/www.letourismeaparis.fr\/index.php\/2024\/08\/17\/reouverture-prochaine-de-la-nef-du-grand-palais\/","title":{"rendered":"R\u00e9ouverture prochaine de la nef du Grand Palais"},"content":{"rendered":"\n<p>De superbes expositions vous attendent : Art Basel du 18 au 20 octobre  puis Fab Paris ( ex Biennale des Antiquaires) \u00e0 partir du 22 novembre avec plus de 100 galeries et l&rsquo;exposition  d&rsquo;une partie des collections de la Villa Ephrussi de Rotschild dans une sc\u00e9nographie sign\u00e9e de Jacques Garcia.<\/p>\n","protected":false},"excerpt":{"rendered":"<p>De superbes expositions vous attendent : Art Basel du 18 au 20 octobre puis Fab Paris ( ex Biennale des Antiquaires) \u00e0 partir du 22 novembre avec plus de 100 galeries et l&rsquo;exposition d&rsquo;une partie des collections de la Villa&#8230;<\/p>\n","protected":false},"author":2,"featured_media":25758,"comment_status":"open","ping_status":"open","sticky":false,"template":"","format":"standard","meta":{"ngg_post_thumbnail":0,"jetpack_post_was_ever_published":false,"_jetpack_newsletter_access":"","footnotes":""},"categories":[4,9,22,36,27],"tags":[],"class_list":["post-25755","post","type-post","status-publish","format-standard","has-post-thumbnail","hentry","category-art-contemporain","category-beaux-arts","category-decoration","category-luxe","category-musees-expositions"],"jetpack_featured_media_url":"http:\/\/www.letourismeaparis.fr\/wp-content\/uploads\/2024\/08\/Capture-decran-2024-08-17-a-18.23.14.png","jetpack-related-posts":[{"id":21125,"url":"http:\/\/www.letourismeaparis.fr\/index.php\/2018\/06\/28\/madagascar-arts-de-la-grande-ile-a-partir-du-18-septembre-2018\/","url_meta":{"origin":25755,"position":0},"title":"MADAGASCAR,    Arts de la Grande \u00cele   \u00e0 partir  du 18 septembre 2018","author":"Fabienne TM","date":"28 juin 2018","format":false,"excerpt":"\u00a0 Depuis 1946, aucune grande exposition n'a mis \u00e0 l'honneur les arts de Madagascar. \u00a0L'exposition au mus\u00e9e du quai Branly - Jacques Chirac pr\u00e9sente l'art de la Grande \u00cele Amulette\u00a0bois, m\u00e9tal, verre, coquillage, coton, mati\u00e8res organiques 22 x 9 x 9,5 cm ; 561 g \u00a9 mus\u00e9e du quai Branly\u2026","rel":"","context":"Dans &quot;Cultures du Monde&quot;","block_context":{"text":"Cultures du Monde","link":"http:\/\/www.letourismeaparis.fr\/index.php\/category\/culture\/musees-expositions\/cultures-du-monde\/"},"img":{"alt_text":"","src":"","width":0,"height":0},"classes":[]},{"id":26343,"url":"http:\/\/www.letourismeaparis.fr\/index.php\/2025\/09\/20\/louis-vuitton-art-deco-une-nouvelle-exposition-gratuite-a-paris\/","url_meta":{"origin":25755,"position":1},"title":"\u00ab\u00a0Louis Vuitton Art D\u00e9co\u00a0\u00bb, une nouvelle exposition( gratuite) \u00e0 Paris.","author":"Fabienne TM","date":"20 septembre 2025","format":false,"excerpt":"\u00c0 l\u2019occasion du centenaire de l\u2019Exposition internationale des Arts d\u00e9coratifs et industriels modernes, une exp\u00e9rience immersive retrace les d\u00e9buts du mouvement Art d\u00e9co et rend hommage \u00e0 Louis Vuitton . \"\u00a0Louis Vuitton Art D\u00e9co\" d\u00e9bute jeudi 25 septembre dans son espace LV Dream . Vuitton avait un stand lors de\u2026","rel":"","context":"Dans &quot;Beaux arts&quot;","block_context":{"text":"Beaux arts","link":"http:\/\/www.letourismeaparis.fr\/index.php\/category\/culture\/musees-expositions\/beaux-arts\/"},"img":{"alt_text":"","src":"https:\/\/i0.wp.com\/www.letourismeaparis.fr\/wp-content\/uploads\/2025\/09\/Capture-decran-2025-09-20-a-17.20.02.png?resize=350%2C200","width":350,"height":200},"classes":[]},{"id":26483,"url":"http:\/\/www.letourismeaparis.fr\/index.php\/2025\/10\/28\/amazonia-au-musee-du-quai-branly\/","url_meta":{"origin":25755,"position":2},"title":"AMAZONIA au mus\u00e9e du quai Branly","author":"Fabienne TM","date":"28 octobre 2025","format":false,"excerpt":"Cette exposition, met en lumi\u00e8re l'Amazonie du point de vue autochtone, un monde vibrant et ancr\u00e9 dans le pr\u00e9sent, o\u00f9 coexistent une multitude d'entit\u00e9s, humaines et non-humaines. Souvent r\u00e9duite \u00e0 sa seule biodiversit\u00e9, l\u2019Amazonie comporte pourtant une richesse culturelle foisonnante. L\u2019exposition Amaz\u00f4nia propose un nouvel \u00e9clairage sur les collections dites\u2026","rel":"","context":"Dans &quot;Art-Contemporain&quot;","block_context":{"text":"Art-Contemporain","link":"http:\/\/www.letourismeaparis.fr\/index.php\/category\/culture\/musees-expositions\/art-contemporain\/"},"img":{"alt_text":"","src":"https:\/\/i0.wp.com\/www.letourismeaparis.fr\/wp-content\/uploads\/2025\/10\/Capture-decran-2025-10-28-a-19.07.54-1.png?resize=350%2C200","width":350,"height":200,"srcset":"https:\/\/i0.wp.com\/www.letourismeaparis.fr\/wp-content\/uploads\/2025\/10\/Capture-decran-2025-10-28-a-19.07.54-1.png?resize=350%2C200 1x, https:\/\/i0.wp.com\/www.letourismeaparis.fr\/wp-content\/uploads\/2025\/10\/Capture-decran-2025-10-28-a-19.07.54-1.png?resize=525%2C300 1.5x, https:\/\/i0.wp.com\/www.letourismeaparis.fr\/wp-content\/uploads\/2025\/10\/Capture-decran-2025-10-28-a-19.07.54-1.png?resize=700%2C400 2x"},"classes":[]},{"id":17678,"url":"http:\/\/www.letourismeaparis.fr\/index.php\/2015\/03\/03\/lempreinte-du-geste-une-belle-exposition-en-perspective-aux-arts-decoratifs\/","url_meta":{"origin":25755,"position":3},"title":"\u00ab L\u2019EMPREINTE DU GESTE \u00bb une belle exposition  aux Arts d\u00e9coratifs \u00e0 partir du 23 mars.","author":"Fabienne TM","date":"3 mars 2015","format":false,"excerpt":"\u00a0 Uune semaine qui mettra \u00e0 l\u2019honneur la singularit\u00e9, la modernit\u00e9 des m\u00e9tiers d\u2019art et leur ind\u00e9niable r\u00f4le cr\u00e9atif, social, culturel et \u00e9conomique Cette exposition unique en son genre se d\u00e9ploie hors des sentiers battus pour \u00e9voquer\u00a0des pratiques d\u2019exception, des savoir-faire de l\u2019usage et du beau dans toute leur singularit\u00e9,\u2026","rel":"","context":"Dans &quot;Non class\u00e9&quot;","block_context":{"text":"Non class\u00e9","link":"http:\/\/www.letourismeaparis.fr\/index.php\/category\/non-classe\/"},"img":{"alt_text":"","src":"https:\/\/i0.wp.com\/www.letourismeaparis.fr\/wp-content\/uploads\/2015\/12\/Capture-d%C3%A2%C2%80%C2%99e%C3%8C%C2%81cran-2015-12-23-a%C3%8C%C2%80-12.52.19-218x300.png?resize=350%2C200","width":350,"height":200},"classes":[]},{"id":23858,"url":"http:\/\/www.letourismeaparis.fr\/index.php\/2019\/11\/28\/marche-et-demarche-une-histoire-de-la-chaussure-au-musee-des-arts-decoratifs\/","url_meta":{"origin":25755,"position":4},"title":"Marche et d\u00e9marche, une histoire de la chaussure  au mus\u00e9e des arts d\u00e9coratifs","author":"Fabienne TM","date":"28 novembre 2019","format":false,"excerpt":"du 7 novembre 2019 au 23 f\u00e9vrier 2020 Apr\u00e8s \u00ab La M\u00e9canique des dessous \u00bb (2013) et \u00ab Tenue correcte exig\u00e9e ! \u00bb (2017), le Mus\u00e9e des Arts D\u00e9coratifs poursuit l\u2019exploration du rapport entre le corps et la mode avec un troisi\u00e8me volet aussi surprenant qu\u2019original autour de la chaussure,\u2026","rel":"","context":"Dans &quot;Non class\u00e9&quot;","block_context":{"text":"Non class\u00e9","link":"http:\/\/www.letourismeaparis.fr\/index.php\/category\/non-classe\/"},"img":{"alt_text":"","src":"https:\/\/i0.wp.com\/www.letourismeaparis.fr\/wp-content\/uploads\/2019\/11\/Capture-d%E2%80%99e%CC%81cran-2019-11-28-a%CC%80-11.25.02.png?resize=350%2C200","width":350,"height":200},"classes":[]},{"id":16574,"url":"http:\/\/www.letourismeaparis.fr\/index.php\/2015\/04\/17\/expositions-au-cinema-vous-presentent-les-plus-grandes-expositions-dart\/","url_meta":{"origin":25755,"position":5},"title":"Expositions Au Cin\u00e9ma vous pr\u00e9sentent les plus grandes expositions d\u2019art","author":"Fabienne TM","date":"17 avril 2015","format":false,"excerpt":"Expositions Au Cin\u00e9ma vous pr\u00e9sentent les plus grandes expositions d\u2019art dans les cin\u00e9mas du monde entier. Produit par le r\u00e9alisateur Phil Grabsky, la nouvelle saison des Expositions Au Cin\u00e9ma suit le mod\u00e8le des expositions \u00e0 succ\u00e8s L\u00e9onardo DeVinci en direct de la National Gallery de Londres, Manet de l\u2019Acad\u00e9mie Royal\u2026","rel":"","context":"Dans &quot;Cin\u00e9ma&quot;","block_context":{"text":"Cin\u00e9ma","link":"http:\/\/www.letourismeaparis.fr\/index.php\/category\/spectacle\/cinema\/"},"img":{"alt_text":"","src":"","width":0,"height":0},"classes":[]}],"jetpack_sharing_enabled":true,"jetpack_likes_enabled":true,"_links":{"self":[{"href":"http:\/\/www.letourismeaparis.fr\/index.php\/wp-json\/wp\/v2\/posts\/25755","targetHints":{"allow":["GET"]}}],"collection":[{"href":"http:\/\/www.letourismeaparis.fr\/index.php\/wp-json\/wp\/v2\/posts"}],"about":[{"href":"http:\/\/www.letourismeaparis.fr\/index.php\/wp-json\/wp\/v2\/types\/post"}],"author":[{"embeddable":true,"href":"http:\/\/www.letourismeaparis.fr\/index.php\/wp-json\/wp\/v2\/users\/2"}],"replies":[{"embeddable":true,"href":"http:\/\/www.letourismeaparis.fr\/index.php\/wp-json\/wp\/v2\/comments?post=25755"}],"version-history":[{"count":1,"href":"http:\/\/www.letourismeaparis.fr\/index.php\/wp-json\/wp\/v2\/posts\/25755\/revisions"}],"predecessor-version":[{"id":25756,"href":"http:\/\/www.letourismeaparis.fr\/index.php\/wp-json\/wp\/v2\/posts\/25755\/revisions\/25756"}],"wp:featuredmedia":[{"embeddable":true,"href":"http:\/\/www.letourismeaparis.fr\/index.php\/wp-json\/wp\/v2\/media\/25758"}],"wp:attachment":[{"href":"http:\/\/www.letourismeaparis.fr\/index.php\/wp-json\/wp\/v2\/media?parent=25755"}],"wp:term":[{"taxonomy":"category","embeddable":true,"href":"http:\/\/www.letourismeaparis.fr\/index.php\/wp-json\/wp\/v2\/categories?post=25755"},{"taxonomy":"post_tag","embeddable":true,"href":"http:\/\/www.letourismeaparis.fr\/index.php\/wp-json\/wp\/v2\/tags?post=25755"}],"curies":[{"name":"wp","href":"https:\/\/api.w.org\/{rel}","templated":true}]}}