{"id":25775,"date":"2024-09-14T18:36:51","date_gmt":"2024-09-14T16:36:51","guid":{"rendered":"http:\/\/www.letourismeaparis.fr\/?p=25775"},"modified":"2024-09-14T18:36:57","modified_gmt":"2024-09-14T16:36:57","slug":"le-revizor-de-gogol-une-excellente-piece-au-theatre-du-ranelagh","status":"publish","type":"post","link":"http:\/\/www.letourismeaparis.fr\/index.php\/2024\/09\/14\/le-revizor-de-gogol-une-excellente-piece-au-theatre-du-ranelagh\/","title":{"rendered":"Le Revizor de Gogol : une excellente pi\u00e8ce au Th\u00e9atre du Ranelagh"},"content":{"rendered":"\n<p>Dans une province \u00e9loign\u00e9e de Russie, un jeune escroc P\u00e9tersbourgeois est pris pour un Inspecteur G\u00e9n\u00e9ral (un Revizor).Le Gouverneur et les notables locaux tentent de dissimuler la gestion catastrophique de leur ville et de corrompre cet inconnu pour s\u2019attirer ses faveurs.<\/p>\n\n\n\n<hr class=\"wp-block-separator has-alpha-channel-opacity\"\/>\n\n\n\n<p>Une com\u00e9die jubilatoire de Nikola\u00ef GOGOL sur la corruption et l\u2019imposture incarn\u00e9e par 7 artistes brillants ,avec Laura CHETRIT, Micha\u00ebl GIORNO-COHEN, Ronan RIVIERE, Luc RODIER, J\u00e9r\u00f4me RODRIGUEZ, Hassan TESS<\/p>\n\n\n\n<hr class=\"wp-block-separator has-alpha-channel-opacity\"\/>\n\n\n\n<p>Mise en sc\u00e8ne Ronan RIVIERE<\/p>\n\n\n\n<p>Au piano Olivier MAZAL<\/p>\n\n\n\n<p>du 13 septembre 2024 au 12 janvier 2025<\/p>\n\n\n\n<p>vendredi 19h &amp; dimanche 15h<\/p>\n\n\n\n<p>Th\u00e9atre Le Ranelagh<\/p>\n\n\n\n<p>5, rue des Vignes Paris 75016<\/p>\n","protected":false},"excerpt":{"rendered":"<p>Dans une province \u00e9loign\u00e9e de Russie, un jeune escroc P\u00e9tersbourgeois est pris pour un Inspecteur G\u00e9n\u00e9ral (un Revizor).Le Gouverneur et les notables locaux tentent de dissimuler la gestion catastrophique de leur ville et de corrompre cet inconnu pour s\u2019attirer ses&#8230;<\/p>\n","protected":false},"author":2,"featured_media":25776,"comment_status":"open","ping_status":"open","sticky":false,"template":"","format":"standard","meta":{"ngg_post_thumbnail":0,"jetpack_post_was_ever_published":false,"_jetpack_newsletter_access":"","footnotes":""},"categories":[49],"tags":[],"class_list":["post-25775","post","type-post","status-publish","format-standard","has-post-thumbnail","hentry","category-theatre"],"jetpack_featured_media_url":"http:\/\/www.letourismeaparis.fr\/wp-content\/uploads\/2024\/09\/Capture-decran-2024-09-14-a-18.28.51.png","jetpack-related-posts":[{"id":11054,"url":"http:\/\/www.letourismeaparis.fr\/index.php\/2011\/09\/01\/la-rentree-au-centre-culturel-irlandais\/","url_meta":{"origin":25775,"position":0},"title":"La rentr\u00e9e au centre culturel irlandais","author":"Fabienne TM","date":"1 septembre 2011","format":false,"excerpt":"Exposition\u00a0 \"AN tIMEALL - Peintures\" de Sin\u00e9ad N\u00ed Mhaonaigh Vernissage le 15 septembre Dans le cadre de la Semaine des cultures \u00e9trang\u00e8res du FICEP Patrimoine\u00a0 Portes ouvertes les 17 et 18 septembre Dans le cadre des Journ\u00e9es europ\u00e9ennes du patrimoine Cin\u00e9ma\u00a0 \"View from the Doc\", festival de films documentaires du\u2026","rel":"","context":"Dans &quot;Non class\u00e9&quot;","block_context":{"text":"Non class\u00e9","link":"http:\/\/www.letourismeaparis.fr\/index.php\/category\/non-classe\/"},"img":{"alt_text":"","src":"","width":0,"height":0},"classes":[]},{"id":11240,"url":"http:\/\/www.letourismeaparis.fr\/index.php\/2011\/11\/26\/festival-international-de-jazz-organise-par-les-centres-culturels-etrangers-17-concertsdu-8-au-30-novembre-2011\/","url_meta":{"origin":25775,"position":1},"title":"Festival international de Jazz organis\u00e9 par les centres culturels \u00e9trangers jusqu&#039;au 30 novembre 2011)","author":"Fabienne TM","date":"26 novembre 2011","format":false,"excerpt":"Jeudi 24 novembre 2011 \u00e0 20h00 centre culturel de Serbie Dans ses concerts r\u00e9cents, Hot Club Of Belgrade joue sur les fronti\u00e8res entre les musiques des Balkans et le jazz. La d\u00e9licatesse des m\u00e9lodies ne cache pas la d\u00e9marche \u00e0 la fois politique et festive... Vendredi 25 novembre 2011 \u00e0\u2026","rel":"","context":"Dans &quot;Non class\u00e9&quot;","block_context":{"text":"Non class\u00e9","link":"http:\/\/www.letourismeaparis.fr\/index.php\/category\/non-classe\/"},"img":{"alt_text":"","src":"","width":0,"height":0},"classes":[]},{"id":15393,"url":"http:\/\/www.letourismeaparis.fr\/index.php\/2014\/07\/21\/festival-europeen-des-jeunes-talents-du-6-au-26-juillet-paris\/","url_meta":{"origin":25775,"position":2},"title":"Festival europ\u00e9en des jeunes talents  les 22, 23, 24, 25, et 26 juillet \u00e0 Paris","author":"Fabienne TM","date":"21 juillet 2014","format":false,"excerpt":"mardi\u00a022\u00a0JUILLET \u00e0\u00a020:00 : Trio Kar\u00e9nine Archives nationales\u00a060 rue des Francs Bourgeois\u00a075003 Parisou emprunts Trio Kar\u00e9nine Les trois oeuvres de ce programme s\u2019inspirent chacune \u00e0 leur mani\u00e8re d\u2019une source musicale ant\u00e9rieure\u2026 Tout d\u2019abord, nous pourrons entendre une citation du\u00a0Lied op. 39 n\u00b02\u00a0(Dein\u00a0Bildnis wunderselig)\u00a0de Schumann\u00a0sur un po\u00e8me d\u2019Eichendorff dans le\u00a0Trio n\u00b02 en\u2026","rel":"","context":"Dans &quot;Musique&quot;","block_context":{"text":"Musique","link":"http:\/\/www.letourismeaparis.fr\/index.php\/category\/culture\/concerts-musique\/musique\/"},"img":{"alt_text":"","src":"","width":0,"height":0},"classes":[]},{"id":433,"url":"http:\/\/www.letourismeaparis.fr\/index.php\/2008\/11\/08\/ikebana-a-paris\/","url_meta":{"origin":25775,"position":3},"title":"Ikebana \u00e0 Paris","author":"Fabienne TM","date":"8 novembre 2008","format":false,"excerpt":"\u00a0www.letourismeaparis.fr IKEBANA : (limit\u00e9 \u00e0 10 personnes) \"L\u2019art de l\u2019arrangement floral japonais, ou Ikebana, vise \u00e0 repr\u00e9senter dans un vase la nature, telle qu\u2019elle existe dans les campagnes ou au bord des rivi\u00e8res, au moyen de quelques fleurs, branches et feuilles. D\u00e9pourvues de tout \u00e9gocentrisme, ces compositions expriment les sentiments\u2026","rel":"","context":"Dans &quot;Non class\u00e9&quot;","block_context":{"text":"Non class\u00e9","link":"http:\/\/www.letourismeaparis.fr\/index.php\/category\/non-classe\/"},"img":{"alt_text":"","src":"","width":0,"height":0},"classes":[]},{"id":23784,"url":"http:\/\/www.letourismeaparis.fr\/index.php\/2019\/12\/21\/chanson-plus-bifluoree-au-theatre-la-bruyere-pour-les-fetes\/","url_meta":{"origin":25775,"position":4},"title":"CHANSON PLUS BIFLUOR\u00c9E, au Th\u00e9atre La Bruy\u00e8re , un spectacle divertissant pour les f\u00eates.","author":"Fabienne TM","date":"21 d\u00e9cembre 2019","format":false,"excerpt":"jusqu' au 5 janvier 2020 Pour les F\u00eates, le trio Chanson Plus Bifluor\u00e9e revient au Th\u00e9\u00e2tre La Bruy\u00e8re avec une s\u00e9lection de leurs meilleures chansons de bouche, de leurs grands succ\u00e8s et de surprises sp\u00e9cialement concoct\u00e9es pour leur show de fin d\u2019ann\u00e9e... 31 d\u00e9cembre et 4 janvier : 18h45 1er\u2026","rel":"","context":"Dans &quot;Th\u00e9atre&quot;","block_context":{"text":"Th\u00e9atre","link":"http:\/\/www.letourismeaparis.fr\/index.php\/category\/spectacle\/theatre\/"},"img":{"alt_text":"","src":"https:\/\/i0.wp.com\/www.letourismeaparis.fr\/wp-content\/uploads\/2019\/11\/Capture-d%E2%80%99e%CC%81cran-2019-11-15-a%CC%80-17.52.42.png?resize=350%2C200","width":350,"height":200},"classes":[]},{"id":26067,"url":"http:\/\/www.letourismeaparis.fr\/index.php\/2025\/02\/23\/les-grands-ducs-au-theatre-de-passy\/","url_meta":{"origin":25775,"position":5},"title":"Les Grands Ducs au Th\u00e9atre de Passy","author":"Fabienne TM","date":"23 f\u00e9vrier 2025","format":false,"excerpt":"D\u2019apr\u00e8s le film culte de Patrice Leconte Allez vous amusez au Th\u00e9atre de Passy ! Une pi\u00e8ce divertissante et tr\u00e8s bien jou\u00e9e ! Trois com\u00e9diens sur le retour r\u00e9ussissent \u00e0 se faire engager par un producteur au bord de la faillite, dans une pi\u00e8ce de boulevard m\u00e9diocre avec dans le\u2026","rel":"","context":"Dans &quot;Spectacle&quot;","block_context":{"text":"Spectacle","link":"http:\/\/www.letourismeaparis.fr\/index.php\/category\/spectacle\/"},"img":{"alt_text":"","src":"https:\/\/i0.wp.com\/www.letourismeaparis.fr\/wp-content\/uploads\/2025\/02\/Capture-decran-2025-02-23-a-19.00.31.png?resize=350%2C200","width":350,"height":200},"classes":[]}],"jetpack_sharing_enabled":true,"jetpack_likes_enabled":true,"_links":{"self":[{"href":"http:\/\/www.letourismeaparis.fr\/index.php\/wp-json\/wp\/v2\/posts\/25775","targetHints":{"allow":["GET"]}}],"collection":[{"href":"http:\/\/www.letourismeaparis.fr\/index.php\/wp-json\/wp\/v2\/posts"}],"about":[{"href":"http:\/\/www.letourismeaparis.fr\/index.php\/wp-json\/wp\/v2\/types\/post"}],"author":[{"embeddable":true,"href":"http:\/\/www.letourismeaparis.fr\/index.php\/wp-json\/wp\/v2\/users\/2"}],"replies":[{"embeddable":true,"href":"http:\/\/www.letourismeaparis.fr\/index.php\/wp-json\/wp\/v2\/comments?post=25775"}],"version-history":[{"count":1,"href":"http:\/\/www.letourismeaparis.fr\/index.php\/wp-json\/wp\/v2\/posts\/25775\/revisions"}],"predecessor-version":[{"id":25777,"href":"http:\/\/www.letourismeaparis.fr\/index.php\/wp-json\/wp\/v2\/posts\/25775\/revisions\/25777"}],"wp:featuredmedia":[{"embeddable":true,"href":"http:\/\/www.letourismeaparis.fr\/index.php\/wp-json\/wp\/v2\/media\/25776"}],"wp:attachment":[{"href":"http:\/\/www.letourismeaparis.fr\/index.php\/wp-json\/wp\/v2\/media?parent=25775"}],"wp:term":[{"taxonomy":"category","embeddable":true,"href":"http:\/\/www.letourismeaparis.fr\/index.php\/wp-json\/wp\/v2\/categories?post=25775"},{"taxonomy":"post_tag","embeddable":true,"href":"http:\/\/www.letourismeaparis.fr\/index.php\/wp-json\/wp\/v2\/tags?post=25775"}],"curies":[{"name":"wp","href":"https:\/\/api.w.org\/{rel}","templated":true}]}}