{"id":25851,"date":"2024-12-06T11:30:00","date_gmt":"2024-12-06T10:30:00","guid":{"rendered":"http:\/\/www.letourismeaparis.fr\/?p=25851"},"modified":"2024-12-06T11:11:32","modified_gmt":"2024-12-06T10:11:32","slug":"lart-moderne-vietnamien-au-musee-cernuschi","status":"publish","type":"post","link":"http:\/\/www.letourismeaparis.fr\/index.php\/2024\/12\/06\/lart-moderne-vietnamien-au-musee-cernuschi\/","title":{"rendered":"L&rsquo;art moderne vietnamien au mus\u00e9e Cernuschi jusqu&rsquo;au 9 mars"},"content":{"rendered":"\n<p>\u00a0Une grande r\u00e9trospective de trois pionniers de l\u2019art moderne vietnamien, L\u00ea Ph\u00f4 (1907-2001), Mai-Thu (1906-1980) et Vu Cao Dam (1908-2000).Cette exposition co\u00efncide avec le centenaire de l\u2019\u00c9cole des beaux-arts de Hano\u00ef qui a permis, pour la premi\u00e8re fois, la rencontre de l\u2019art occidental et des traditions vietnamiennes. Les \u00e9changes intenses entre \u00e9l\u00e8ves et professeurs ont donn\u00e9 naissance \u00e0 un nouveau style, proprement indochinois, qui a marqu\u00e9 l\u2019entr\u00e9e de l\u2019art vietnamien dans la modernit\u00e9.<\/p>\n\n\n\n<hr class=\"wp-block-separator has-alpha-channel-opacity\"\/>\n\n\n\n<p>DES BEAUX-ARTS DE HANO\u00cf AU PARIS DES ANN\u00c9ES 1930  <\/p>\n\n\n\n<p>Formation et contexte colonial (1925-1931)<\/p>\n\n\n\n<p>\u00a0Les Grandes expositions (1931-1939)\u00a0offrent \u00e0 la fois une reconnaissance \u00e0 la nouvelle \u00e9cole indochinoise qui re\u00e7oit des critiques \u00e9logieuses de la presse, ainsi que le moyen pour les jeunes artistes de vendre leurs oeuvres. Ce soutien officiel de l\u2019\u00c9tat fran\u00e7ais qui permet, sur fond de propagande coloniale, d\u2019affirmer l\u2019excellence de sa politique \u00e9ducative, s\u2019\u00e9puise face \u00e0 la mont\u00e9e de la menace allemande en Europe.<\/p>\n\n\n\n<hr class=\"wp-block-separator has-alpha-channel-opacity\"\/>\n\n\n\n<p>DES S\u00c9DUCTIONS DU PARIS ARTISTIQUE AUX TUMULTES DE LA GUERRE<\/p>\n\n\n\n<p>LA P\u00c9RIODE FRAN\u00c7AISE :\u00c9volution des trois styles<\/p>\n\n\n\n<hr class=\"wp-block-separator has-alpha-channel-opacity\"\/>\n\n\n\n<hr class=\"wp-block-separator has-alpha-channel-opacity\"\/>\n\n\n\n<p>Spectacle \u00ab\u00a0Kim Van Kieu ou le jeu des dieux\u00a0\u00bb par Isabelle Genlis et H\u00f4 Thuy Trang<\/p>\n\n\n\n<p>Adultes et ados (\u00e0 partir de 14 ans) Dur\u00e9e : 1h20<\/p>\n\n\n\n<p>Lieu : auditorium du mus\u00e9e<\/p>\n\n\n\n<p>Du mardi au dimanche de 10h \u00e0 18h, sauf certains jours f\u00e9ri\u00e9s<\/p>\n\n\n\n<p>(derni\u00e8re r\u00e9servation en caisse \u00e0 16h30).<\/p>\n\n\n\n<p><strong>Mus\u00e9e Cernuschi<\/strong><br>7 avenue V\u00e9lasquez<br>75008 Paris<\/p>\n","protected":false},"excerpt":{"rendered":"<p>\u00a0Une grande r\u00e9trospective de trois pionniers de l\u2019art moderne vietnamien, L\u00ea Ph\u00f4 (1907-2001), Mai-Thu (1906-1980) et Vu Cao Dam (1908-2000).Cette exposition co\u00efncide avec le centenaire de l\u2019\u00c9cole des beaux-arts de Hano\u00ef qui a permis, pour la premi\u00e8re fois, la rencontre&#8230;<\/p>\n","protected":false},"author":2,"featured_media":25852,"comment_status":"open","ping_status":"open","sticky":false,"template":"","format":"standard","meta":{"ngg_post_thumbnail":0,"jetpack_post_was_ever_published":false,"_jetpack_newsletter_access":"","footnotes":""},"categories":[20,27],"tags":[],"class_list":["post-25851","post","type-post","status-publish","format-standard","has-post-thumbnail","hentry","category-cultures-du-monde","category-musees-expositions"],"jetpack_featured_media_url":"http:\/\/www.letourismeaparis.fr\/wp-content\/uploads\/2024\/10\/Capture-decran-2024-10-12-a-11.18.53.png","jetpack-related-posts":[{"id":8525,"url":"http:\/\/www.letourismeaparis.fr\/index.php\/2010\/09\/16\/autour-dangkor-vat-cambodge-laos-vietnam-pour-les-journees-du-patrimoine-a-la-cite-de-larchitecture\/","url_meta":{"origin":25851,"position":0},"title":"AUTOUR D&#039;ANGKOR VAT : CAMBODGE, LAOS, VIETNAM, pour les journ\u00e9es du patrimoine \u00e0 la cit\u00e9 de l&#039;architecture","author":"Fabienne TM","date":"16 septembre 2010","format":false,"excerpt":"18 Sept. 2010 - 18 Oct. 2010 AUTOUR D'ANGKOR VAT : CAMBODGE, LAOS, VIETNAM Dans le cadre des Journ\u00e9es du patrimoine, la Cit\u00e9 \u00e9voque le Mus\u00e9e indochinois qui, install\u00e9 d\u00e8s 1882 dans l\u2019aile Passy du palais de Chaillot, a vu ses collections dispers\u00e9es \u00e0 l\u2019ouverture de l\u2019Exposition universelle de 1937.\u2026","rel":"","context":"Dans &quot;Non class\u00e9&quot;","block_context":{"text":"Non class\u00e9","link":"http:\/\/www.letourismeaparis.fr\/index.php\/category\/non-classe\/"},"img":{"alt_text":"","src":"","width":0,"height":0},"classes":[]},{"id":15447,"url":"http:\/\/www.letourismeaparis.fr\/index.php\/2014\/08\/13\/lenvol-du-dragon-art-royal-du-vietnam-jusquau-15-septembre\/","url_meta":{"origin":25851,"position":1},"title":"L\u2019Envol du dragon \u2013 Art royal du Vietnam jusqu\u2019au 15 septembre","author":"Fabienne TM","date":"13 ao\u00fbt 2014","format":false,"excerpt":"\u00a0 Dans le Vietnam traditionnel, le dragon occupe une place privil\u00e9gi\u00e9e au sein du bestiaire des animaux fabuleux. Cette fascinante chim\u00e8re manifeste le caract\u00e8re dynamique de son r\u00f4le protecteur et bienfaisant par un aspect \u00e0 la fois gesticulant et anim\u00e9 dont les artistes vietnamiens ont, durant des si\u00e8cles, d\u00e9crit les\u2026","rel":"","context":"Dans &quot;Cultures du Monde&quot;","block_context":{"text":"Cultures du Monde","link":"http:\/\/www.letourismeaparis.fr\/index.php\/category\/culture\/musees-expositions\/cultures-du-monde\/"},"img":{"alt_text":"","src":"","width":0,"height":0},"classes":[]},{"id":211,"url":"http:\/\/www.letourismeaparis.fr\/index.php\/2008\/08\/27\/bridget-riley-au-musee-dart-moderne-jusquau-1409\/","url_meta":{"origin":25851,"position":2},"title":"Bridget Riley au mus\u00e9e d&#039;art moderne jusqu&#039;au 14\/09","author":"Fabienne TM","date":"27 ao\u00fbt 2008","format":false,"excerpt":"\"Salu\u00e9e par plusieurs expositions aux Etats-Unis, en Australie et en Europe, l\u2019\u0153uvre de Bridget Riley n\u00e9 en 1931 reste peu connue en France.cette artiste de renomm\u00e9e internationale d\u00e9veloppe une \u0153uvre abstraite fond\u00e9e sur l\u2019exploration des effets optiques de la couleur et de la forme. La peinture de Bridget Riley refl\u00e8te\u2026","rel":"","context":"Dans &quot;Non class\u00e9&quot;","block_context":{"text":"Non class\u00e9","link":"http:\/\/www.letourismeaparis.fr\/index.php\/category\/non-classe\/"},"img":{"alt_text":"","src":"","width":0,"height":0},"classes":[]},{"id":331,"url":"http:\/\/www.letourismeaparis.fr\/index.php\/2008\/09\/10\/derniers-jours-pour-bridget-riley-au-musee-dart-moderne\/","url_meta":{"origin":25851,"position":3},"title":"Derniers jours pour Bridget Riley au Mus\u00e9e d&#039;art moderne","author":"Fabienne TM","date":"10 septembre 2008","format":false,"excerpt":"\"Salu\u00e9e par plusieurs expositions aux Etats-Unis, en Australie et en Europe, l\u2019\u0153uvre de Bridget Riley n\u00e9 en 1931 reste peu connue en France.cette artiste de renomm\u00e9e internationale d\u00e9veloppe une \u0153uvre abstraite fond\u00e9e sur l\u2019exploration des effets optiques de la couleur et de la forme. La peinture de Bridget Riley refl\u00e8te\u2026","rel":"","context":"Dans &quot;Non class\u00e9&quot;","block_context":{"text":"Non class\u00e9","link":"http:\/\/www.letourismeaparis.fr\/index.php\/category\/non-classe\/"},"img":{"alt_text":"","src":"","width":0,"height":0},"classes":[]},{"id":26676,"url":"http:\/\/www.letourismeaparis.fr\/index.php\/2026\/02\/27\/le-nouvel-an-chinois-des-festivites\/","url_meta":{"origin":25851,"position":4},"title":"le nouvel an chinois, des festivit\u00e9s&#8230;..","author":"Fabienne TM","date":"27 f\u00e9vrier 2026","format":false,"excerpt":"Nouvel an Chinois - Lunaire 2026 on c\u00e9l\u00e8bre le Nouvel An Lunaire 2026 commun\u00e9ment appel\u00e9 le Nouvel An chinois, ann\u00e9e du Cheval de feu, jusqu' au 1er mars. Au programme : d\u00e9fil\u00e9, expositions, concerts, spectacles de danse et animations culturelles gratuites. La F\u00eate du T\u00eat qui c\u00e9l\u00e8bre le Nouvel An\u2026","rel":"","context":"Dans &quot;Cultures du Monde&quot;","block_context":{"text":"Cultures du Monde","link":"http:\/\/www.letourismeaparis.fr\/index.php\/category\/culture\/musees-expositions\/cultures-du-monde\/"},"img":{"alt_text":"","src":"","width":0,"height":0},"classes":[]},{"id":19392,"url":"http:\/\/www.letourismeaparis.fr\/index.php\/2017\/02\/13\/le-festival-des-arts-martiaux\/","url_meta":{"origin":25851,"position":5},"title":"Le Festival des Arts martiaux","author":"Fabienne TM","date":"13 f\u00e9vrier 2017","format":false,"excerpt":"Le Festival des Arts Martiaux r\u00e9investit l\u2019AccorHotels Arena pour sa 32 \u00e8me \u00e9dition, le 25 Mars 2017 avec un programme haut en couleurs et en action ! Cette ann\u00e9e l\u2019accent est mis sur la s\u00e9curit\u00e9 et la d\u00e9fense personnelle avec des prestations telles que le Close Combat, le Mastro Defence\u2026","rel":"","context":"Dans &quot;Sport&quot;","block_context":{"text":"Sport","link":"http:\/\/www.letourismeaparis.fr\/index.php\/category\/sport\/"},"img":{"alt_text":"","src":"","width":0,"height":0},"classes":[]}],"jetpack_sharing_enabled":true,"jetpack_likes_enabled":true,"_links":{"self":[{"href":"http:\/\/www.letourismeaparis.fr\/index.php\/wp-json\/wp\/v2\/posts\/25851","targetHints":{"allow":["GET"]}}],"collection":[{"href":"http:\/\/www.letourismeaparis.fr\/index.php\/wp-json\/wp\/v2\/posts"}],"about":[{"href":"http:\/\/www.letourismeaparis.fr\/index.php\/wp-json\/wp\/v2\/types\/post"}],"author":[{"embeddable":true,"href":"http:\/\/www.letourismeaparis.fr\/index.php\/wp-json\/wp\/v2\/users\/2"}],"replies":[{"embeddable":true,"href":"http:\/\/www.letourismeaparis.fr\/index.php\/wp-json\/wp\/v2\/comments?post=25851"}],"version-history":[{"count":2,"href":"http:\/\/www.letourismeaparis.fr\/index.php\/wp-json\/wp\/v2\/posts\/25851\/revisions"}],"predecessor-version":[{"id":25948,"href":"http:\/\/www.letourismeaparis.fr\/index.php\/wp-json\/wp\/v2\/posts\/25851\/revisions\/25948"}],"wp:featuredmedia":[{"embeddable":true,"href":"http:\/\/www.letourismeaparis.fr\/index.php\/wp-json\/wp\/v2\/media\/25852"}],"wp:attachment":[{"href":"http:\/\/www.letourismeaparis.fr\/index.php\/wp-json\/wp\/v2\/media?parent=25851"}],"wp:term":[{"taxonomy":"category","embeddable":true,"href":"http:\/\/www.letourismeaparis.fr\/index.php\/wp-json\/wp\/v2\/categories?post=25851"},{"taxonomy":"post_tag","embeddable":true,"href":"http:\/\/www.letourismeaparis.fr\/index.php\/wp-json\/wp\/v2\/tags?post=25851"}],"curies":[{"name":"wp","href":"https:\/\/api.w.org\/{rel}","templated":true}]}}