{"id":25857,"date":"2024-10-12T12:07:29","date_gmt":"2024-10-12T10:07:29","guid":{"rendered":"http:\/\/www.letourismeaparis.fr\/?p=25857"},"modified":"2024-10-12T12:13:11","modified_gmt":"2024-10-12T10:13:11","slug":"salon-des-savoir-faire-et-metiers-dart-dexception-10-13-octobre","status":"publish","type":"post","link":"http:\/\/www.letourismeaparis.fr\/index.php\/2024\/10\/12\/salon-des-savoir-faire-et-metiers-dart-dexception-10-13-octobre\/","title":{"rendered":"Immersions :Salon des savoir- faire et m\u00e9tiers d\u2019art d\u2019exception 10\/13 octobre"},"content":{"rendered":"\n<p>Situ\u00e9 dans une ancienne imprimerie du d\u00e9but du si\u00e8cle dernier au c\u0153ur du Marais, le FAFCEA ouvre ses portes le temps d\u2019un instant o\u00f9 des \u0153uvres au savoir-faire unique confectionn\u00e9es par nos Artisans d\u2019Art seront mis en lumi\u00e8re !<\/p>\n\n\n\n<hr class=\"wp-block-separator has-alpha-channel-opacity\"\/>\n\n\n\n<p>Verrier, brodeur, plumassier, c\u00e9ramiste, bijoutier\u2026<\/p>\n\n\n\n<p>Nous avons&nbsp; remarqu\u00e9&nbsp; tout particuli\u00e8rement&nbsp; l\u2019artisan laqueur&nbsp; Elisa Espada et<\/p>\n\n\n\n<p>Le joaillier Karl Mazlo ainsi que l&rsquo;atelie Lasto et l&rsquo;\u00e9b\u00e9niste marqueteuse St\u00e9phanie Trolez<\/p>\n\n\n\n<p>14 rue Chapon Paris 75003<\/p>\n\n\n\n<hr class=\"wp-block-separator has-alpha-channel-opacity\"\/>\n\n\n\n<p>Photo : https:\/\/www.julielimont.com\/<\/p>\n\n\n\n<p>\u00a9 \u0152uvre : http:\/\/www.ericcharlesdonatien.com\/fr\/<\/p>\n\n\n\n<p>\u00a9 Cr\u00e9ation : https:\/\/www.biblis-duroux.com\/<\/p>\n","protected":false},"excerpt":{"rendered":"<p>Situ\u00e9 dans une ancienne imprimerie du d\u00e9but du si\u00e8cle dernier au c\u0153ur du Marais, le FAFCEA ouvre ses portes le temps d\u2019un instant o\u00f9 des \u0153uvres au savoir-faire unique confectionn\u00e9es par nos Artisans d\u2019Art seront mis en lumi\u00e8re ! Verrier,&#8230;<\/p>\n","protected":false},"author":2,"featured_media":25859,"comment_status":"open","ping_status":"open","sticky":false,"template":"","format":"standard","meta":{"ngg_post_thumbnail":0,"jetpack_post_was_ever_published":false,"_jetpack_newsletter_access":"","footnotes":""},"categories":[5,22,368,36],"tags":[],"class_list":["post-25857","post","type-post","status-publish","format-standard","has-post-thumbnail","hentry","category-artisanat","category-decoration","category-joaillerie","category-luxe"],"jetpack_featured_media_url":"http:\/\/www.letourismeaparis.fr\/wp-content\/uploads\/2024\/10\/Capture-decran-2024-10-12-a-12.01.01.png","jetpack-related-posts":[{"id":20290,"url":"http:\/\/www.letourismeaparis.fr\/index.php\/2017\/10\/31\/salon-obart-vitrine-du-savoir-faire-des-artisans-createurs-du-24-au-26-novembre-a-paris\/","url_meta":{"origin":25857,"position":0},"title":"SALON OB\u2019ART VITRINE DU SAVOIR FAIRE DES ARTISANS CREATEURS du 24 au 26 novembre \u00e0 Paris","author":"Fabienne TM","date":"31 octobre 2017","format":false,"excerpt":"Le salon Ob\u2019Art Paris est un salon d\u2019objets de cr\u00e9ateurs qui a lieu chaque ann\u00e9e depuis 18 ans en plein c\u0153ur du Marais \u00e0 l\u2019Espace des Blancs Manteaux. Durant 3 jours et dans une ambiance conviviale et chaleureuse, plus de 65 exposants venus de la France enti\u00e8re pr\u00e9sentent leurs cr\u00e9ations\u2026","rel":"","context":"Dans &quot;Artisanat&quot;","block_context":{"text":"Artisanat","link":"http:\/\/www.letourismeaparis.fr\/index.php\/category\/culture\/musees-expositions\/artisanat\/"},"img":{"alt_text":"","src":"","width":0,"height":0},"classes":[]},{"id":26373,"url":"http:\/\/www.letourismeaparis.fr\/index.php\/2025\/09\/22\/les-artisans-dexcellence-au-palais-de-la-porte-doree\/","url_meta":{"origin":25857,"position":1},"title":"Artisans d\u2019Excellence 2025 : m\u00e9tiers d\u2019art fran\u00e7ais au Palais de la Porte Dor\u00e9e \u00e0 Paris","author":"Fabienne TM","date":"22 septembre 2025","format":false,"excerpt":"Plongez dans l\u2019univers des m\u00e9tiers d\u2019art fran\u00e7ais avec l\u2019\u00e9v\u00e9nement Artisans d\u2019Excellence 2025, organis\u00e9 au prestigieux Palais de la Porte Dor\u00e9e \u00e0 Paris (12e arrondissement). Pendant trois jours, d\u00e9couvrez une s\u00e9lection unique d\u2019artisans ind\u00e9pendants qui incarnent l\u2019excellence et le savoir-faire fran\u00e7ais, dans une sc\u00e9nographie exceptionnelle. Programme & Horaires (H2) \ud83d\udccd Lieu\u2026","rel":"","context":"Dans &quot;Artisanat&quot;","block_context":{"text":"Artisanat","link":"http:\/\/www.letourismeaparis.fr\/index.php\/category\/culture\/musees-expositions\/artisanat\/"},"img":{"alt_text":"","src":"","width":0,"height":0},"classes":[]},{"id":6499,"url":"http:\/\/www.letourismeaparis.fr\/index.php\/2010\/02\/10\/du-samedi-6-au-dimanche-14-fevrier-2010salon-des-artisans-dans-le-11-eme\/","url_meta":{"origin":25857,"position":2},"title":"Salon &quot;artisanat et m\u00e9tiers d&#039;art&quot; jusqu&#039;au 14 f\u00e9vrier","author":"Fabienne TM","date":"10 f\u00e9vrier 2010","format":false,"excerpt":"Pr\u00e8s d\u2019une centaine de cr\u00e9ateurs dans toutes les disciplines pr\u00e9sentent leurs techniques et leurs savoir-faire dans un quartier, symbole de l\u2019artisanat d\u2019art \u00e0 Paris. Pour cette \u00e9dition, la Mairie du 11e et l\u2019Association des Artistes et Artisans d\u2019Art du 11e ont convi\u00e9 la c\u00e9l\u00e8bre Ganterie Agnelle \u00e0 \u00eatre l\u2019invit\u00e9 d\u2019honneur.\u2026","rel":"","context":"Dans &quot;Non class\u00e9&quot;","block_context":{"text":"Non class\u00e9","link":"http:\/\/www.letourismeaparis.fr\/index.php\/category\/non-classe\/"},"img":{"alt_text":"","src":"https:\/\/i0.wp.com\/www.letourismeaparis.fr\/wp-content\/uploads\/2010\/02\/salon-dartisanat-et-des-m%C3%83%C2%A9tiers-dart-220.jpg?resize=350%2C200","width":350,"height":200},"classes":[]},{"id":9126,"url":"http:\/\/www.letourismeaparis.fr\/index.php\/2010\/12\/02\/carrousel-des-metiers-dart-et-de-creation-jusquau-5-decembre-la-russie-a-lhonneur\/","url_meta":{"origin":25857,"position":3},"title":"Carrousel des m\u00e9tiers d\u2019art et de cr\u00e9ation  jusqu&#039;au 5 d\u00e9cembre  : la Russie \u00e0 l\u2019honneur","author":"Fabienne TM","date":"2 d\u00e9cembre 2010","format":false,"excerpt":"Au Carrousel du Louvre, entr\u00e9e libre. Le Carrousel des m\u00e9tiers d\u2019art et de cr\u00e9ation,\u00a0 est le plus important salon d\u00e9di\u00e9 aux m\u00e9tiers d\u2019art et de cr\u00e9ation en France. Le th\u00e8me\u00a0 : \u00ab L\u2019Or et les M\u00e9tiers d\u2019Art \u00bb les artisans russes\u00a0 exposent\u00a0 et montrent leur savoir-faire . Les Meilleurs Ouvriers\u2026","rel":"","context":"Dans &quot;Non class\u00e9&quot;","block_context":{"text":"Non class\u00e9","link":"http:\/\/www.letourismeaparis.fr\/index.php\/category\/non-classe\/"},"img":{"alt_text":"","src":"","width":0,"height":0},"classes":[]},{"id":24374,"url":"http:\/\/www.letourismeaparis.fr\/index.php\/2021\/09\/30\/les-journees-de-lartisanat-a-belleville-vont-se-derouler-les-9-et-10-octobre\/","url_meta":{"origin":25857,"position":4},"title":"Les Journ\u00e9es de l&rsquo;artisanat \u00e0 Belleville vont se d\u00e9rouler les 9 et 10 octobre","author":"Fabienne TM","date":"30 septembre 2021","format":false,"excerpt":"60 artisans et 30 lieux qui ouvrent leurs portes \u00e0 cette occasion\u00a0!Portes ouvertes\u00a0 et\u00a0des d\u00e9monstrations de savoir-faire sont programm\u00e9es dans plusieurs ateliers. Parfois \u00e0 l'origine de vocations, elles sont l'occasion de d\u00e9couvrir des m\u00e9tiers qui peuvent \u00eatre m\u00e9connus. Dans l'atelier de C\u00e9ramique ATELIER MAEN, une initiation au tournage samedi et\u2026","rel":"","context":"Dans &quot;Non class\u00e9&quot;","block_context":{"text":"Non class\u00e9","link":"http:\/\/www.letourismeaparis.fr\/index.php\/category\/non-classe\/"},"img":{"alt_text":"","src":"","width":0,"height":0},"classes":[]},{"id":16154,"url":"http:\/\/www.letourismeaparis.fr\/index.php\/2015\/01\/12\/design-artisanat-dart-paris-et-berlin-exposent-leurs-createurs-du-2-au-21-fevrier-2015-hotel-de-ville-de-paris\/","url_meta":{"origin":25857,"position":5},"title":"DESIGN &amp; ARTISANAT D\u2019ART,  PARIS ET BERLIN EXPOSENT LEURS CR\u00c9ATEURS  DU 2 AU 21 F\u00c9VRIER 2015  H\u00d4TEL DE VILLE DE PARIS","author":"Fabienne TM","date":"12 janvier 2015","format":false,"excerpt":"\u00a0 Plus de 70 cr\u00e9ateurs contemporains designers et artisans d\u2019art de Berlin\u00a0et de Paris pr\u00e9senteront, \u00e0 travers une sc\u00e9nographie \u00e9pur\u00e9e et originale, des pi\u00e8ces uniques de mobilier contemporain, des installations de\u00a0luminaires, des objets de d\u00e9coration haut de gamme, des cr\u00e9ations\u00a0couture sur-mesure, \u2026 L\u2019artisanat d\u2019art, pr\u00e9sent\u00e9 sous un nouveau regard, c\u00f4toie\u2026","rel":"","context":"Dans &quot;Mus\u00e9es \/ Expositions&quot;","block_context":{"text":"Mus\u00e9es \/ Expositions","link":"http:\/\/www.letourismeaparis.fr\/index.php\/category\/culture\/musees-expositions\/"},"img":{"alt_text":"","src":"","width":0,"height":0},"classes":[]}],"jetpack_sharing_enabled":true,"jetpack_likes_enabled":true,"_links":{"self":[{"href":"http:\/\/www.letourismeaparis.fr\/index.php\/wp-json\/wp\/v2\/posts\/25857","targetHints":{"allow":["GET"]}}],"collection":[{"href":"http:\/\/www.letourismeaparis.fr\/index.php\/wp-json\/wp\/v2\/posts"}],"about":[{"href":"http:\/\/www.letourismeaparis.fr\/index.php\/wp-json\/wp\/v2\/types\/post"}],"author":[{"embeddable":true,"href":"http:\/\/www.letourismeaparis.fr\/index.php\/wp-json\/wp\/v2\/users\/2"}],"replies":[{"embeddable":true,"href":"http:\/\/www.letourismeaparis.fr\/index.php\/wp-json\/wp\/v2\/comments?post=25857"}],"version-history":[{"count":3,"href":"http:\/\/www.letourismeaparis.fr\/index.php\/wp-json\/wp\/v2\/posts\/25857\/revisions"}],"predecessor-version":[{"id":25866,"href":"http:\/\/www.letourismeaparis.fr\/index.php\/wp-json\/wp\/v2\/posts\/25857\/revisions\/25866"}],"wp:featuredmedia":[{"embeddable":true,"href":"http:\/\/www.letourismeaparis.fr\/index.php\/wp-json\/wp\/v2\/media\/25859"}],"wp:attachment":[{"href":"http:\/\/www.letourismeaparis.fr\/index.php\/wp-json\/wp\/v2\/media?parent=25857"}],"wp:term":[{"taxonomy":"category","embeddable":true,"href":"http:\/\/www.letourismeaparis.fr\/index.php\/wp-json\/wp\/v2\/categories?post=25857"},{"taxonomy":"post_tag","embeddable":true,"href":"http:\/\/www.letourismeaparis.fr\/index.php\/wp-json\/wp\/v2\/tags?post=25857"}],"curies":[{"name":"wp","href":"https:\/\/api.w.org\/{rel}","templated":true}]}}