{"id":25876,"date":"2024-11-04T19:35:08","date_gmt":"2024-11-04T18:35:08","guid":{"rendered":"http:\/\/www.letourismeaparis.fr\/?p=25876"},"modified":"2024-11-04T19:35:12","modified_gmt":"2024-11-04T18:35:12","slug":"ribera-tenebres-et-lumiere-au-petit-palais","status":"publish","type":"post","link":"http:\/\/www.letourismeaparis.fr\/index.php\/2024\/11\/04\/ribera-tenebres-et-lumiere-au-petit-palais\/","title":{"rendered":"Rib\u00e9ra , T\u00e9n\u00e8bres et Lumi\u00e8re au Petit Palais"},"content":{"rendered":"\n<p>La premi\u00e8re r\u00e9trospective fran\u00e7aise consacr\u00e9e \u00e0 Jos\u00e9 de Ribera (1591-1652).<\/p>\n\n\n\n<p>Dans le sillage du Caravage, Jos\u00e9 de Ribera, artiste espagnol install\u00e9 en Italie, s\u2019impose comme l\u2019un des interpr\u00e8tes les plus fascinants de la peinture d\u2019apr\u00e8s nature.<\/p>\n\n\n\n<p><\/p>\n\n\n\n<p> Arriv\u00e9 tr\u00e8s jeune \u00e0 Rome, il part d\u00e9finitivement pour Naples, alors possession espagnole o\u00f9 il fait toute sa carri\u00e8re. <\/p>\n\n\n\n<p>Artiste hors-pair par sa capacit\u00e9 \u00e0 retranscrire une r\u00e9alit\u00e9 presque tactile des individus, des chairs et des objets, il traduit avec une acuit\u00e9 bouleversante la dignit\u00e9 du quotidien et les drames humains.<\/p>\n\n\n\n<hr class=\"wp-block-separator has-alpha-channel-opacity\"\/>\n\n\n\n<p>D\u2019une radicalit\u00e9 extr\u00eame, il privil\u00e9gie un r\u00e9alisme cru, la violence des clairs obscurs et des compositions dramatiques.<\/p>\n\n\n\n<p>Go\u00fbt pour \u00ab\u00a0les s\u00e9ries\u00a0\u00bb, V\u00e9rit\u00e9 psychologique, univers picaresque.<\/p>\n\n\n\n<p>Graveur et dessinateur<\/p>\n\n\n\n<hr class=\"wp-block-separator has-alpha-channel-opacity\"\/>\n\n\n\n<p><\/p>\n\n\n\n<p>L\u2019exposition est aussi l\u2019occasion de faire la part belle \u00e0 l\u2019\u0153uvre graphique de l\u2019artiste, avec de nombreux dessins et gravures, une raret\u00e9 au sein des principaux interpr\u00e8tes du caravagisme. <\/p>\n\n\n\n<p><\/p>\n\n\n\n<p>jusqu&rsquo;au 23 f\u00e9vrie 2025.<\/p>\n\n\n\n<p>Nombreuses activit\u00e9s\u00a0:<\/p>\n\n\n\n<p>&nbsp;Des conf\u00e9rences gratuites &nbsp;\u00e0 l\u2019auditorium &nbsp;le mardi 12 nov &nbsp;\u00e0 12h30<\/p>\n\n\n\n<p>&nbsp;jeudis 12 d\u00e9c,9 janvier,23 janvier,6 f\u00e9vrier<\/p>\n\n\n\n<p>des concerts les dimanches 15 d\u00e9c,19 janvier,2 f\u00e9vrier \u00e0 16h<\/p>\n\n\n\n<p>Un apr\u00e8s midi napolitain le 7 d\u00e9c avec des tableaux vivants\u00e0 14h30 et 16h suivis d\u2019un concert exceptionnel \u00e0 18h<\/p>\n\n\n\n<p>Des visites guid\u00e9es mardi et jeudi \u00e0 12h15, samedi \u00e0 12h45<\/p>\n\n\n\n<p>Horaires de l&rsquo;exposition<\/p>\n\n\n\n<p>Du mardi au dimanche de 10h \u00e0 18h<\/p>\n\n\n\n<p>Avenue Winston Churchill 75008 Paris<\/p>\n","protected":false},"excerpt":{"rendered":"<p>La premi\u00e8re r\u00e9trospective fran\u00e7aise consacr\u00e9e \u00e0 Jos\u00e9 de Ribera (1591-1652). Dans le sillage du Caravage, Jos\u00e9 de Ribera, artiste espagnol install\u00e9 en Italie, s\u2019impose comme l\u2019un des interpr\u00e8tes les plus fascinants de la peinture d\u2019apr\u00e8s nature. Arriv\u00e9 tr\u00e8s jeune \u00e0&#8230;<\/p>\n","protected":false},"author":2,"featured_media":25878,"comment_status":"open","ping_status":"open","sticky":false,"template":"","format":"standard","meta":{"ngg_post_thumbnail":0,"jetpack_post_was_ever_published":false,"_jetpack_newsletter_access":"","footnotes":""},"categories":[16,363,27],"tags":[],"class_list":["post-25876","post","type-post","status-publish","format-standard","has-post-thumbnail","hentry","category-concert","category-culture","category-musees-expositions"],"jetpack_featured_media_url":"http:\/\/www.letourismeaparis.fr\/wp-content\/uploads\/2024\/11\/Capture-decran-2024-11-04-a-19.26.35.png","jetpack-related-posts":[{"id":19445,"url":"http:\/\/www.letourismeaparis.fr\/index.php\/2017\/02\/03\/la-route-des-reves-une-creation-de-jean-michel-ribes-un-excellent-spectacle-vendredi-3-fevrier\/","url_meta":{"origin":25876,"position":0},"title":"&quot;La Route des r\u00eaves&quot; , une cr\u00e9ation de Jean Michel Ribes : Un excellent spectacle Vendredi 3 F\u00e9vrier","author":"Fabienne TM","date":"3 f\u00e9vrier 2017","format":false,"excerpt":"la Fondation Colas a demand\u00e9 \u00e0 Jean-Michel Ribes d\u2019\u00e9crire un spectacle d\u2019art vivant \u00e0 l\u2019image d\u2019une collection en mouvement et d\u2019un m\u00e9c\u00e9nat artistique pluridisciplinaire, ax\u00e9 sur la cr\u00e9ation et le soutien aux talents. \u00a0 Avec \u00abl\u2019audace joyeuse\u00bb qui caract\u00e9rise son auteur, La route des r\u00eaves ouvrira de nouveaux horizons, port\u00e9s\u2026","rel":"","context":"Dans &quot;Spectacle&quot;","block_context":{"text":"Spectacle","link":"http:\/\/www.letourismeaparis.fr\/index.php\/category\/spectacle\/"},"img":{"alt_text":"","src":"https:\/\/i0.wp.com\/www.letourismeaparis.fr\/wp-content\/uploads\/2017\/02\/Capture-d%C3%A2%C2%80%C2%99e%C3%8C%C2%81cran-2017-02-02-a%C3%8C%C2%80-23.56.27-215x300.png?resize=350%2C200","width":350,"height":200},"classes":[]},{"id":1725,"url":"http:\/\/www.letourismeaparis.fr\/index.php\/2009\/02\/02\/jose-abad-au-musee-de-la-poste-rend-hommage-a-picasso-notamment\/","url_meta":{"origin":25876,"position":1},"title":"Jos\u00e9 ABAD au mus\u00e9e de la poste ,rend hommage \u00e0 Picasso notamment &#8230;","author":"Fabienne TM","date":"2 f\u00e9vrier 2009","format":false,"excerpt":"http:\/\/www.letourismeaparis.fr \"Jusqu\u2019au 28 f\u00e9vrier 2009, le mus\u00e9e de la Poste expose pr\u00e8s de 400 \u0153uvres de l\u2019artiste Jos\u00e9 Abad, consid\u00e9r\u00e9 comme un des grands sculpteurs espagnols du XXe si\u00e8cle. Jos\u00e9 Abad ,un sculpteur,mais\u00a0 \u00e9galement un auteur de collages et de dessins - Le Mus\u00e9e de La Poste - 34, Bd\u2026","rel":"","context":"Dans &quot;Non class\u00e9&quot;","block_context":{"text":"Non class\u00e9","link":"http:\/\/www.letourismeaparis.fr\/index.php\/category\/non-classe\/"},"img":{"alt_text":"","src":"","width":0,"height":0},"classes":[]},{"id":16205,"url":"http:\/\/www.letourismeaparis.fr\/index.php\/2015\/02\/19\/de-giotto-caravage-au-musee-jacquemart-andre\/","url_meta":{"origin":25876,"position":2},"title":"De Giotto \u00e0 Caravage , au mus\u00e9e Jacquemart Andr\u00e9","author":"Fabienne TM","date":"19 f\u00e9vrier 2015","format":false,"excerpt":"DU 27 MARS AU 20 JUILLET 2015 L\u2019exposition pr\u00e9sente\u00a0les grands noms de la peinture italienne, du XIVe au XVIIe si\u00e8cle, red\u00e9couverts par Roberto Longhi (1899\/1890-1970), . Giotto, Masaccio, Masolino, Piero della Francesca, Ribera, Caravage\u2026 autant d\u2019artistes de premier plan qui seront ainsi mis en lumi\u00e8re.\u00a0 L\u2019exposition s\u2019ouvre sur une section\u2026","rel":"","context":"Dans &quot;Mus\u00e9es \/ Expositions&quot;","block_context":{"text":"Mus\u00e9es \/ Expositions","link":"http:\/\/www.letourismeaparis.fr\/index.php\/category\/culture\/musees-expositions\/"},"img":{"alt_text":"","src":"","width":0,"height":0},"classes":[]},{"id":16214,"url":"http:\/\/www.letourismeaparis.fr\/index.php\/2015\/01\/28\/la-compagnie-nationale-de-danse-despagne-jose-martinez-au-tce\/","url_meta":{"origin":25876,"position":3},"title":"La compagnie nationale de danse d\u2019Espagne Jos\u00e9 Martinez au TCE jusqu&#039;au 29 janvier","author":"Fabienne TM","date":"28 janvier 2015","format":false,"excerpt":"Pour la premi\u00e8re fois \u00e0 Paris, la\u00a0jeune compagnie espagnole, men\u00e9e depuis 2011 par Jos\u00e9 Martinez, pr\u00e9sente un programme \u00e0 son image, tout en diversit\u00e9 et \u00a0dynamisme, brillamment illustr\u00e9e au travers de trois premi\u00e8res fran\u00e7aises. Sub\u00a0de l\u2019isra\u00eblien Itzik Galili, est une\u00a0pi\u00e8ce pour 7 danseurs, gorg\u00e9e de\u00a0testost\u00e9rone, force et \u00e9l\u00e9gance, et saupoudr\u00e9e\u00a0par\u2026","rel":"","context":"Dans &quot;Danse&quot;","block_context":{"text":"Danse","link":"http:\/\/www.letourismeaparis.fr\/index.php\/category\/spectacle\/danse\/"},"img":{"alt_text":"","src":"","width":0,"height":0},"classes":[]},{"id":16188,"url":"http:\/\/www.letourismeaparis.fr\/index.php\/2015\/04\/23\/les-bas-fonds-du-baroque-la-rome-du-vice-et-de-la-misere-24-fevrier-24-mai-2015\/","url_meta":{"origin":25876,"position":4},"title":"Les Bas-fonds du Baroque LA ROME DU VICE ET DE LA MIS\u00c8RE 24 f\u00e9vrier &#8211; 24 mai 2015","author":"Fabienne TM","date":"23 avril 2015","format":false,"excerpt":"Vous d\u00e9couvrirez le visage sombre et violent de la Rome baroque du XVIIe si\u00e8cle, souvent c\u00e9l\u00e9br\u00e9e pour ses fastes et sa grandeur, symboles du triomphe de la Papaut\u00e9. Pr\u00e8s de 70 tableaux \u00e9voqueront l\u2019univers clandestin et interlope de la capitale repr\u00e9sentant un aspect in\u00e9dit de cette \u00e9tonnante production artistique romaine\u2026","rel":"","context":"Dans &quot;Mus\u00e9es \/ Expositions&quot;","block_context":{"text":"Mus\u00e9es \/ Expositions","link":"http:\/\/www.letourismeaparis.fr\/index.php\/category\/culture\/musees-expositions\/"},"img":{"alt_text":"","src":"","width":0,"height":0},"classes":[]},{"id":19002,"url":"http:\/\/www.letourismeaparis.fr\/index.php\/2016\/11\/16\/vente-caritative-au-profit-des-petits-freres-des-pauvres-samedi-19-novembre-2016-a-drouot\/","url_meta":{"origin":25876,"position":5},"title":"Vente caritative au profit des petits fr\u00e8res des Pauvres, samedi 19 novembre 2016 \u00e0 Drouot","author":"Fabienne TM","date":"16 novembre 2016","format":false,"excerpt":"Bijoux, argenterie, meubles de collection, \u0153uvres et objets d\u2019art \u00a0 Apr\u00e8s une campagne d\u2019appels aux dons faite \u00e0 travers la France, une belle s\u00e9lection d\u2019\u0153uvres, d\u2019objets d\u2019art et de bijoux sera pr\u00e9sent\u00e9e au profit de l\u2019Association. Tous ces objets ont \u00e9t\u00e9 expertis\u00e9s par les soins de Drouot Estimations. Le catalogue\u2026","rel":"","context":"Dans &quot;Oeuvres-Caritatives&quot;","block_context":{"text":"Oeuvres-Caritatives","link":"http:\/\/www.letourismeaparis.fr\/index.php\/category\/bonnes-oeuvres\/"},"img":{"alt_text":"","src":"","width":0,"height":0},"classes":[]}],"jetpack_sharing_enabled":true,"jetpack_likes_enabled":true,"_links":{"self":[{"href":"http:\/\/www.letourismeaparis.fr\/index.php\/wp-json\/wp\/v2\/posts\/25876","targetHints":{"allow":["GET"]}}],"collection":[{"href":"http:\/\/www.letourismeaparis.fr\/index.php\/wp-json\/wp\/v2\/posts"}],"about":[{"href":"http:\/\/www.letourismeaparis.fr\/index.php\/wp-json\/wp\/v2\/types\/post"}],"author":[{"embeddable":true,"href":"http:\/\/www.letourismeaparis.fr\/index.php\/wp-json\/wp\/v2\/users\/2"}],"replies":[{"embeddable":true,"href":"http:\/\/www.letourismeaparis.fr\/index.php\/wp-json\/wp\/v2\/comments?post=25876"}],"version-history":[{"count":2,"href":"http:\/\/www.letourismeaparis.fr\/index.php\/wp-json\/wp\/v2\/posts\/25876\/revisions"}],"predecessor-version":[{"id":25879,"href":"http:\/\/www.letourismeaparis.fr\/index.php\/wp-json\/wp\/v2\/posts\/25876\/revisions\/25879"}],"wp:featuredmedia":[{"embeddable":true,"href":"http:\/\/www.letourismeaparis.fr\/index.php\/wp-json\/wp\/v2\/media\/25878"}],"wp:attachment":[{"href":"http:\/\/www.letourismeaparis.fr\/index.php\/wp-json\/wp\/v2\/media?parent=25876"}],"wp:term":[{"taxonomy":"category","embeddable":true,"href":"http:\/\/www.letourismeaparis.fr\/index.php\/wp-json\/wp\/v2\/categories?post=25876"},{"taxonomy":"post_tag","embeddable":true,"href":"http:\/\/www.letourismeaparis.fr\/index.php\/wp-json\/wp\/v2\/tags?post=25876"}],"curies":[{"name":"wp","href":"https:\/\/api.w.org\/{rel}","templated":true}]}}