{"id":25902,"date":"2024-11-14T12:46:29","date_gmt":"2024-11-14T11:46:29","guid":{"rendered":"http:\/\/www.letourismeaparis.fr\/?p=25902"},"modified":"2024-11-14T12:46:33","modified_gmt":"2024-11-14T11:46:33","slug":"le-cake-aux-olives-au-theatre-de-passy-une-bonne-soiree","status":"publish","type":"post","link":"http:\/\/www.letourismeaparis.fr\/index.php\/2024\/11\/14\/le-cake-aux-olives-au-theatre-de-passy-une-bonne-soiree\/","title":{"rendered":"\u00ab\u00a0Le cake aux olives \u00a0\u00bb au Th\u00e9atre de Passy : une bonne soir\u00e9e !"},"content":{"rendered":"\n<p>Le Cake aux Olives  de J\u00e9r\u00f4me de Verdi\u00e8re : une com\u00e9die dont le spectateur se paye une bonne tranche\u2026de rires !<\/p>\n\n\n\n<p>Lles excellents com\u00e9diens  Philippe Chevaller et Bernard Mabille  seront appr\u00e9ci\u00e9s !<\/p>\n\n\n\n<p>Bernard a mis, \u00e0 plein volume, la cinqui\u00e8me de Beethoven sur sa chaine Hifi et nettoie m\u00e9ticuleusement un Glock semi-automatique. Philippe, un voisin, d\u00e9barque en trombe dans son petit appartement. C\u2019est l\u00e0 que les ennuis commencent\u2026<\/p>\n\n\n\n<hr class=\"wp-block-separator has-alpha-channel-opacity\"\/>\n\n\n\n<p><\/p>\n\n\n\n<p>Dur\u00e9e 1 heure 20 minutes<\/p>\n\n\n\n<p><\/p>\n\n\n\n<p>THEATRE DE PASSY<\/p>\n\n\n\n<p>95, rue de Passy Paris 75016<\/p>\n\n\n\n<figure class=\"wp-block-embed is-type-wp-embed is-provider-th-tre-de-passy wp-block-embed-th-tre-de-passy\"><div class=\"wp-block-embed__wrapper\">\n<blockquote class=\"wp-embedded-content\" data-secret=\"Ajwr1izoSE\"><a href=\"https:\/\/theatredepassy.fr\/\">\u00c0 l&rsquo;affiche<\/a><\/blockquote><iframe loading=\"lazy\" class=\"wp-embedded-content\" sandbox=\"allow-scripts\" security=\"restricted\" style=\"position: absolute; visibility: hidden;\" title=\"\u00ab\u00a0\u00c0 l&rsquo;affiche\u00a0\u00bb &#8212; Th\u00e9\u00e2tre de Passy\" src=\"https:\/\/theatredepassy.fr\/embed\/#?secret=Ajwr1izoSE\" data-secret=\"Ajwr1izoSE\" width=\"600\" height=\"338\" frameborder=\"0\" marginwidth=\"0\" marginheight=\"0\" scrolling=\"no\"><\/iframe>\n<\/div><\/figure>\n\n\n\n<p><\/p>\n","protected":false},"excerpt":{"rendered":"<p>Le Cake aux Olives de J\u00e9r\u00f4me de Verdi\u00e8re : une com\u00e9die dont le spectateur se paye une bonne tranche\u2026de rires ! Lles excellents com\u00e9diens Philippe Chevaller et Bernard Mabille seront appr\u00e9ci\u00e9s ! Bernard a mis, \u00e0 plein volume, la cinqui\u00e8me&#8230;<\/p>\n","protected":false},"author":2,"featured_media":25904,"comment_status":"open","ping_status":"open","sticky":false,"template":"","format":"standard","meta":{"ngg_post_thumbnail":0,"jetpack_post_was_ever_published":false,"_jetpack_newsletter_access":"","footnotes":""},"categories":[47,49],"tags":[],"class_list":["post-25902","post","type-post","status-publish","format-standard","has-post-thumbnail","hentry","category-spectacle","category-theatre"],"jetpack_featured_media_url":"http:\/\/www.letourismeaparis.fr\/wp-content\/uploads\/2024\/11\/Capture-decran-2024-11-14-a-12.34.39.png","jetpack-related-posts":[{"id":25249,"url":"http:\/\/www.letourismeaparis.fr\/index.php\/2023\/08\/27\/allez-vous-amuser-au-theatre-de-passy-avec-sherlock-holmes\/","url_meta":{"origin":25902,"position":0},"title":"Allez vous amuser au Th\u00e9atre de Passy avec Sherlock Holmes !","author":"Fabienne TM","date":"27 ao\u00fbt 2023","format":false,"excerpt":"Une com\u00e9die , sur la c\u00e9l\u00e8bre affaire du Pont de Thor, o\u00f9 tout part \u00e0 vau l\u2019eau en compagnie d'excellents com\u00e9diens. Dans cette parodie comique de Sherlock Holmes, le c\u00e9l\u00e8bre d\u00e9tective (Bemard Menez), fine mouche s\u2019il en est, et son fid\u00e8le Dr. Watson (Philippe Chevallier), m\u00e8nent l\u2019enqu\u00eate: qui a tu\u00e9\u2026","rel":"","context":"Dans &quot;Th\u00e9atre&quot;","block_context":{"text":"Th\u00e9atre","link":"http:\/\/www.letourismeaparis.fr\/index.php\/category\/spectacle\/theatre\/"},"img":{"alt_text":"","src":"https:\/\/i0.wp.com\/www.letourismeaparis.fr\/wp-content\/uploads\/2023\/08\/Capture-decran-2023-08-27-a-10.11.56.png?resize=350%2C200","width":350,"height":200},"classes":[]},{"id":26067,"url":"http:\/\/www.letourismeaparis.fr\/index.php\/2025\/02\/23\/les-grands-ducs-au-theatre-de-passy\/","url_meta":{"origin":25902,"position":1},"title":"Les Grands Ducs au Th\u00e9atre de Passy","author":"Fabienne TM","date":"23 f\u00e9vrier 2025","format":false,"excerpt":"D\u2019apr\u00e8s le film culte de Patrice Leconte Allez vous amusez au Th\u00e9atre de Passy ! Une pi\u00e8ce divertissante et tr\u00e8s bien jou\u00e9e ! Trois com\u00e9diens sur le retour r\u00e9ussissent \u00e0 se faire engager par un producteur au bord de la faillite, dans une pi\u00e8ce de boulevard m\u00e9diocre avec dans le\u2026","rel":"","context":"Dans &quot;Spectacle&quot;","block_context":{"text":"Spectacle","link":"http:\/\/www.letourismeaparis.fr\/index.php\/category\/spectacle\/"},"img":{"alt_text":"","src":"https:\/\/i0.wp.com\/www.letourismeaparis.fr\/wp-content\/uploads\/2025\/02\/Capture-decran-2025-02-23-a-19.00.31.png?resize=350%2C200","width":350,"height":200},"classes":[]},{"id":26472,"url":"http:\/\/www.letourismeaparis.fr\/index.php\/2025\/10\/17\/drole-de-justiceexcellente-piece-au-theatre-de-passy\/","url_meta":{"origin":25902,"position":2},"title":"\u00ab\u00a0Dr\u00f4le de Justice\u00a0\u00bb,excellente pi\u00e8ce au Th\u00e9atre de Passy","author":"Fabienne TM","date":"17 octobre 2025","format":false,"excerpt":"Un vaudeville judiciaire de Jean-Marie Rouart qui fait une grande place \u00e0 l'humour. vous passerez une bonne soir\u00e9e.... De tr\u00e8s bons com\u00e9diens: Daniel Russo, Florence Darel ,Thibaut de Lussy, Baptiste Gonthier, Julie Savard, Eliott Cren... Mise en sc\u00e8ne : Daniel Colas Th\u00e9atre de Passy 95, rue de Passy Paris 75016\u2026","rel":"","context":"Dans &quot;Th\u00e9atre&quot;","block_context":{"text":"Th\u00e9atre","link":"http:\/\/www.letourismeaparis.fr\/index.php\/category\/spectacle\/theatre\/"},"img":{"alt_text":"","src":"","width":0,"height":0},"classes":[]},{"id":25585,"url":"http:\/\/www.letourismeaparis.fr\/index.php\/2024\/04\/13\/une-soiree-chez-offenbach-au-theatre-de-passy\/","url_meta":{"origin":25902,"position":3},"title":"Une soir\u00e9e chez Offenbach au Th\u00e9atre de Passy","author":"Fabienne TM","date":"13 avril 2024","format":false,"excerpt":"Une tr\u00e8s bonne soir\u00e9e chez Offenbach.Un spectacle lyrique et joyeux autour du g\u00e9nial Offenbach! De bons solistes\u00a0 vous attendent au Th\u00e9atre de Passy .Ils interpr\u00eatent notamment la vie parisienne, la belle H\u00e9l\u00e8ne, la P\u00e9richole, les contes d\u2019Hoffmann\u2026. Nous avons appr\u00e9ci\u00e9\u00a0 tout particuli\u00e8rement Nicolas Rigas, , Cl\u00e9mentine Decouture, , Guillaume Zhang,\u2014\u2026","rel":"","context":"Dans &quot;Concerts \/ Musique&quot;","block_context":{"text":"Concerts \/ Musique","link":"http:\/\/www.letourismeaparis.fr\/index.php\/category\/culture\/concerts-musique\/"},"img":{"alt_text":"","src":"https:\/\/i0.wp.com\/www.letourismeaparis.fr\/wp-content\/uploads\/2024\/04\/Capture-decran-2024-04-13-a-19.18.46.png?resize=350%2C200","width":350,"height":200},"classes":[]},{"id":25522,"url":"http:\/\/www.letourismeaparis.fr\/index.php\/2024\/03\/01\/revelations-au-theatre-de-passy-une-bonne-soiree\/","url_meta":{"origin":25902,"position":4},"title":"\u00ab\u00a0R\u00e9v\u00e9lations\u00a0\u00bb au Th\u00e9atre de Passy : une bonne soir\u00e9e !","author":"Fabienne TM","date":"1 mars 2024","format":false,"excerpt":"D'excellents com\u00e9diens nous parlent de situations de notre \u00e9poque : V\u00e9ronique Genest, Daniel Russo, Messaline Paillet et \u00c9douard Collin. Les r\u00e9v\u00e9lations sont surprenantes mais ne d\u00e9rapent pas trop.... Alice commence\u2026 Les parents s\u2019attendaient \u00e0 tout sauf \u00e0 \u00e7a..... leur fils continue puis les parents.....Chacun a son \u00ab jardin secret ....\u2026","rel":"","context":"Dans &quot;Th\u00e9atre&quot;","block_context":{"text":"Th\u00e9atre","link":"http:\/\/www.letourismeaparis.fr\/index.php\/category\/spectacle\/theatre\/"},"img":{"alt_text":"","src":"https:\/\/i0.wp.com\/www.letourismeaparis.fr\/wp-content\/uploads\/2024\/03\/Capture-decran-2024-03-01-a-16.26.21.png?resize=350%2C200","width":350,"height":200},"classes":[]},{"id":25177,"url":"http:\/\/www.letourismeaparis.fr\/index.php\/2023\/05\/31\/gaby-deslys-au-theatre-de-passy-un-tres-bon-spectacle\/","url_meta":{"origin":25902,"position":5},"title":"Gaby Deslys au th\u00e9atre de Passy : un tr\u00e8s bon spectacle !","author":"Fabienne TM","date":"31 mai 2023","format":false,"excerpt":"\u00a0Ce spectacle musical nous fait revivre le destin exceptionnel de Gaby Deslys, qui allait enflammer la sc\u00e8ne internationale du Music-hall, de Paris, Londres, New-York. \u00a0Audacieuse et novatrice elle osa par son style inimitable, son chant et ses danses, bousculer les codes du music-hall de la belle \u00e9poque, et fut la\u2026","rel":"","context":"Dans &quot;Com\u00e9die Musicale&quot;","block_context":{"text":"Com\u00e9die Musicale","link":"http:\/\/www.letourismeaparis.fr\/index.php\/category\/spectacle\/comedie-musicale\/"},"img":{"alt_text":"","src":"https:\/\/i0.wp.com\/www.letourismeaparis.fr\/wp-content\/uploads\/2023\/05\/Capture-decran-2023-05-31-a-17.44.50.png?resize=350%2C200","width":350,"height":200},"classes":[]}],"jetpack_sharing_enabled":true,"jetpack_likes_enabled":true,"_links":{"self":[{"href":"http:\/\/www.letourismeaparis.fr\/index.php\/wp-json\/wp\/v2\/posts\/25902","targetHints":{"allow":["GET"]}}],"collection":[{"href":"http:\/\/www.letourismeaparis.fr\/index.php\/wp-json\/wp\/v2\/posts"}],"about":[{"href":"http:\/\/www.letourismeaparis.fr\/index.php\/wp-json\/wp\/v2\/types\/post"}],"author":[{"embeddable":true,"href":"http:\/\/www.letourismeaparis.fr\/index.php\/wp-json\/wp\/v2\/users\/2"}],"replies":[{"embeddable":true,"href":"http:\/\/www.letourismeaparis.fr\/index.php\/wp-json\/wp\/v2\/comments?post=25902"}],"version-history":[{"count":2,"href":"http:\/\/www.letourismeaparis.fr\/index.php\/wp-json\/wp\/v2\/posts\/25902\/revisions"}],"predecessor-version":[{"id":25905,"href":"http:\/\/www.letourismeaparis.fr\/index.php\/wp-json\/wp\/v2\/posts\/25902\/revisions\/25905"}],"wp:featuredmedia":[{"embeddable":true,"href":"http:\/\/www.letourismeaparis.fr\/index.php\/wp-json\/wp\/v2\/media\/25904"}],"wp:attachment":[{"href":"http:\/\/www.letourismeaparis.fr\/index.php\/wp-json\/wp\/v2\/media?parent=25902"}],"wp:term":[{"taxonomy":"category","embeddable":true,"href":"http:\/\/www.letourismeaparis.fr\/index.php\/wp-json\/wp\/v2\/categories?post=25902"},{"taxonomy":"post_tag","embeddable":true,"href":"http:\/\/www.letourismeaparis.fr\/index.php\/wp-json\/wp\/v2\/tags?post=25902"}],"curies":[{"name":"wp","href":"https:\/\/api.w.org\/{rel}","templated":true}]}}