{"id":2596,"date":"2009-04-12T09:30:37","date_gmt":"2009-04-12T08:30:37","guid":{"rendered":"http:\/\/www.letourismeaparis.fr\/?p=2596"},"modified":"2009-04-12T09:30:37","modified_gmt":"2009-04-12T08:30:37","slug":"lesportes-du-ciel-au-louvre-visions-du-monde-dans-legypte-ancienne","status":"publish","type":"post","link":"http:\/\/www.letourismeaparis.fr\/index.php\/2009\/04\/12\/lesportes-du-ciel-au-louvre-visions-du-monde-dans-legypte-ancienne\/","title":{"rendered":"les&quot;Portes du ciel&quot; au Louvre, visions du monde dans l&#039;Egypte ancienne"},"content":{"rendered":"<p><strong>jusqu&rsquo;au 29-06-2009<\/strong><br \/>\n<span style=\"color: #ff0000;\">\u00ab Les Portes du Ciel \u00bb : visions du monde dans l\u2019\u00c9gypte ancienne<\/span><br \/>\n\u00ab\u00a0Dans la langue des anciens \u00c9gyptiens, \u00ab Les Portes du Ciel \u00bb d\u00e9signent les battants du tabernacle abritant la statue d\u2019une divinit\u00e9. Symbolisant le point de passage vers un autre monde, cette locution s\u2019applique \u00e9galement \u00e0 d\u2019autres \u00e9l\u00e9ments de l\u2019univers \u00e9gyptien.\u00a0\u00bb<!--more--><br \/>\n350 objets\u00a0 couvrent une p\u00e9riode de trois mill\u00e9naires, allant de l\u2019Ancien Empire \u00e0 l\u2019\u00e9poque romaine, les objets familiers\u00a0 sont replac\u00e9s dans leur contexte social, religieux et artistique.<br \/>\nune pr\u00e9sentation de l&rsquo;exposition aura lieu \u00e0 l&rsquo;<strong>auditorium du Louvre<\/strong> <strong>le lundi 9 mars \u00e0 12h30.<\/strong><br \/>\nDes guides multim\u00e9dia pour une visite en famille vous seront propos\u00e9s.<br \/>\n<a href=\"http:\/\/www.louvre.fr\">http:\/\/www.louvre.fr<\/a><\/p>\n<h2><a href=\"http:\/\/www.letourismeaparis.fr\"><strong><span style=\"color: #003300;\">http:\/\/www.letourismeaparis.fr<\/span><\/strong><\/a><\/h2>\n","protected":false},"excerpt":{"rendered":"<p>jusqu&rsquo;au 29-06-2009 \u00ab Les Portes du Ciel \u00bb : visions du monde dans l\u2019\u00c9gypte ancienne \u00ab\u00a0Dans la langue des anciens \u00c9gyptiens, \u00ab Les Portes du Ciel \u00bb d\u00e9signent les battants du tabernacle abritant la statue d\u2019une divinit\u00e9. Symbolisant le point&#8230;<\/p>\n","protected":false},"author":2,"featured_media":0,"comment_status":"open","ping_status":"open","sticky":false,"template":"","format":"standard","meta":{"ngg_post_thumbnail":0,"jetpack_post_was_ever_published":false,"_jetpack_newsletter_access":"","footnotes":""},"categories":[1],"tags":[],"class_list":["post-2596","post","type-post","status-publish","format-standard","hentry","category-non-classe"],"jetpack_featured_media_url":"","jetpack-related-posts":[{"id":2329,"url":"http:\/\/www.letourismeaparis.fr\/index.php\/2009\/03\/15\/les-portes-du-ciel-visions-du-monde-dans-legypte-ancienne\/","url_meta":{"origin":2596,"position":0},"title":"\u00ab Les Portes du Ciel \u00bb : visions du monde dans l\u2019\u00c9gypte ancienne","author":"Fabienne TM","date":"15 mars 2009","format":false,"excerpt":"jusqu'au 29-06-2009 \u00ab Les Portes du Ciel \u00bb : visions du monde dans l\u2019\u00c9gypte ancienne \"Dans la langue des anciens \u00c9gyptiens, \u00ab Les Portes du Ciel \u00bb d\u00e9signent les battants du tabernacle abritant la statue d\u2019une divinit\u00e9. Symbolisant le point de passage vers un autre monde, cette locution s\u2019applique \u00e9galement\u2026","rel":"","context":"Dans &quot;Non class\u00e9&quot;","block_context":{"text":"Non class\u00e9","link":"http:\/\/www.letourismeaparis.fr\/index.php\/category\/non-classe\/"},"img":{"alt_text":"","src":"","width":0,"height":0},"classes":[]},{"id":11685,"url":"http:\/\/www.letourismeaparis.fr\/index.php\/2012\/08\/17\/toutankhamon-son-tombeau-et-ses-tresors-une-exposition-spectaculaire-porte-de-versailles-a-partir-du-12-mai\/","url_meta":{"origin":2596,"position":1},"title":"\u00abToutankhamon, son Tombeau et ses Tr\u00e9sors\u00bb, une exposition spectaculaire Porte de Versailles  jusqu&#039;au 1 er septembre","author":"Fabienne TM","date":"17 ao\u00fbt 2012","format":false,"excerpt":"L\u2019exposition Toutankhamon r\u00e9volutionne la pr\u00e9sentation du patrimoine historique en g\u00e9n\u00e9ral, et de l\u2019\u00c9gypte ancienne en particulier. D\u2019une part, elle se distingue par l\u2019incomparable \u00e9ventail des tr\u00e9sors pr\u00e9sent\u00e9s: avec plus de 1.000 objets \u2013 des r\u00e9pliques strictement identiques aux originaux, r\u00e9alis\u00e9es sous supervision scientifique \u2013, \u00ab Toutankhamon, son Tombeau et ses\u2026","rel":"","context":"Dans &quot;Non class\u00e9&quot;","block_context":{"text":"Non class\u00e9","link":"http:\/\/www.letourismeaparis.fr\/index.php\/category\/non-classe\/"},"img":{"alt_text":"","src":"","width":0,"height":0},"classes":[]},{"id":22208,"url":"http:\/\/www.letourismeaparis.fr\/index.php\/2019\/03\/16\/toutankhamon-le-tresor-du-pharaon-a-partir-du-23-mars\/","url_meta":{"origin":2596,"position":2},"title":"Tout\u00e2nkhamon . Le Tr\u00e9sor du Pharaon \u00e0 partir du 23 mars","author":"Fabienne TM","date":"16 mars 2019","format":false,"excerpt":"Tout\u00e2nkhamon Le Tr\u00e9sor du Pharaon \u00a0\u201cLorsque mes yeux s\u2019habitu\u00e8rent \u00e0 la lumi\u00e8re, les d\u00e9tails de la pi\u00e8ce \u00e9merg\u00e8rent lentement de la p\u00e9nombre, des animaux \u00e9tranges, des statues et de l\u2019or, partout le scintillement de l\u2019or.\u201d Howard Carter Tout\u00e2nkhamon Le 4 novembre 1922, l\u2019arch\u00e9ologue britannique Howard Carter fait une d\u00e9couverte extraordinaire\u2026","rel":"","context":"Dans &quot;Mus\u00e9es \/ Expositions&quot;","block_context":{"text":"Mus\u00e9es \/ Expositions","link":"http:\/\/www.letourismeaparis.fr\/index.php\/category\/culture\/musees-expositions\/"},"img":{"alt_text":"","src":"","width":0,"height":0},"classes":[]},{"id":1893,"url":"http:\/\/www.letourismeaparis.fr\/index.php\/2009\/02\/10\/des-bandes-dessinees-au-musee-du-louvre\/","url_meta":{"origin":2596,"position":3},"title":"Des bandes dessin\u00e9es au mus\u00e9e du Louvre","author":"Fabienne TM","date":"10 f\u00e9vrier 2009","format":false,"excerpt":"jusqu'au 13 avril 2009 Les bandes dessin\u00e9es offrent\u00a0 une vision nouvelle et contemporaine sur le mus\u00e9e du Louvre. Elles permettent de faire d\u00e9couvrir au public une forme d\u2019expression artistique plus contemporaine. Vous verrez les diff\u00e9rentes m\u00e9thodes de travail, techniques et mat\u00e9riaux propres \u00e0 chaque auteur. la cr\u00e9ativit\u00e9 , le travail\u2026","rel":"","context":"Dans &quot;Non class\u00e9&quot;","block_context":{"text":"Non class\u00e9","link":"http:\/\/www.letourismeaparis.fr\/index.php\/category\/non-classe\/"},"img":{"alt_text":"","src":"","width":0,"height":0},"classes":[]},{"id":25103,"url":"http:\/\/www.letourismeaparis.fr\/index.php\/2023\/08\/25\/ramses-et-lor-des-pharaons\/","url_meta":{"origin":2596,"position":4},"title":"RAMS\u00c8S et L&rsquo;OR DES PHARAONS","author":"Fabienne TM","date":"25 ao\u00fbt 2023","format":false,"excerpt":"Au travers d'une sc\u00e9nographie innovante et immersive, toute la famille est plong\u00e9e dans l'univers de Rams\u00e8s II. Formidable constructeur, il a \u0153uvr\u00e9 \u00e0 la construction de grands monuments comme le temple d'Abou Simbel.\u00a0 Masques, cercueils, bijoux et m\u00eame momies d'animaux sont rassembl\u00e9s pour permettre \u00e0 tous d'en savoir plus sur\u2026","rel":"","context":"Dans &quot;Cultures du Monde&quot;","block_context":{"text":"Cultures du Monde","link":"http:\/\/www.letourismeaparis.fr\/index.php\/category\/culture\/musees-expositions\/cultures-du-monde\/"},"img":{"alt_text":"","src":"https:\/\/i0.wp.com\/www.letourismeaparis.fr\/wp-content\/uploads\/2023\/04\/Capture-decran-2023-04-11-a-16.42.01.png?resize=350%2C200","width":350,"height":200},"classes":[]},{"id":11043,"url":"http:\/\/www.letourismeaparis.fr\/index.php\/2011\/08\/29\/le-centre-culturel-degypte-presente-un-bon-programme-en-septembre\/","url_meta":{"origin":2596,"position":5},"title":"Le centre culturel d&#039;Egypte pr\u00e9sente un bon programme en septembre","author":"Fabienne TM","date":"29 ao\u00fbt 2011","format":false,"excerpt":"Des expositions\u00a0 l'\"Artisanat des jeunes \u00e9gyptiennes\", la semaine des cultures \u00e9trang\u00e8res\u00a0 et omar le ch\u00e9ri (bande dessin\u00e9e) , deux rencontres avec la musique\u00a0 la premi\u00e8re avec le compositeur et luthiste \u00e9gyptien Tarek Abdallah,le vendredi 16 septembre. La deuxi\u00e8me\u00a0 le vendredi 30 septembre, avec du Jazz oriental et le percussioniste \u00e9gyptien\u2026","rel":"","context":"Dans &quot;Non class\u00e9&quot;","block_context":{"text":"Non class\u00e9","link":"http:\/\/www.letourismeaparis.fr\/index.php\/category\/non-classe\/"},"img":{"alt_text":"","src":"","width":0,"height":0},"classes":[]}],"jetpack_sharing_enabled":true,"jetpack_likes_enabled":true,"_links":{"self":[{"href":"http:\/\/www.letourismeaparis.fr\/index.php\/wp-json\/wp\/v2\/posts\/2596","targetHints":{"allow":["GET"]}}],"collection":[{"href":"http:\/\/www.letourismeaparis.fr\/index.php\/wp-json\/wp\/v2\/posts"}],"about":[{"href":"http:\/\/www.letourismeaparis.fr\/index.php\/wp-json\/wp\/v2\/types\/post"}],"author":[{"embeddable":true,"href":"http:\/\/www.letourismeaparis.fr\/index.php\/wp-json\/wp\/v2\/users\/2"}],"replies":[{"embeddable":true,"href":"http:\/\/www.letourismeaparis.fr\/index.php\/wp-json\/wp\/v2\/comments?post=2596"}],"version-history":[{"count":0,"href":"http:\/\/www.letourismeaparis.fr\/index.php\/wp-json\/wp\/v2\/posts\/2596\/revisions"}],"wp:attachment":[{"href":"http:\/\/www.letourismeaparis.fr\/index.php\/wp-json\/wp\/v2\/media?parent=2596"}],"wp:term":[{"taxonomy":"category","embeddable":true,"href":"http:\/\/www.letourismeaparis.fr\/index.php\/wp-json\/wp\/v2\/categories?post=2596"},{"taxonomy":"post_tag","embeddable":true,"href":"http:\/\/www.letourismeaparis.fr\/index.php\/wp-json\/wp\/v2\/tags?post=2596"}],"curies":[{"name":"wp","href":"https:\/\/api.w.org\/{rel}","templated":true}]}}