{"id":25960,"date":"2025-01-09T17:45:00","date_gmt":"2025-01-09T16:45:00","guid":{"rendered":"http:\/\/www.letourismeaparis.fr\/?p=25960"},"modified":"2025-01-09T17:37:46","modified_gmt":"2025-01-09T16:37:46","slug":"le-musee-du-vin-son-musee-ses-cours-doenologieses-animations","status":"publish","type":"post","link":"http:\/\/www.letourismeaparis.fr\/index.php\/2025\/01\/09\/le-musee-du-vin-son-musee-ses-cours-doenologieses-animations\/","title":{"rendered":"Le M.Mus\u00e9e du Vin , son mus\u00e9e, ses cours d&rsquo;oenologie,ses animations &#8230;.2025"},"content":{"rendered":"\n<p><strong>La Sc\u00e8ne du M : Un Rendez-vous Musical Hebdomadaire<\/strong><\/p>\n\n\n\n<p>La sc\u00e8ne du M accueille un programme riche et vari\u00e9 de concerts et de performances. Cette nouvelle plateforme culturelle met en lumi\u00e8re des artistes de renomm\u00e9e internationale tout en restant fid\u00e8le \u00e0 l\u2019intimit\u00e9 et au charme de son cadre historique.<\/p>\n\n\n\n<p>\u00c0 partir de 2025, un vendredi par mois sera d\u00e9di\u00e9 au jazz avec une programmation exceptionnelle.<\/p>\n\n\n\n<p><strong>Programmation Jazz 2025 :<\/strong><strong>&nbsp;&#8211;<\/strong><\/p>\n\n\n\n<p><strong>Le 17 janvier 2025&nbsp;<\/strong>: la formation&nbsp;<strong>Bobun Jazz Project<\/strong>, nouveau quartet parisien au m\u00e9lange \u00e9pic\u00e9 de Jazz et de Soul, investit la sc\u00e8ne du M.<\/p>\n\n\n\n<p>Leurs parcours musicaux (Funk, Soul, R&amp;B, Jazz, Pop\/ Rock) les ont&nbsp;conduits \u00e0 se produire au \u00ab&nbsp;<strong>Petit Journal Montparnasse<\/strong>&nbsp;\u00bb, au \u00ab&nbsp;<strong>Badaboum<\/strong>&nbsp;\u00bb,<\/p>\n\n\n\n<p>au \u00ab&nbsp;<strong>Social Club<\/strong>&nbsp;\u00bb et au \u00ab&nbsp;<strong>Caveau des oubliettes<\/strong>&nbsp;\u00bb.<\/p>\n\n\n\n<p><strong>Place de concert + Entr\u00e9e libre au Mus\u00e9e du Vin&nbsp;: 17\u20ac<\/strong><\/p>\n\n\n\n<p><strong>De 20h \u00e0 1h.<\/strong><\/p>\n\n\n\n<p><strong>Le 24 janvier 2025 : Ronald Baker Quartet<\/strong>, le trompettiste et chanteur de Baltimore \u00e9voque Nat King Cole et Freddie Hubbard, offrant des performances chaleureuses et riches en swing.&nbsp;<\/p>\n\n\n\n<p><strong>Le 21 f\u00e9vrier 2025 : Michele Hendricks Quartet,&nbsp;<\/strong>h\u00e9riti\u00e8re de Jon Hendricks, cette reine du scat illumine la sc\u00e8ne avec un jazz vocal authentique et vibrant.<\/p>\n\n\n\n<p><strong>Le 21 mars 2025 : Ricky Ford Quartet<\/strong>, g\u00e9ant du saxophone, Ricky Ford livre des performances puissantes et m\u00e9lodiques.<\/p>\n\n\n\n<p><strong>Le 25 avril 2025 : Dmitry Baevsky Quartet<\/strong>, le jeune prodige du saxophone alto offre une musique m\u00e9lodique et pleine d\u2019\u00e9nergie.<\/p>\n\n\n\n<p><strong>Le 9 mai 2025 : Sara Lazarus Quartet<\/strong>, laur\u00e9ate du concours Thelonious Monk, Sara Lazarus propose des interpr\u00e9tations enthousiasmantes de standards de jazz.<\/p>\n\n\n\n<p><strong>Le 23 mai 2025 : Michel Pastre Quartet<\/strong>, le saxophoniste fran\u00e7ais allie tradition et modernit\u00e9 avec une sonorit\u00e9 unique et ravageuse.<\/p>\n\n\n\n<hr class=\"wp-block-separator has-alpha-channel-opacity\"\/>\n\n\n\n<p>Le M. Mus\u00e9e du vin est un tr\u00e9sor du patrimoine parisien.Ses caves vo\u00fbt\u00e9es du 15e si\u00e8cle, autrefois utilis\u00e9es par l\u2019abbaye de Passy, ont \u00e9t\u00e9 r\u00e9cemment r\u00e9nov\u00e9es et modernis\u00e9es et abritent aujourd\u2019hui diff\u00e9rentes salles, son restaurant, un lounge bar, une collection impressionnante de vins et plus de 2000 objets li\u00e9s \u00e0 la viticulture dans son mus\u00e9e.<\/p>\n\n\n\n<hr class=\"wp-block-separator has-alpha-channel-opacity\"\/>\n\n\n\n<p>Le chef Valentin N\u00e9raudeau prend la direction du restaurant Le M. situ\u00e9 au c\u0153ur du Mus\u00e9e du vin, apportant son expertise et sa cr\u00e9ativit\u00e9 \u00e0 ce lieu embl\u00e9matique.<\/p>\n\n\n\n<p>Les visiteurs peuvent aussi y suivre des cours de d\u00e9gustation pour d\u00e9couvrir les subtilit\u00e9s des accords mets-vins.<\/p>\n\n\n\n<hr class=\"wp-block-separator has-alpha-channel-opacity\"\/>\n\n\n\n<p>Tous les vendredis soir, le restaurant se transforme en un lieu festif avec DJ et performances d\u2019artistes, faisant du M. un espace de rencontres et de d\u00e9couvertes culturelles unique \u00e0 Paris.<\/p>\n\n\n\n<p> Mus\u00e9e du vin<\/p>\n\n\n\n<p>5 square Charles Dickens<\/p>\n\n\n\n<p>75016 \u2013 Paris<\/p>\n\n\n\n<p>Du mercredi au samedi de 12h \u00e0 15h et le<\/p>\n\n\n\n<p>vendredi soir de 20h00 \u00e0 1h30<\/p>\n","protected":false},"excerpt":{"rendered":"<p>La Sc\u00e8ne du M : Un Rendez-vous Musical Hebdomadaire La sc\u00e8ne du M accueille un programme riche et vari\u00e9 de concerts et de performances. Cette nouvelle plateforme culturelle met en lumi\u00e8re des artistes de renomm\u00e9e internationale tout en restant fid\u00e8le&#8230;<\/p>\n","protected":false},"author":2,"featured_media":25964,"comment_status":"open","ping_status":"open","sticky":false,"template":"","format":"standard","meta":{"ngg_post_thumbnail":0,"jetpack_post_was_ever_published":false,"_jetpack_newsletter_access":"","footnotes":""},"categories":[379,30,27,380],"tags":[],"class_list":["post-25960","post","type-post","status-publish","format-standard","has-post-thumbnail","hentry","category-cuisine","category-gastronomie","category-musees-expositions","category-oenologie"],"jetpack_featured_media_url":"http:\/\/www.letourismeaparis.fr\/wp-content\/uploads\/2024\/12\/LeMMuseeduVin-1.jpeg","jetpack-related-posts":[{"id":26205,"url":"http:\/\/www.letourismeaparis.fr\/index.php\/2025\/05\/19\/betty-a-la-comedie-saint-michel\/","url_meta":{"origin":25960,"position":0},"title":"\u00ab\u00a0Betty\u00a0\u00bb \u00e0 la Com\u00e9die Saint-Michel","author":"Fabienne TM","date":"19 mai 2025","format":false,"excerpt":"Un spectacle divertissant tout public\u00a0! Une com\u00e9die musicale p\u00e9tillante sur fond de Jazz ! Une am\u00e9ricaine de New-york \u00a0arrive \u00e0 Paris \u00e0 l\u2019\u00e2ge de 20 ans. Elle n\u2019en est plus jamais repartie. Elle adore les Fran\u00e7ais et leur culture lib\u00e9r\u00e9e, ainsi que la beaut\u00e9 et l\u2019histoire de Paris. \u00a0Elle aime\u2026","rel":"","context":"Dans &quot;Th\u00e9atre&quot;","block_context":{"text":"Th\u00e9atre","link":"http:\/\/www.letourismeaparis.fr\/index.php\/category\/spectacle\/theatre\/"},"img":{"alt_text":"","src":"","width":0,"height":0},"classes":[]},{"id":3931,"url":"http:\/\/www.letourismeaparis.fr\/index.php\/2009\/08\/30\/jazz-a-la-villette-du-1er-au-13-septembre-pour-petits-et-grands\/","url_meta":{"origin":25960,"position":1},"title":"Jazz \u00e0 la Villette du 1er au 13 septembre pour petits et grands","author":"Fabienne TM","date":"30 ao\u00fbt 2009","format":false,"excerpt":"Du 1er au 13 septembre 2009 Hank Jones, Ahmad Jamal, Ornette Coleman, Ron Carter, Seun Kuti, Amadou & Mariam, De la Soul, Yael Naim, John Zorn et Jazz \u00e0 la Villette for Kids !Samedi 5 Septembre 11h Conte musical d\u2019apr\u00e8s Pierre et le Loup par Fran\u00e7ois Jeanneau Pandemonium. l\u2019oeuvre de\u2026","rel":"","context":"Dans &quot;Non class\u00e9&quot;","block_context":{"text":"Non class\u00e9","link":"http:\/\/www.letourismeaparis.fr\/index.php\/category\/non-classe\/"},"img":{"alt_text":"","src":"","width":0,"height":0},"classes":[]},{"id":18557,"url":"http:\/\/www.letourismeaparis.fr\/index.php\/2016\/08\/24\/des-concerts-en-plein-air-dans-le-xieme\/","url_meta":{"origin":25960,"position":2},"title":"Des concerts en plein air dans le XI\u00e8me","author":"Fabienne TM","date":"24 ao\u00fbt 2016","format":false,"excerpt":"Des concerts en plein air Pour finir l\u2019\u00e9t\u00e9 en beaut\u00e9 et profiter des derniers rayons du soleil, trois concerts gratuits en plein air sont organis\u00e9s. C\u00f4t\u00e9 programmation, cette \u00e9dition des Estivales musicales fera une fois de plus la part belle \u00e0 l\u2019\u00e9clectisme mixant aussi bien le jazz, l\u2019\u00e9lectro, la pop\u2026","rel":"","context":"Dans &quot;Musique&quot;","block_context":{"text":"Musique","link":"http:\/\/www.letourismeaparis.fr\/index.php\/category\/culture\/concerts-musique\/musique\/"},"img":{"alt_text":"","src":"","width":0,"height":0},"classes":[]},{"id":10512,"url":"http:\/\/www.letourismeaparis.fr\/index.php\/2011\/07\/21\/jazz-au-bois-de-vincennes-du-11-juin-au-30-juillet\/","url_meta":{"origin":25960,"position":3},"title":"Jazz au bois de Vincennes  jusqu&#039;au 30 juillet","author":"Fabienne TM","date":"21 juillet 2011","format":false,"excerpt":"Cet \u00e9t\u00e9, la fine fleur du jazz international se retrouve au c\u0153ur du Parc Floral de Paris pour le Paris Jazz Festival. Cette nouvelle \u00e9dition propose 31 concerts en plein air sur la grande sc\u00e8ne du Delta. Un programme qui met \u00e0 l\u2019honneur l\u2019Am\u00e9rique et pr\u00e9sente, chaque week-end le jazz\u2026","rel":"","context":"Dans &quot;Non class\u00e9&quot;","block_context":{"text":"Non class\u00e9","link":"http:\/\/www.letourismeaparis.fr\/index.php\/category\/non-classe\/"},"img":{"alt_text":"","src":"","width":0,"height":0},"classes":[]},{"id":11893,"url":"http:\/\/www.letourismeaparis.fr\/index.php\/2012\/09\/03\/jazz-a-la-villette-2\/","url_meta":{"origin":25960,"position":4},"title":"Jazz \u00e0 la Villette","author":"Fabienne TM","date":"3 septembre 2012","format":false,"excerpt":"Larry Graham & Graham Central Station 1\u00e8re partie Anthony Joseph & The Spasm Band MARDI 4 SEPTEMBRE \/ 20H GRANDE HALLE DE LA VILLETTE A 65 ans pass\u00e9s, le mythique musicien n\u2019a gu\u00e8re perdu de sa verve groovy et de sa virtuosit\u00e9 l\u00e9gendaire. Larry Graham nous proposera l\u00e0 un funk\u2026","rel":"","context":"Dans &quot;Festivals \/ Manifestations&quot;","block_context":{"text":"Festivals \/ Manifestations","link":"http:\/\/www.letourismeaparis.fr\/index.php\/category\/spectacle\/festival\/"},"img":{"alt_text":"","src":"","width":0,"height":0},"classes":[]},{"id":261,"url":"http:\/\/www.letourismeaparis.fr\/index.php\/2008\/07\/19\/jazz-au-parc-floral-de-vincennes-19-et-20-juillet\/","url_meta":{"origin":25960,"position":5},"title":"Jazz au Parc floral de Vincennes  les 19 et 20 juillet","author":"Fabienne TM","date":"19 juillet 2008","format":false,"excerpt":"Paris Advisor Le Tourisme \u00e0 Paris SAMEDI 19 JUILLET Angelique KIDJO Concert \u00e0 16h30 Ang\u00e9lique Kidjo, originaire du B\u00e9nin, est aujourd'hui un ph\u00e9nom\u00e8ne international dont chaque apparition est toujours un \u00e9v\u00e9nement ! DIMANCHE 20 JUILLET Raoul MIDON Concert \u00e0 15h00 Une personnalit\u00e9 incontournable de la sc\u00e8ne soul jazz, Une voix\u2026","rel":"","context":"Dans &quot;Non class\u00e9&quot;","block_context":{"text":"Non class\u00e9","link":"http:\/\/www.letourismeaparis.fr\/index.php\/category\/non-classe\/"},"img":{"alt_text":"","src":"","width":0,"height":0},"classes":[]}],"jetpack_sharing_enabled":true,"jetpack_likes_enabled":true,"_links":{"self":[{"href":"http:\/\/www.letourismeaparis.fr\/index.php\/wp-json\/wp\/v2\/posts\/25960","targetHints":{"allow":["GET"]}}],"collection":[{"href":"http:\/\/www.letourismeaparis.fr\/index.php\/wp-json\/wp\/v2\/posts"}],"about":[{"href":"http:\/\/www.letourismeaparis.fr\/index.php\/wp-json\/wp\/v2\/types\/post"}],"author":[{"embeddable":true,"href":"http:\/\/www.letourismeaparis.fr\/index.php\/wp-json\/wp\/v2\/users\/2"}],"replies":[{"embeddable":true,"href":"http:\/\/www.letourismeaparis.fr\/index.php\/wp-json\/wp\/v2\/comments?post=25960"}],"version-history":[{"count":7,"href":"http:\/\/www.letourismeaparis.fr\/index.php\/wp-json\/wp\/v2\/posts\/25960\/revisions"}],"predecessor-version":[{"id":25990,"href":"http:\/\/www.letourismeaparis.fr\/index.php\/wp-json\/wp\/v2\/posts\/25960\/revisions\/25990"}],"wp:featuredmedia":[{"embeddable":true,"href":"http:\/\/www.letourismeaparis.fr\/index.php\/wp-json\/wp\/v2\/media\/25964"}],"wp:attachment":[{"href":"http:\/\/www.letourismeaparis.fr\/index.php\/wp-json\/wp\/v2\/media?parent=25960"}],"wp:term":[{"taxonomy":"category","embeddable":true,"href":"http:\/\/www.letourismeaparis.fr\/index.php\/wp-json\/wp\/v2\/categories?post=25960"},{"taxonomy":"post_tag","embeddable":true,"href":"http:\/\/www.letourismeaparis.fr\/index.php\/wp-json\/wp\/v2\/tags?post=25960"}],"curies":[{"name":"wp","href":"https:\/\/api.w.org\/{rel}","templated":true}]}}