{"id":25993,"date":"2025-02-13T17:39:12","date_gmt":"2025-02-13T16:39:12","guid":{"rendered":"http:\/\/www.letourismeaparis.fr\/?p=25993"},"modified":"2025-02-13T17:39:18","modified_gmt":"2025-02-13T16:39:18","slug":"dolce-gabana-au-grand-palais-du-coeur-a-la-main-une-exposition-extraordinaire","status":"publish","type":"post","link":"http:\/\/www.letourismeaparis.fr\/index.php\/2025\/02\/13\/dolce-gabana-au-grand-palais-du-coeur-a-la-main-une-exposition-extraordinaire\/","title":{"rendered":"Dolce &amp; Gabana au Grand Palais, \u00ab\u00a0Du coeur \u00e0 la main\u00a0\u00bb une exposition extraordinaire !"},"content":{"rendered":"\n<p>Dix salles somptueuses vous feront d\u00e9couvrir les cr\u00e9ations embl\u00e9matiques de Domenico Dolce et Stefano Gabbana.L\u2019exposition  propose une exploration immersive au coeur de ses collections de mode de luxe : un enchantement&#8230;<\/p>\n\n\n\n<hr class=\"wp-block-separator has-alpha-channel-opacity\"\/>\n\n\n\n<p>Vous d\u00e9couvrirez  les sources qui  ont inspir\u00e9  les designers et  admirerez  le savoir-faire minutieux  et fabuleux qui  a donn\u00e9  vie aux pi\u00e8ces finales, incarnant les valeurs du \u201cFatto a Mano\u201d \u2013 fait \u00e0 la main.<\/p>\n\n\n\n<p>Pr\u00e9sentant des pi\u00e8ces uniques issues des collections Alta Moda, Alta Sartoria et Alta Gioielleria, chaque salle de l\u2019exposition met en sc\u00e8ne les cr\u00e9ations sur mesure de Dolce&amp;Gabbana, dans un d\u00e9cor d\u2019installations spectaculaires qui vous plongent au c\u0153ur de leur univers.<\/p>\n\n\n\n<p><\/p>\n\n\n\n<p>Les vastes sources d\u2019inspiration de Dolce&amp;Gabbana se d\u00e9voilent \u00e0 mesure que vous parcourez les salles, chacune rendant hommage \u00e0 une facette de la culture italienne qui a nourri leur travail.<\/p>\n\n\n\n<p>De l\u2019art \u00e0 l\u2019architecture, des cultures r\u00e9gionales \u00e0 la musique, du ballet \u00e0 l\u2019op\u00e9ra, chaque th\u00e8me refl\u00e8te l\u2019amour profond des deux fondateurs pour l\u2019artisanat traditionnel, leur h\u00e9ritage italien et leur passion pour la \u00ab dolce vita \u00bb.<\/p>\n\n\n\n<p> jusqu&rsquo;au 31 mars , tous les jours 10h\/19h30.   jeudi jusqu&rsquo;\u00e0 22h<\/p>\n\n\n\n<p>Grand Palais Paris 75008<\/p>\n\n\n\n<p> entr\u00e9e Cl\u00e9menceau<\/p>\n\n\n\n<p><a href=\"http:\/\/expositiondolcegabbana.com\">expositiondolcegabbana.com<\/a><\/p>\n\n\n\n<p><\/p>\n\n\n\n<p><\/p>\n\n\n\n<p>image  Mariano Vivanco<\/p>\n","protected":false},"excerpt":{"rendered":"<p>Dix salles somptueuses vous feront d\u00e9couvrir les cr\u00e9ations embl\u00e9matiques de Domenico Dolce et Stefano Gabbana.L\u2019exposition propose une exploration immersive au coeur de ses collections de mode de luxe : un enchantement&#8230; Vous d\u00e9couvrirez les sources qui ont inspir\u00e9 les designers&#8230;<\/p>\n","protected":false},"author":2,"featured_media":25997,"comment_status":"open","ping_status":"open","sticky":false,"template":"","format":"standard","meta":{"ngg_post_thumbnail":0,"jetpack_post_was_ever_published":false,"_jetpack_newsletter_access":"","footnotes":""},"categories":[2,9,363,20,372,370,368,36,27,1],"tags":[],"class_list":["post-25993","post","type-post","status-publish","format-standard","has-post-thumbnail","hentry","category-actualite","category-beaux-arts","category-culture","category-cultures-du-monde","category-haute-couture","category-immersif","category-joaillerie","category-luxe","category-musees-expositions","category-non-classe"],"jetpack_featured_media_url":"http:\/\/www.letourismeaparis.fr\/wp-content\/uploads\/2025\/01\/Capture-decran-2025-01-10-a-18.24.16-1.png","jetpack-related-posts":[{"id":26448,"url":"http:\/\/www.letourismeaparis.fr\/index.php\/2025\/10\/03\/1925-2025-cent-ans-dart-deco-au-musee-des-arts-decoratifs\/","url_meta":{"origin":25993,"position":0},"title":"1925-2025. Cent ans d\u2019Art d\u00e9co au mus\u00e9e des arts d\u00e9coratifs : Exceptionnel !","author":"Fabienne TM","date":"3 octobre 2025","format":false,"excerpt":"jusqu' au 26 avril 2026 Mobilier sculptural, bijoux pr\u00e9cieux(Boucheron, Cartier...) objets d\u2019art, dessins, affiches et pi\u00e8ces de mode : pr\u00e8s de 1 000 \u0153uvres raconteront la richesse, l\u2019\u00e9l\u00e9gance et les contradictions d\u2019un style qui continue de fasciner. Un style audacieux, raffin\u00e9 et r\u00e9solument moderne.Sc\u00e9nographie immersive, mat\u00e9riaux somptueux, formes stylis\u00e9es et\u2026","rel":"","context":"Dans &quot;Art-Contemporain&quot;","block_context":{"text":"Art-Contemporain","link":"http:\/\/www.letourismeaparis.fr\/index.php\/category\/culture\/musees-expositions\/art-contemporain\/"},"img":{"alt_text":"","src":"https:\/\/i0.wp.com\/www.letourismeaparis.fr\/wp-content\/uploads\/2025\/10\/Capture-decran-2025-10-03-a-14.32.22.png?resize=350%2C200","width":350,"height":200},"classes":[]},{"id":26213,"url":"http:\/\/www.letourismeaparis.fr\/index.php\/2025\/05\/20\/revelations-au-grand-palais-du-21-au-25-mai\/","url_meta":{"origin":25993,"position":1},"title":"\u00ab\u00a0R\u00e9v\u00e9lations\u00a0\u00bb au Grand Palais du 21 au 25 mai","author":"Fabienne TM","date":"20 mai 2025","format":false,"excerpt":"Biennale internationale des m\u00e9tiers d'art et de la cr\u00e9ation. Organis\u00e9 par Ateliers d'Art de France, R\u00e9v\u00e9lations est un v\u00e9ritable carrefour d'\u00e9changes, o\u00f9 cr\u00e9ateurs et visiteurs dialoguent, s'enrichissent mutuellement et puisent leurs inspirations. Cr\u00e9ateurs et professionnels - architectes, d\u00e9corateurs, directeurs artistiques, galeristes, conservateurs - c\u00f4toient collectionneurs et passionn\u00e9s. La biennale propose\u2026","rel":"","context":"Dans &quot;Artisanat&quot;","block_context":{"text":"Artisanat","link":"http:\/\/www.letourismeaparis.fr\/index.php\/category\/culture\/musees-expositions\/artisanat\/"},"img":{"alt_text":"","src":"https:\/\/i0.wp.com\/www.letourismeaparis.fr\/wp-content\/uploads\/2025\/05\/Capture-decran-2025-05-20-a-15.49.28.png?resize=350%2C200","width":350,"height":200},"classes":[]},{"id":14230,"url":"http:\/\/www.letourismeaparis.fr\/index.php\/2013\/11\/19\/frimousses-de-createurs-un-evenement-incontournable-au-petit-palais-entree-gratuite-et-au-four-seasons\/","url_meta":{"origin":25993,"position":2},"title":"&quot; Frimousses de Cr\u00e9ateurs &quot;, un \u00e9v\u00e8nement incontournable ! au petit Palais( entr\u00e9e gratuite) et au Four Seasons","author":"Fabienne TM","date":"19 novembre 2013","format":false,"excerpt":"\" Frimousses de Cr\u00e9ateurs \", un \u00e9v\u00e8nement incontournable ! \" Frimousses de Cr\u00e9ateurs \" r\u00e9unit depuis 11 ans les plus grands Cr\u00e9ateurs de Mode, des Artistes de renom, des Joailliers, des Designers autour d\u2019un but commun : apporter une aide concr\u00e8te aux enfants du Darfour, 1\u00e8res victimes d\u2019une crise humanitaire\u2026","rel":"","context":"Dans &quot;Non class\u00e9&quot;","block_context":{"text":"Non class\u00e9","link":"http:\/\/www.letourismeaparis.fr\/index.php\/category\/non-classe\/"},"img":{"alt_text":"","src":"","width":0,"height":0},"classes":[]},{"id":26343,"url":"http:\/\/www.letourismeaparis.fr\/index.php\/2025\/09\/20\/louis-vuitton-art-deco-une-nouvelle-exposition-gratuite-a-paris\/","url_meta":{"origin":25993,"position":3},"title":"\u00ab\u00a0Louis Vuitton Art D\u00e9co\u00a0\u00bb, une nouvelle exposition( gratuite) \u00e0 Paris.","author":"Fabienne TM","date":"20 septembre 2025","format":false,"excerpt":"\u00c0 l\u2019occasion du centenaire de l\u2019Exposition internationale des Arts d\u00e9coratifs et industriels modernes, une exp\u00e9rience immersive retrace les d\u00e9buts du mouvement Art d\u00e9co et rend hommage \u00e0 Louis Vuitton . \"\u00a0Louis Vuitton Art D\u00e9co\" d\u00e9bute jeudi 25 septembre dans son espace LV Dream . Vuitton avait un stand lors de\u2026","rel":"","context":"Dans &quot;Beaux arts&quot;","block_context":{"text":"Beaux arts","link":"http:\/\/www.letourismeaparis.fr\/index.php\/category\/culture\/musees-expositions\/beaux-arts\/"},"img":{"alt_text":"","src":"https:\/\/i0.wp.com\/www.letourismeaparis.fr\/wp-content\/uploads\/2025\/09\/Capture-decran-2025-09-20-a-17.20.02.png?resize=350%2C200","width":350,"height":200},"classes":[]},{"id":24831,"url":"http:\/\/www.letourismeaparis.fr\/index.php\/2022\/10\/04\/le-merveilleux-joaillier-fred-au-palais-de-tokyo\/","url_meta":{"origin":25993,"position":4},"title":"Le merveilleux joaillier Fred au Palais de Tokyo","author":"Fabienne TM","date":"4 octobre 2022","format":false,"excerpt":"Cet Automne, la Maison FRED ouvre les portes de sa premi\u00e8re exposition r\u00e9trospective : \u201cFRED Joaillier cr\u00e9ateur depuis 1936\u201d. FRED vous invite \u00e0 plonger dans son univers solaire et sa joaillerie gorg\u00e9e de lumi\u00e8re et de joie de vivre, lors d\u2019un parcours immersif inspir\u00e9 par la vie et la personnalit\u00e9\u2026","rel":"","context":"Dans &quot;Culture&quot;","block_context":{"text":"Culture","link":"http:\/\/www.letourismeaparis.fr\/index.php\/category\/culture\/"},"img":{"alt_text":"","src":"https:\/\/i0.wp.com\/www.letourismeaparis.fr\/wp-content\/uploads\/2022\/10\/Capture-d%E2%80%99e%CC%81cran-2022-10-04-a%CC%80-17.24.32.png?resize=350%2C200","width":350,"height":200,"srcset":"https:\/\/i0.wp.com\/www.letourismeaparis.fr\/wp-content\/uploads\/2022\/10\/Capture-d%E2%80%99e%CC%81cran-2022-10-04-a%CC%80-17.24.32.png?resize=350%2C200 1x, https:\/\/i0.wp.com\/www.letourismeaparis.fr\/wp-content\/uploads\/2022\/10\/Capture-d%E2%80%99e%CC%81cran-2022-10-04-a%CC%80-17.24.32.png?resize=525%2C300 1.5x, https:\/\/i0.wp.com\/www.letourismeaparis.fr\/wp-content\/uploads\/2022\/10\/Capture-d%E2%80%99e%CC%81cran-2022-10-04-a%CC%80-17.24.32.png?resize=700%2C400 2x"},"classes":[]},{"id":3766,"url":"http:\/\/www.letourismeaparis.fr\/index.php\/2010\/09\/24\/festival-classique-au-vert-au-parc-floral-de-vincennes-des-concerts-en-fin-de-semaine\/","url_meta":{"origin":25993,"position":5},"title":"Festival classique au vert au parc floral de Vincennes les 25 et 26 septembre","author":"Fabienne TM","date":"24 septembre 2010","format":false,"excerpt":"le festival Classique au Vert s\u00e9duit un public attir\u00e9 par le cadre enchanteur du Parc floral, la programmation, l\u2019ambiance attentive et conviviale des concerts et des animations.\u00a0 Samedi 25 septembre Cordes, guitare et s\u00e9r\u00e9nades Trio Alta Marc Viellefon violon \u00c9ric Sobczyk guitare Igor Kiritchenko violoncelle Haydn, Giuliani, Paganini, Kreisler Dimanche\u2026","rel":"","context":"Dans &quot;Non class\u00e9&quot;","block_context":{"text":"Non class\u00e9","link":"http:\/\/www.letourismeaparis.fr\/index.php\/category\/non-classe\/"},"img":{"alt_text":"","src":"","width":0,"height":0},"classes":[]}],"jetpack_sharing_enabled":true,"jetpack_likes_enabled":true,"_links":{"self":[{"href":"http:\/\/www.letourismeaparis.fr\/index.php\/wp-json\/wp\/v2\/posts\/25993","targetHints":{"allow":["GET"]}}],"collection":[{"href":"http:\/\/www.letourismeaparis.fr\/index.php\/wp-json\/wp\/v2\/posts"}],"about":[{"href":"http:\/\/www.letourismeaparis.fr\/index.php\/wp-json\/wp\/v2\/types\/post"}],"author":[{"embeddable":true,"href":"http:\/\/www.letourismeaparis.fr\/index.php\/wp-json\/wp\/v2\/users\/2"}],"replies":[{"embeddable":true,"href":"http:\/\/www.letourismeaparis.fr\/index.php\/wp-json\/wp\/v2\/comments?post=25993"}],"version-history":[{"count":3,"href":"http:\/\/www.letourismeaparis.fr\/index.php\/wp-json\/wp\/v2\/posts\/25993\/revisions"}],"predecessor-version":[{"id":26002,"href":"http:\/\/www.letourismeaparis.fr\/index.php\/wp-json\/wp\/v2\/posts\/25993\/revisions\/26002"}],"wp:featuredmedia":[{"embeddable":true,"href":"http:\/\/www.letourismeaparis.fr\/index.php\/wp-json\/wp\/v2\/media\/25997"}],"wp:attachment":[{"href":"http:\/\/www.letourismeaparis.fr\/index.php\/wp-json\/wp\/v2\/media?parent=25993"}],"wp:term":[{"taxonomy":"category","embeddable":true,"href":"http:\/\/www.letourismeaparis.fr\/index.php\/wp-json\/wp\/v2\/categories?post=25993"},{"taxonomy":"post_tag","embeddable":true,"href":"http:\/\/www.letourismeaparis.fr\/index.php\/wp-json\/wp\/v2\/tags?post=25993"}],"curies":[{"name":"wp","href":"https:\/\/api.w.org\/{rel}","templated":true}]}}